{"id":1108511,"date":"2026-06-20T12:05:18","date_gmt":"2026-06-20T12:05:18","guid":{"rendered":"https:\/\/www.europesays.com\/de\/1108511\/"},"modified":"2026-06-20T12:05:18","modified_gmt":"2026-06-20T12:05:18","slug":"diplomat-heusgen-damit-laeuft-deutschland-leider-in-eine-sackgasse","status":"publish","type":"post","link":"https:\/\/www.europesays.com\/de\/1108511\/","title":{"rendered":"Diplomat Heusgen: &#8222;Damit l\u00e4uft Deutschland leider in eine Sackgasse&#8220;"},"content":{"rendered":"<p><img loading=\"lazy\" src=\"https:\/\/www.t-online.de\/s\/paper\/_next\/static\/media\/audio-volume.6689034c.svg\" alt=\"\" title=\"\" class=\"block h-[calc(var(--height)_\/_16_*_1rem)] w-[calc(var(--width)_\/_16_*_1rem)] max-w-none group-hover:brightness-0 group-hover:invert\" style=\"--width:16;--height:16\" decoding=\"async\"\/>Vorlesen<\/p>\n<p>Aktuelle Zeit:0:00Gesamtdauer:0:00<\/p>\n<p>1x<\/p>\n<p class=\"text-center\">Jetzt neu bei t-online:<\/p>\n<p class=\"text-center\">Schriftgr\u00f6\u00dfe anpassen!<\/p>\n<p><img loading=\"lazy\" src=\"https:\/\/www.t-online.de\/s\/paper\/_next\/static\/media\/font-sizes.32942e33.svg\" alt=\"\" title=\"\" class=\"block h-[calc(var(--height)_\/_16_*_1rem)] w-[calc(var(--width)_\/_16_*_1rem)] max-w-none group-hover:hidden group-aria-expanded:hidden\" style=\"--width:16;--height:16\" decoding=\"async\"\/><img loading=\"lazy\" src=\"https:\/\/www.t-online.de\/s\/paper\/_next\/static\/media\/font-sizes-dark-mode.e382645c.svg\" alt=\"\" title=\"\" class=\"block h-[calc(var(--height)_\/_16_*_1rem)] w-[calc(var(--width)_\/_16_*_1rem)] max-w-none hidden group-hover:block group-aria-expanded:block\" style=\"--width:16;--height:16\" decoding=\"async\"\/><img loading=\"lazy\" src=\"https:\/\/www.t-online.de\/s\/paper\/_next\/static\/media\/sharing-menu-icon.1eb71368.svg\" alt=\"\" title=\"\" class=\"block h-[calc(var(--height)_\/_16_*_1rem)] w-[calc(var(--width)_\/_16_*_1rem)] max-w-none group-hover:brightness-0 group-hover:invert\" style=\"--width:16;--height:16\" decoding=\"async\"\/>Artikel teilen<\/p>\n<p class=\"font-bold text-18 leading-17 user-text-lg:text-22 user-text-xl:text-24\">Warum scheiterte Deutschland bei der Bewerbung um einen Sitz im UN-Sicherheitsrat? Der fr\u00fchere Merkel-Berater Christoph Heusgen sieht die Schuld bei mehreren Akteuren. Ein Gespr\u00e4ch \u00fcber wertezentrierte Au\u00dfenpolitik und deutsche &#8222;Doppelmoral&#8220;.<\/p>\n<p class=\"text-18 leading-17 user-text-lg:text-22 user-text-xl:text-24\">Der deutsche Au\u00dfenminister Johann Wadephul (CDU) warb bis zuletzt weltweit um Unterst\u00fctzung. Doch am Ende half alles nichts: <a href=\"https:\/\/www.t-online.de\/nachrichten\/deutschland\/aussenpolitik\/id_101282342\/deutschland-scheitert-mit-un-bewerbung-der-schock-sitzt-tief.html\" class=\"transition-colors cursor-pointer no-underline md:hover:text-magenta md:focus:text-magenta border-b border-solid border-current text-salemsfur md:hover:border-magenta\" data-tracking=\"{&quot;action&quot;:&quot;click&quot;,&quot;category&quot;:&quot;intextLink&quot;,&quot;label&quot;:&quot;\/nachrichten\/deutschland\/aussenpolitik\/id_101282342\/deutschland-scheitert-mit-un-bewerbung-der-schock-sitzt-tief.html&quot;}\" data-sctrack=\"BodyAnchor\" rel=\"nofollow noopener\" target=\"_blank\">Deutschlands Bewerbung um einen nichtst\u00e4ndigen Sitz im UN-Sicherheitsrat fand keine Mehrheit<\/a>. Stattdessen setzten sich die deutlich kleineren Staaten <a href=\"https:\/\/www.t-online.de\/themen\/oesterreich\/\" class=\"transition-colors cursor-pointer no-underline md:hover:text-magenta md:focus:text-magenta border-b border-solid border-current text-salemsfur md:hover:border-magenta\" data-tracking=\"{&quot;action&quot;:&quot;click&quot;,&quot;category&quot;:&quot;intextLink&quot;,&quot;label&quot;:&quot;\/themen\/oesterreich\/&quot;}\" data-sctrack=\"BodyAnchor\" rel=\"nofollow noopener\" target=\"_blank\">\u00d6sterreich<\/a> und <a href=\"https:\/\/www.t-online.de\/themen\/portugal\/\" class=\"transition-colors cursor-pointer no-underline md:hover:text-magenta md:focus:text-magenta border-b border-solid border-current text-salemsfur md:hover:border-magenta\" data-tracking=\"{&quot;action&quot;:&quot;click&quot;,&quot;category&quot;:&quot;intextLink&quot;,&quot;label&quot;:&quot;\/themen\/portugal\/&quot;}\" data-sctrack=\"BodyAnchor\" rel=\"nofollow noopener\" target=\"_blank\">Portugal<\/a> durch. Wie konnte es zu dieser Niederlage kommen \u2013 und wer tr\u00e4gt die Verantwortung? Der Spitzendiplomat und fr\u00fchere Merkel-Berater Christoph Heusgen erkl\u00e4rt die Gr\u00fcnde f\u00fcr den diplomatischen R\u00fcckschlag.<\/p>\n<p class=\"text-18 leading-17 user-text-lg:text-22 user-text-xl:text-24\"><strong class=\"font-bold\">t-online: Herr Heusgen, Deutschland m\u00f6chte international als Verteidiger des V\u00f6lkerrechts wahrgenommen werden, doch passt das nicht unbedingt zur Z\u00f6gerlichkeit der <a href=\"https:\/\/www.t-online.de\/themen\/bundesregierung\/\" class=\"transition-colors cursor-pointer no-underline md:hover:text-magenta md:focus:text-magenta border-b border-solid border-current text-salemsfur md:hover:border-magenta\" data-tracking=\"{&quot;action&quot;:&quot;click&quot;,&quot;category&quot;:&quot;intextLink&quot;,&quot;label&quot;:&quot;\/themen\/bundesregierung\/&quot;}\" data-sctrack=\"BodyAnchor\" rel=\"nofollow noopener\" target=\"_blank\">Bundesregierung<\/a> im Umgang mit <a href=\"https:\/\/www.t-online.de\/themen\/israel\/\" class=\"transition-colors cursor-pointer no-underline md:hover:text-magenta md:focus:text-magenta border-b border-solid border-current text-salemsfur md:hover:border-magenta\" data-tracking=\"{&quot;action&quot;:&quot;click&quot;,&quot;category&quot;:&quot;intextLink&quot;,&quot;label&quot;:&quot;\/themen\/israel\/&quot;}\" data-sctrack=\"BodyAnchor\" rel=\"nofollow noopener\" target=\"_blank\">Israel<\/a> und den <a href=\"https:\/\/www.t-online.de\/themen\/usa\/\" class=\"transition-colors cursor-pointer no-underline md:hover:text-magenta md:focus:text-magenta border-b border-solid border-current text-salemsfur md:hover:border-magenta\" data-tracking=\"{&quot;action&quot;:&quot;click&quot;,&quot;category&quot;:&quot;intextLink&quot;,&quot;label&quot;:&quot;\/themen\/usa\/&quot;}\" data-sctrack=\"BodyAnchor\" rel=\"nofollow noopener\" target=\"_blank\">USA<\/a>. Wie kommt das im Rest der Welt an?<\/strong><\/p>\n<p class=\"text-18 leading-17 user-text-lg:text-22 user-text-xl:text-24\"><strong class=\"font-bold\">Christoph Heusgen<\/strong>: Nicht gut! Deutschland wird Doppelmoral vorgeworfen. Ich h\u00f6re das immer wieder von Freunden und Diplomaten aus aller Welt: Die deutsche Position wird von vielen Staaten, vor allem im sogenannten globalen S\u00fcden, nicht verstanden.<\/p>\n<p class=\"text-18 leading-17 user-text-lg:text-22 user-text-xl:text-24\"><strong class=\"font-bold\">Was meinen Sie mit Doppelmoral?<\/strong><\/p>\n<p class=\"text-18 leading-17 user-text-lg:text-22 user-text-xl:text-24\">Deutschland hat zu Recht hart auf Russlands Ukraine-Krieg reagiert. Aber mit der Verurteilung des v\u00f6lkerrechtswidrigen Krieges der USA und Israels gegen den <a href=\"https:\/\/www.t-online.de\/themen\/iran\/\" class=\"transition-colors cursor-pointer no-underline md:hover:text-magenta md:focus:text-magenta border-b border-solid border-current text-salemsfur md:hover:border-magenta\" data-tracking=\"{&quot;action&quot;:&quot;click&quot;,&quot;category&quot;:&quot;intextLink&quot;,&quot;label&quot;:&quot;\/themen\/iran\/&quot;}\" data-sctrack=\"BodyAnchor\" rel=\"nofollow noopener\" target=\"_blank\">Iran<\/a>, der ebenfalls v\u00f6lkerrechtswidrigen Entf\u00fchrung des venezolanischen Pr\u00e4sidenten oder der au\u00dfergerichtlichen T\u00f6tung von vermeintlichen Drogenschmugglern tut sich die deutsche Regierung schwer. Sie wird auch wahrgenommen als Besch\u00fctzer des israelischen Ministerpr\u00e4sidenten, gegen den der Internationalen Strafgerichtshof einen Haftbefehl ausgestellt hat. Deshalb werden der Bundesregierung doppelte Standards vorgeworfen. Das ist auch ein Grund, warum wir zum ersten Mal eine Wahl f\u00fcr einen nichtst\u00e4ndigen Sitz im UN-Sicherheitsrat verloren haben.<\/p>\n<p><img   loading=\"lazy\" src=\"https:\/\/www.europesays.com\/de\/wp-content\/uploads\/2026\/06\/heusgen-plaediert-fuer-die-anerkennung-eines-staates-palaestina-archivbild.jpg\" alt=\"Christoph Heusgen\" title=\"Christoph Heusgen\" width=\"1386\" height=\"924\" class=\"h-full w-full max-w-full rounded-8\" decoding=\"async\"\/>Heusgen pl\u00e4diert f\u00fcr die Anerkennung eines Staates Pal\u00e4stina. (Archivbild) (Quelle: Kay Nietfeld\/dpa\/dpa-bilder)Zur Person<\/p>\n<p class=\"pt-8 text-14 md:pt-8 leading-17 user-text-lg:text-22 user-text-xl:text-24\"><strong class=\"font-bold\">Christoph Heusgen<\/strong> ist ein deutscher Diplomat und Sicherheitsexperte. Er war au\u00dfen- und sicherheitspolitischer Berater von Bundeskanzlerin Angela Merkel, deutscher UN-Botschafter in New York und von 2022 bis 2025 Vorsitzender der M\u00fcnchner Sicherheitskonferenz.<\/p>\n<p class=\"text-18 leading-17 user-text-lg:text-22 user-text-xl:text-24\"><strong class=\"font-bold\">Au\u00dfenminister Johann Wadephul (CDU) sieht das anders. Er sagte k\u00fcrzlich, dass Deutschland nun wieder ein verl\u00e4sslicher Gespr\u00e4chspartner sei und &#8222;von allen Seiten anspielbar&#8220;. Gibt es weitere Gr\u00fcnde, warum die Bundesregierung mit der Bewerbung um den UN-Posten gescheitert ist?<\/strong><\/p>\n<p class=\"text-18 leading-17 user-text-lg:text-22 user-text-xl:text-24\">Ja. Deutschland hat relativ sp\u00e4t seine Kandidatur angemeldet. \u00d6sterreich und Portugal hatten dementsprechend mehr Zeit, Absprachen mit anderen Staaten zu treffen. Als Wadephul mit der Kampagne anfing, war es zu sp\u00e4t. Seine Vorg\u00e4ngerin <a href=\"https:\/\/www.t-online.de\/themen\/annalena-baerbock\/\" class=\"transition-colors cursor-pointer no-underline md:hover:text-magenta md:focus:text-magenta border-b border-solid border-current text-salemsfur md:hover:border-magenta\" data-tracking=\"{&quot;action&quot;:&quot;click&quot;,&quot;category&quot;:&quot;intextLink&quot;,&quot;label&quot;:&quot;\/themen\/annalena-baerbock\/&quot;}\" data-sctrack=\"BodyAnchor\" rel=\"nofollow noopener\" target=\"_blank\">Annalena Baerbock<\/a> h\u00e4tte sich engagieren m\u00fcssen. Ihr Vers\u00e4umnis war ein Fehler. \u00dcbrigens nicht ihr einziger.<\/p>\n<p class=\"text-18 leading-17 user-text-lg:text-22 user-text-xl:text-24\">Auf Baerbocks Vorschlag hatte die alte Bundesregierung entschieden, mit Helga Schmid eine international erfahrene und anerkannte Diplomatin f\u00fcr den Posten der Pr\u00e4sidentin der UN-Generalversammlung offiziell vorzuschlagen. Schmid war vorher Generalsekret\u00e4rin des Europ\u00e4ischen Ausw\u00e4rtigen Dienstes und der OSZE, wo es ihr gelungen war, <a href=\"https:\/\/www.t-online.de\/themen\/russland\/\" class=\"transition-colors cursor-pointer no-underline md:hover:text-magenta md:focus:text-magenta border-b border-solid border-current text-salemsfur md:hover:border-magenta\" data-tracking=\"{&quot;action&quot;:&quot;click&quot;,&quot;category&quot;:&quot;intextLink&quot;,&quot;label&quot;:&quot;\/themen\/russland\/&quot;}\" data-sctrack=\"BodyAnchor\" rel=\"nofollow noopener\" target=\"_blank\">Russland<\/a> bei der Stange zu halten. Die Russen h\u00e4tten sie auch zur Pr\u00e4sidentin der Generalversammlung gew\u00e4hlt. Als Baerbock nach den Bundestagswahlen durchs Raster zu fallen drohte, hat sie sich den f\u00fcr Frau Schmid vorgesehenen Posten gekrallt. Mir sagte ein ehemaliger Botschafterkollege, dass er ein solches Verhalten nur von Bananenrepubliken her kenne. Russland ist dann umgeschwenkt, hat Baerbock nicht gew\u00e4hlt und von da an in <a href=\"https:\/\/www.t-online.de\/themen\/new-york\/\" class=\"transition-colors cursor-pointer no-underline md:hover:text-magenta md:focus:text-magenta border-b border-solid border-current text-salemsfur md:hover:border-magenta\" data-tracking=\"{&quot;action&quot;:&quot;click&quot;,&quot;category&quot;:&quot;intextLink&quot;,&quot;label&quot;:&quot;\/themen\/new-york\/&quot;}\" data-sctrack=\"BodyAnchor\" rel=\"nofollow noopener\" target=\"_blank\">New York<\/a> eine anti-deutsche Politik betrieben. Auch das hat zum Scheitern unserer Sicherheitsratsbewerbung beigetragen.<\/p>\n","protected":false},"excerpt":{"rendered":"Vorlesen Aktuelle Zeit:0:00Gesamtdauer:0:00 1x Jetzt neu bei t-online: Schriftgr\u00f6\u00dfe anpassen! Artikel teilen Warum scheiterte Deutschland bei der Bewerbung&hellip;\n","protected":false},"author":2,"featured_media":1108512,"comment_status":"","ping_status":"","sticky":false,"template":"","format":"standard","meta":{"footnotes":"","_share_on_mastodon":"0"},"categories":[2],"tags":[3028,326,331,3924,332,3922,1436,1173,31,71622,3364,29,86612,775,88749,30,13,234657,345,1211,14,3923,944,15,3921,1433,7118,307,12,18653,226,2866,312,26,64],"class_list":["post-1108511","post","type-post","status-publish","format-standard","has-post-thumbnail","category-deutschland","tag-3028","tag-326","tag-aktuelle-nachrichten","tag-aktuelle-nachrichten-aus-deutschland","tag-aktuelle-news","tag-aktuelle-news-aus-deutschland","tag-annalena-baerbock","tag-bundesregierung","tag-cdu","tag-christoph-heusgen","tag-de","tag-deutschland","tag-doppelmoral","tag-friedrich-merz","tag-generalversammlung-der-vereinten-nationen","tag-germany","tag-headlines","tag-helga-schmid","tag-iran","tag-johann-wadephul","tag-nachrichten","tag-nachrichten-aus-deutschland","tag-new-york","tag-news","tag-news-aus-deutschland","tag-oesterreich","tag-portugal","tag-russland","tag-schlagzeilen","tag-sicherheitsrat-der-vereinten-nationen","tag-t-online","tag-toetung","tag-ukrainekrieg","tag-un","tag-usa"],"share_on_mastodon":{"url":"","error":"Validation failed: Text character limit of 500 exceeded"},"_links":{"self":[{"href":"https:\/\/www.europesays.com\/de\/wp-json\/wp\/v2\/posts\/1108511","targetHints":{"allow":["GET"]}}],"collection":[{"href":"https:\/\/www.europesays.com\/de\/wp-json\/wp\/v2\/posts"}],"about":[{"href":"https:\/\/www.europesays.com\/de\/wp-json\/wp\/v2\/types\/post"}],"author":[{"embeddable":true,"href":"https:\/\/www.europesays.com\/de\/wp-json\/wp\/v2\/users\/2"}],"replies":[{"embeddable":true,"href":"https:\/\/www.europesays.com\/de\/wp-json\/wp\/v2\/comments?post=1108511"}],"version-history":[{"count":0,"href":"https:\/\/www.europesays.com\/de\/wp-json\/wp\/v2\/posts\/1108511\/revisions"}],"wp:featuredmedia":[{"embeddable":true,"href":"https:\/\/www.europesays.com\/de\/wp-json\/wp\/v2\/media\/1108512"}],"wp:attachment":[{"href":"https:\/\/www.europesays.com\/de\/wp-json\/wp\/v2\/media?parent=1108511"}],"wp:term":[{"taxonomy":"category","embeddable":true,"href":"https:\/\/www.europesays.com\/de\/wp-json\/wp\/v2\/categories?post=1108511"},{"taxonomy":"post_tag","embeddable":true,"href":"https:\/\/www.europesays.com\/de\/wp-json\/wp\/v2\/tags?post=1108511"}],"curies":[{"name":"wp","href":"https:\/\/api.w.org\/{rel}","templated":true}]}}