{"id":1108726,"date":"2026-06-20T14:11:19","date_gmt":"2026-06-20T14:11:19","guid":{"rendered":"https:\/\/www.europesays.com\/de\/1108726\/"},"modified":"2026-06-20T14:11:19","modified_gmt":"2026-06-20T14:11:19","slug":"guido-cantz-comedian-trauert-um-mutter-und-sagt-termine-ab","status":"publish","type":"post","link":"https:\/\/www.europesays.com\/de\/1108726\/","title":{"rendered":"Guido Cantz: Comedian trauert um Mutter und sagt Termine ab"},"content":{"rendered":"<p>Auftritte kurzfristig abgesagt <\/p>\n<p>Guido Cantz trauert um seine Mutter<\/p>\n<p>20.06.2026 &#8211; 14:56 UhrLesedauer: 2 Min.<\/p>\n<p><a href=\"#focus-0\" class=\"transition-colors block text-current relative\" data-sctrack=\"FocusGalleryImage.Reference\"><img fetchpriority=\"high\" data-testid=\"Opener.Image\"   loading=\"eager\" src=\"https:\/\/www.europesays.com\/de\/wp-content\/uploads\/2026\/06\/guido-cantz-der-comedian-musste-sich-von-seiner-mutter-verabschieden.jpg\" alt=\"Guido Cantz: Der Comedian musste sich von seiner Mutter verabschieden.\" title=\"Guido Cantz: Der Comedian musste sich von seiner Mutter verabschieden.\" width=\"2707\" height=\"1523\" class=\"bg-[url:var(--lqipURL)] bg-cover bg-center flex h-full w-full max-w-full\" style=\"--lqipURL:url('https:\/\/images.t-online.de\/2026\/06\/b1V9FEKI2XCN\/622x222:2707x1523\/fit-in\/150x0\/filters:blur(25)\/guido-cantz-der-comedian-musste-sich-von-seiner-mutter-verabschieden.jpg')\" decoding=\"async\"\/><img loading=\"lazy\" src=\"https:\/\/www.t-online.de\/s\/paper\/_next\/static\/media\/zoom-in.f7dae02f.svg\" alt=\"Vergr\u00f6\u00dfern des Bildes\" title=\"Vergr\u00f6\u00dfern des Bildes\" class=\"block h-[calc(var(--height)_\/_16_*_1rem)] w-[calc(var(--width)_\/_16_*_1rem)] max-w-none absolute right-8 bottom-8 rounded-4 bg-snow p-8\" style=\"--width:32;--height:32\" decoding=\"async\"\/><\/a><\/p>\n<p>Guido Cantz: Der Comedian musste sich von seiner Mutter verabschieden. (Quelle: IMAGO\/Jan Huebner)<\/p>\n<p><img loading=\"lazy\" src=\"https:\/\/www.t-online.de\/s\/paper\/_next\/static\/media\/audio-volume.6689034c.svg\" alt=\"\" title=\"\" class=\"block h-[calc(var(--height)_\/_16_*_1rem)] w-[calc(var(--width)_\/_16_*_1rem)] max-w-none group-hover:brightness-0 group-hover:invert\" style=\"--width:16;--height:16\" decoding=\"async\"\/>Vorlesen<\/p>\n<p>Aktuelle Zeit:0:00Gesamtdauer:0:00<\/p>\n<p>1x<\/p>\n<p class=\"text-center\">Jetzt neu bei t-online:<\/p>\n<p class=\"text-center\">Schriftgr\u00f6\u00dfe anpassen!<\/p>\n<p><img loading=\"lazy\" src=\"https:\/\/www.t-online.de\/s\/paper\/_next\/static\/media\/font-sizes.32942e33.svg\" alt=\"\" title=\"\" class=\"block h-[calc(var(--height)_\/_16_*_1rem)] w-[calc(var(--width)_\/_16_*_1rem)] max-w-none group-hover:hidden group-aria-expanded:hidden\" style=\"--width:16;--height:16\" decoding=\"async\"\/><img loading=\"lazy\" src=\"https:\/\/www.t-online.de\/s\/paper\/_next\/static\/media\/font-sizes-dark-mode.e382645c.svg\" alt=\"\" title=\"\" class=\"block h-[calc(var(--height)_\/_16_*_1rem)] w-[calc(var(--width)_\/_16_*_1rem)] max-w-none hidden group-hover:block group-aria-expanded:block\" style=\"--width:16;--height:16\" decoding=\"async\"\/><img loading=\"lazy\" src=\"https:\/\/www.t-online.de\/s\/paper\/_next\/static\/media\/sharing-menu-icon.1eb71368.svg\" alt=\"\" title=\"\" class=\"block h-[calc(var(--height)_\/_16_*_1rem)] w-[calc(var(--width)_\/_16_*_1rem)] max-w-none group-hover:brightness-0 group-hover:invert\" style=\"--width:16;--height:16\" decoding=\"async\"\/>Artikel teilen<\/p>\n<p class=\"font-bold text-18 leading-17 user-text-lg:text-22 user-text-xl:text-24\">Comedian Guido Cantz ist gerade auf Tour. Doch nun ereilte den Entertainer ein Schicksalsschlag: Seine Mutter ist gestorben.<\/p>\n<p class=\"text-18 leading-17 user-text-lg:text-22 user-text-xl:text-24\">Guido Cantz steht seit Jahrzehnten auf der B\u00fchne und bringt als Comedian und Moderator Menschen zum Lachen. Doch nun meldete er sich auf Instagram mit einer pers\u00f6nlichen Nachricht, die seine Fans bewegt. &#8222;Heute Nacht ist meine Mutter Irmhild Cantz (84 Jahre) nach kurzer schwerer Krankheit verstorben&#8220;, schreibt der 54-J\u00e4hrige. Weitere Details zu dem Trauerfall gab er nicht bekannt.<\/p>\n<p class=\"text-18 leading-17 user-text-lg:text-22 user-text-xl:text-24\">Das hat auch Einfluss auf seine Tour mit dem Titel &#8222;Komische Zeiten&#8220;. &#8222;Daher muss ich die Tourneetermine heute in <a href=\"https:\/\/muenchen.t-online.de\/region\/muenchen\/\" class=\"transition-colors cursor-pointer no-underline md:hover:text-magenta md:focus:text-magenta border-b border-solid border-current text-salemsfur md:hover:border-magenta\" data-tracking=\"{&quot;action&quot;:&quot;click&quot;,&quot;category&quot;:&quot;intextLink&quot;,&quot;label&quot;:&quot;https:\/\/muenchen.t-online.de\/region\/muenchen\/&quot;}\" data-sctrack=\"BodyAnchor\" rel=\"nofollow noopener\" target=\"_blank\">M\u00fcnchen<\/a> und morgen in F\u00fcrth absagen&#8220;, schrieb Cantz in seinem Statement. Nachholtermine sollen noch bekannt gegeben werden. Die Stopps in M\u00fcnchen und F\u00fcrth w\u00e4ren die letzten Termine des aktuellen Tour-Blocks gewesen. Danach geht es erst im September wieder weiter.<\/p>\n<ul class=\"text-18 leading-17 block pl-24 *:pb-16 *:before:inline-block *:before:size-8 *:before:bg-magenta *:before:mt-0 *:before:mr-12 *:before:mb-2 *:before:-ml-[20px]\">\n<li><strong class=\"font-bold\">Er gewann elf Emmys:<\/strong> <a href=\"https:\/\/www.t-online.de\/unterhaltung\/stars\/id_101305122\/james-burrows-sitcom-regisseur-ist-mit-85-jahren-gestorben.html\" class=\"transition-colors cursor-pointer no-underline md:hover:text-magenta md:focus:text-magenta border-b border-solid border-current text-salemsfur md:hover:border-magenta\" data-tracking=\"{&quot;action&quot;:&quot;click&quot;,&quot;category&quot;:&quot;intextLink&quot;,&quot;label&quot;:&quot;\/unterhaltung\/stars\/id_101305122\/james-burrows-sitcom-regisseur-ist-mit-85-jahren-gestorben.html&quot;}\" data-sctrack=\"BodyAnchor\" rel=\"nofollow noopener\" target=\"_blank\">Regisseur und Drehbuchautor James Burrows ist tot<\/a><\/li>\n<\/ul>\n<p class=\"text-18 leading-17 user-text-lg:text-22 user-text-xl:text-24\">In den Kommentaren unter seinem Beitrag h\u00e4uften sich Beileidsbekundungen von Fans, Freunden und Kollegen. Schauspielerin <a href=\"https:\/\/www.t-online.de\/themen\/diana-amft\/\" class=\"transition-colors cursor-pointer no-underline md:hover:text-magenta md:focus:text-magenta border-b border-solid border-current text-salemsfur md:hover:border-magenta\" data-tracking=\"{&quot;action&quot;:&quot;click&quot;,&quot;category&quot;:&quot;intextLink&quot;,&quot;label&quot;:&quot;\/themen\/diana-amft\/&quot;}\" data-sctrack=\"BodyAnchor\" rel=\"nofollow noopener\" target=\"_blank\">Diana Amft<\/a> schrieb: &#8222;Mein Beileid, ich w\u00fcnsche dir und deiner Familie ganz viel Kraft!&#8220; Auch Moderatorin <a href=\"https:\/\/www.t-online.de\/themen\/marlene-lufen\/\" class=\"transition-colors cursor-pointer no-underline md:hover:text-magenta md:focus:text-magenta border-b border-solid border-current text-salemsfur md:hover:border-magenta\" data-tracking=\"{&quot;action&quot;:&quot;click&quot;,&quot;category&quot;:&quot;intextLink&quot;,&quot;label&quot;:&quot;\/themen\/marlene-lufen\/&quot;}\" data-sctrack=\"BodyAnchor\" rel=\"nofollow noopener\" target=\"_blank\">Marlene Lufen<\/a> und Comedian Alain Frei sprachen ihm ihr Beileid aus.<\/p>\n<p><img loading=\"lazy\" src=\"https:\/\/www.t-online.de\/s\/paper\/_next\/static\/media\/video-carousel-play.6f25714b.svg\" alt=\"\" title=\"\" class=\"block h-[calc(var(--height)_\/_16_*_1rem)] w-[calc(var(--width)_\/_16_*_1rem)] max-w-none undefined\" style=\"--height:12\" decoding=\"async\"\/><\/p>\n<p class=\"text-18 leading-17 user-text-lg:text-22 user-text-xl:text-24\">Erst im Februar musste sich Cantz von seinem Vater Otto verabschieden. Er wurde 85 Jahre alt. &#8222;Wir sind alle sehr traurig, aber es ist ein gro\u00dfer Trost f\u00fcr uns, dass wir in seiner letzten Stunde bei ihm gewesen sind&#8220;, sagte Guido Cantz damals.<\/p>\n<p class=\"text-18 leading-17 user-text-lg:text-22 user-text-xl:text-24\">Nach seinen Anf\u00e4ngen bei &#8222;Deal or No Deal&#8220; wurde Guido Cantz vor allem f\u00fcr seine Moderation von &#8222;Verstehen Sie Spa\u00df?&#8220; bekannt. Von 2010 bis 2021 war er das Gesicht der ARD-Sendung und beerbte damit seinen Vorg\u00e4nger <a href=\"https:\/\/www.t-online.de\/themen\/frank-elstner\/\" class=\"transition-colors cursor-pointer no-underline md:hover:text-magenta md:focus:text-magenta border-b border-solid border-current text-salemsfur md:hover:border-magenta\" data-tracking=\"{&quot;action&quot;:&quot;click&quot;,&quot;category&quot;:&quot;intextLink&quot;,&quot;label&quot;:&quot;\/themen\/frank-elstner\/&quot;}\" data-sctrack=\"BodyAnchor\" rel=\"nofollow noopener\" target=\"_blank\">Frank Elstner<\/a>.<\/p>\n","protected":false},"excerpt":{"rendered":"Auftritte kurzfristig abgesagt Guido Cantz trauert um seine Mutter 20.06.2026 &#8211; 14:56 UhrLesedauer: 2 Min. Guido Cantz: Der&hellip;\n","protected":false},"author":2,"featured_media":1108727,"comment_status":"","ping_status":"","sticky":false,"template":"","format":"standard","meta":{"footnotes":"","_share_on_mastodon":"0"},"categories":[1776],"tags":[1801,15215,29,214,4347,30,37425,152,1268,1802,50807,215],"class_list":["post-1108726","post","type-post","status-publish","format-standard","has-post-thumbnail","category-prominente","tag-celebrities","tag-comedian","tag-deutschland","tag-entertainment","tag-fuerth","tag-germany","tag-guido-cantz","tag-instagram","tag-muenchen","tag-prominente","tag-schicksalsschlag","tag-unterhaltung"],"share_on_mastodon":{"url":"","error":""},"_links":{"self":[{"href":"https:\/\/www.europesays.com\/de\/wp-json\/wp\/v2\/posts\/1108726","targetHints":{"allow":["GET"]}}],"collection":[{"href":"https:\/\/www.europesays.com\/de\/wp-json\/wp\/v2\/posts"}],"about":[{"href":"https:\/\/www.europesays.com\/de\/wp-json\/wp\/v2\/types\/post"}],"author":[{"embeddable":true,"href":"https:\/\/www.europesays.com\/de\/wp-json\/wp\/v2\/users\/2"}],"replies":[{"embeddable":true,"href":"https:\/\/www.europesays.com\/de\/wp-json\/wp\/v2\/comments?post=1108726"}],"version-history":[{"count":0,"href":"https:\/\/www.europesays.com\/de\/wp-json\/wp\/v2\/posts\/1108726\/revisions"}],"wp:featuredmedia":[{"embeddable":true,"href":"https:\/\/www.europesays.com\/de\/wp-json\/wp\/v2\/media\/1108727"}],"wp:attachment":[{"href":"https:\/\/www.europesays.com\/de\/wp-json\/wp\/v2\/media?parent=1108726"}],"wp:term":[{"taxonomy":"category","embeddable":true,"href":"https:\/\/www.europesays.com\/de\/wp-json\/wp\/v2\/categories?post=1108726"},{"taxonomy":"post_tag","embeddable":true,"href":"https:\/\/www.europesays.com\/de\/wp-json\/wp\/v2\/tags?post=1108726"}],"curies":[{"name":"wp","href":"https:\/\/api.w.org\/{rel}","templated":true}]}}