{"id":1108791,"date":"2026-06-20T14:50:15","date_gmt":"2026-06-20T14:50:15","guid":{"rendered":"https:\/\/www.europesays.com\/de\/1108791\/"},"modified":"2026-06-20T14:50:15","modified_gmt":"2026-06-20T14:50:15","slug":"nach-rahmenabkommen-iran-verkuendet-schliessung-der-strasse-von-hormus","status":"publish","type":"post","link":"https:\/\/www.europesays.com\/de\/1108791\/","title":{"rendered":"Nach Rahmenabkommen: Iran verk\u00fcndet Schlie\u00dfung der Stra\u00dfe von Hormus"},"content":{"rendered":"<p class=\"paragraph article__item\">Der <a class=\"rtr-entity\" href=\"https:\/\/www.zeit.de\/thema\/iran\" rel=\"nofollow noopener\" target=\"_blank\">Iran<\/a> will die Stra\u00dfe von Hormus wieder f\u00fcr die Durchfahrt aller Schiffe sperren. Das zentrale Milit\u00e4rkommando des Landes begr\u00fcndete den Schritt mit der Nichteinhaltung der Waffenruhe im S\u00fcdlibanon, die im Rahmenabkommen zwischen den USA und dem Iran vereinbart worden war.\u00a0\n<\/p>\n<p>Aktuelles<\/p>\n<p>                <a href=\"https:\/\/www.zeit.de\/politik\/ausland\/2026-06\/libanon-israel-waffenruhe-iran-gxe\" data-ct-label=\"Libanon und Israel: Waffenruhe im Libanon bleibt br\u00fcchig\" data-uuid=\"0fcfe1ad-6f6f-43c6-b820-752b08de4db6\" rel=\"nofollow noopener\" target=\"_blank\"><\/p>\n<p>                        Libanon und Israel:<br \/>\n                        Waffenruhe im Libanon bleibt br\u00fcchig<\/p>\n<p>                <\/a><\/p>\n<p>                <a href=\"https:\/\/www.zeit.de\/politik\/ausland\/2026-06\/israel-truppen-verbleib-libanon-iran-abkommen\" data-ct-label=\"Iranabkommen: Netanjahu h\u00e4lt an Truppenpr\u00e4senz im Libanon fest\" data-uuid=\"98c5db3b-2dc2-4abf-83dd-adfda2345ea4\" rel=\"nofollow noopener\" target=\"_blank\"><\/p>\n<p>                        Iranabkommen:<br \/>\n                        Netanjahu h\u00e4lt an Truppenpr\u00e4senz im Libanon fest<\/p>\n<p>                <\/a><\/p>\n<p>                <a href=\"https:\/\/www.zeit.de\/politik\/ausland\/2026-06\/iran-israel-raketenangriffe-eu-kaja-kallas-waffenruhe-gxe\" data-ct-label=\"Irankrieg : EU und Gro\u00dfbritannien rufen zu Deeskalation im Irankrieg auf\" data-uuid=\"1daf9640-0819-4977-8ee0-8f8df2cad350\" rel=\"nofollow noopener\" target=\"_blank\"><\/p>\n<p>                        Irankrieg :<br \/>\n                        EU und Gro\u00dfbritannien rufen zu Deeskalation im Irankrieg auf<\/p>\n<p>                <\/a><\/p>\n<p class=\"paragraph article__item\">Laut der Erkl\u00e4rung ist auch die israelische Milit\u00e4rpr\u00e4senz im S\u00fcdlibanon ein Grund f\u00fcr die Blockade. Diese geh\u00f6rt nicht zum Rahmenabkommen. Das Milit\u00e4rkommando drohte mit weiteren Ma\u00dfnahmen, sollte Israels Armee die K\u00e4mpfe im Libanon fortsetzen.\u00a0\n<\/p>\n<p class=\"paragraph article__item\">Es ist noch unklar, wie die <a class=\"rtr-entity\" href=\"https:\/\/www.zeit.de\/thema\/usa\" rel=\"nofollow noopener\" target=\"_blank\">USA<\/a> reagieren werden, ob sie beispielsweise wieder iranische H\u00e4fen blockieren.\n<\/p>\n<p class=\"paragraph article__item\">Die Hisbollah-Miliz ist der wichtigste Verb\u00fcndete des Irans in der Region. Seit Freitag 16.00 Uhr Ortszeit (15.00 Uhr\/MESZ) soll laut einem US-Regierungsbeamten eigentlich eine Waffenruhe im Libanon gelten. Die Hisbollah und die israelische Armee machen sich gegenseitig f\u00fcr Verst\u00f6\u00dfe verantwortlich.\u00a0\n<\/p>\n<p class=\"paragraph article__item\">Der Iran verlangt von den USA, Druck auf die israelische F\u00fchrung auszu\u00fcben. Die israelische Armee erkl\u00e4rte jedoch, sie werde auch k\u00fcnftig gegen jede Bedrohung f\u00fcr den Staat Israel und die Soldaten vorgehen. Die Hisbollah erkl\u00e4rte, sie halte zwar weiterhin an der Waffenruhe fest, werde aber jedem Versuch entgegentreten, weiteres Land zu erobern.\u00a0\n<\/p>\n<p class=\"paragraph article__item\">F\u00fcr Teheran ist das Einbeziehen des Libanons in die Einigung mit den USA Teil einer neuen Sicherheitsdoktrin, wie der Nahost-Experte und Professor f\u00fcr Islamwissenschaft an der Hebr\u00e4ischen Universit\u00e4t Jerusalem, Simon Wolfgang Fuchs, der dpa sagte. Die Schicksale Teherans und Beiruts sollen dabei aneinander gekoppelt werden, so die Strategie. Iran habe auch gedroht, ein endg\u00fcltiges Abkommen erst dann zu unterzeichnen, wenn Israel sich aus dem S\u00fcdlibanon zur\u00fcckziehe.\u00a0\n<\/p>\n<p class=\"paragraph article__item\">Der Iran hatte die Stra\u00dfe von Hormus nach Kriegsbeginn am 28. Februar weitgehend blockiert. Durch die Meerespassage werden rund 20 Prozent des globalen Energiehandels abgewickelt. Weil das Nadel\u00f6hr f\u00fcr Schiffe der einzige Zugang zum Persischen Golf und damit auch zu mehreren arabischen Golfstaaten ist, kann der Iran die Meerenge als Hebel in Konflikten benutzen. Die Schlie\u00dfung zeigte die Verwundbarkeit globaler Lieferketten und hatte massive Auswirkungen auf die internationalen Energiem\u00e4rkte.\n<\/p>\n<p class=\"paragraph article__item\">\u00a9 dpa-infocom, dpa:260620-930-253042\/3<\/p>\n","protected":false},"excerpt":{"rendered":"Der Iran will die Stra\u00dfe von Hormus wieder f\u00fcr die Durchfahrt aller Schiffe sperren. Das zentrale Milit\u00e4rkommando des&hellip;\n","protected":false},"author":2,"featured_media":1108792,"comment_status":"","ping_status":"","sticky":false,"template":"","format":"standard","meta":{"footnotes":"","_share_on_mastodon":"0"},"categories":[3977],"tags":[331,332,7373,13,345,234691,14,15,12,293,14564,4017,4018,4016,64,4019,4020],"class_list":["post-1108791","post","type-post","status-publish","format-standard","has-post-thumbnail","category-usa","tag-aktuelle-nachrichten","tag-aktuelle-news","tag-cnn","tag-headlines","tag-iran","tag-nach-rahmenabkommen","tag-nachrichten","tag-news","tag-schlagzeilen","tag-schweiz","tag-steve-witkoff","tag-united-states","tag-united-states-of-america","tag-us","tag-usa","tag-vereinigte-staaten","tag-vereinigte-staaten-von-amerika"],"share_on_mastodon":{"url":"https:\/\/pubeurope.com\/@de\/116782997813627884","error":""},"_links":{"self":[{"href":"https:\/\/www.europesays.com\/de\/wp-json\/wp\/v2\/posts\/1108791","targetHints":{"allow":["GET"]}}],"collection":[{"href":"https:\/\/www.europesays.com\/de\/wp-json\/wp\/v2\/posts"}],"about":[{"href":"https:\/\/www.europesays.com\/de\/wp-json\/wp\/v2\/types\/post"}],"author":[{"embeddable":true,"href":"https:\/\/www.europesays.com\/de\/wp-json\/wp\/v2\/users\/2"}],"replies":[{"embeddable":true,"href":"https:\/\/www.europesays.com\/de\/wp-json\/wp\/v2\/comments?post=1108791"}],"version-history":[{"count":0,"href":"https:\/\/www.europesays.com\/de\/wp-json\/wp\/v2\/posts\/1108791\/revisions"}],"wp:featuredmedia":[{"embeddable":true,"href":"https:\/\/www.europesays.com\/de\/wp-json\/wp\/v2\/media\/1108792"}],"wp:attachment":[{"href":"https:\/\/www.europesays.com\/de\/wp-json\/wp\/v2\/media?parent=1108791"}],"wp:term":[{"taxonomy":"category","embeddable":true,"href":"https:\/\/www.europesays.com\/de\/wp-json\/wp\/v2\/categories?post=1108791"},{"taxonomy":"post_tag","embeddable":true,"href":"https:\/\/www.europesays.com\/de\/wp-json\/wp\/v2\/tags?post=1108791"}],"curies":[{"name":"wp","href":"https:\/\/api.w.org\/{rel}","templated":true}]}}