{"id":1108811,"date":"2026-06-20T15:00:18","date_gmt":"2026-06-20T15:00:18","guid":{"rendered":"https:\/\/www.europesays.com\/de\/1108811\/"},"modified":"2026-06-20T15:00:18","modified_gmt":"2026-06-20T15:00:18","slug":"konzertsaison-internationale-spitzenklasse-in-moers","status":"publish","type":"post","link":"https:\/\/www.europesays.com\/de\/1108811\/","title":{"rendered":"Konzertsaison: Internationale Spitzenklasse in Moers"},"content":{"rendered":"<p class=\"text_ohne_einzug richtext text-em-55 !leading-serif mx-6 desktop:mx-0\">  Tradition und neue Perspektiven k\u00f6nnen die G\u00e4ste der Konzertreihe der Stadt <a href=\"https:\/\/rp-online.de\/thema\/moers\/\" rel=\"nofollow noopener\" target=\"_blank\">Moers<\/a> in der neuen Ausgabe erleben. Die Beteiligten haben das Programm f\u00fcr die Saison 2026\/2027 jetzt vorgestellt.<\/p>\n<p class=\"richtext text-em-55 !leading-serif mx-6 desktop:mx-0\">\u201eEs ist toll, dass wir jedes Jahr diese hochwertige Reihe anbieten k\u00f6nnen\u201c, freute sich Diana Finkele, Leiterin des Eigenbetriebs Bildung. Auch Musikschulleiter Georg Kresimon ist begeistert von der Zusammenstellung: \u201eWas wir seit Jahrzehnten haben, ist ein sehr abwechslungsreiches Programm und eine hohe Qualit\u00e4t. Es immer wieder beeindruckend, was den Besucherinnen und Besuchern geboten wird.\u201c Er bewertet das Angebot als wichtigen Baustein im Kulturleben der Stadt.<\/p>\n<p>Internationalen Spitzenklasse im Kammermusiksaal      <\/p>\n<p class=\"richtext text-em-55 !leading-serif mx-6 desktop:mx-0\">Seit 2017 ist Tobias Krampen als st\u00e4dtischer Musikreferent f\u00fcr die Gestaltung zust\u00e4ndig. Er setzt in dieser Saison auf eine gro\u00dfe Bandbreite von orchestralen Kl\u00e4ngen und kleinen kammermusikalischen Formaten. \u201eZwei sehr renommierte Ensembles sind erneut in Moers zu Gast: Das Posaunenquartett OPUS 4 und das Minguet Quartett \u2013 sie z\u00e4hlen zur internationalen Spitzenklasse\u201c, erkl\u00e4rt Krampen. OPUS 4, das aus Musikern des Gewandhausorchesters Leipzig besteht, feiert beim Auftritt in Moers am 9. Oktober mit Musik sein 30-j\u00e4hriges Bestehen. Das Minguet Quartett widmet sich am 13. November unter anderem dem \u201aMeister der Oper\u2018 Hans Werner Henze.<\/p>\n<p class=\"richtext text-em-55 !leading-serif mx-6 desktop:mx-0\">Aber auch \u201aRising Stars\u2018, wie Tobias Krampen sie nennt, sind in Moers zu erleben. Beispielsweise ist die Meisterklasse der bekannten Pianistin Sheila Arnold am 20. Juni 2027 hier zu Gast. Die jungen Pianistinnen und Pianisten stehen an der Schwelle zu einer gro\u00dfen Karriere. Auch das zeichnet die Reihe aus: Noch relativ unbekannte K\u00fcnstlerinnen und K\u00fcnstler, die sp\u00e4ter ber\u00fchmt geworden sind, wechseln sich mit renommierten Interpretinnen und Interpreten ab. \u00dcberraschende Kl\u00e4nge gibt es beim jungen Duo re:flact am 23. Mai 2027, die barocke Kl\u00e4nge mit Jazz verbinden. Die Gitarristin Mariia Smirnova ist ebenfalls noch recht jung, hat aber bereits zahlreiche Preise erhalten. Am 14. Februar 2027 pr\u00e4sentiert sie unter anderem St\u00fccke von Villa-Lobos und Bach.<\/p>\n<p>Niederrheinisches Kammerorchester wichtiger Teil der Reihe      <\/p>\n<p class=\"richtext text-em-55 !leading-serif mx-6 desktop:mx-0\">Ein wichtiger Teil jeder Saison sind die Auff\u00fchrungen des Niederrheinischen Kammerorchesters (NKM) Moers. \u201eWir sehen es f\u00fcr uns als gro\u00dfe Chance, Teil dieser Reihe zu sein\u201c, freut sich die Vorsitzende Birgit Grupp. Die Mitglieder sind zwar keine Berufsmusikerinnen und -musiker, aber zeigen ein hohes k\u00fcnstlerisches Niveau. Am 20. September er\u00f6ffnet das NKM-Herbstkonzert die beliebte Reihe mit einem etwas \u201aleichteren\u2018 Programm mit \u201aDie Moldau\u2018 von Bedrich Smetana und Ausschnitte aus \u201aPeer Gynt\u2018 von Edvard Grieg. Unterst\u00fctzt wird das Herbstkonzert von der Sparkasse am Niederrhein. Am 12. und 13. Dezember finden die beliebten Weihnachtskonzerte des NKM statt. Zu Gast ist dann der junge Geiger Victor Wagener als Solist. Fest zum Programm geh\u00f6rt auch das Fr\u00fchjahrskonzert, das im kommenden Jahr Werke von Camille Saint-Saens und <a href=\"https:\/\/rp-online.de\/thema\/ludwig-van-beethoven\/\" rel=\"nofollow noopener\" target=\"_blank\">Ludwig van Beethoven<\/a> verbindet.<\/p>\n<p class=\"richtext text-em-55 !leading-serif mx-6 desktop:mx-0\">In der Saison 2026\/2027 sind die Eintrittspreise gestiegen. Bis 18 Jahre ist der Eintritt zu den Konzerten weiterhin frei. Die Musikschule bittet aber um Reservierungen. Erwachsene zahlen im Vorverkauf nun je Veranstaltung 25,50 Euro: Moerser Musikschule, Filder Stra\u00dfe 126, Telefon 02841 1333, und Stadt- und Tourist Information von Moers Marketing, Kirchstra\u00dfe 27 a\/b, Telefon 02841 882260 (zuz\u00fcglich 8 Prozent Vorverkaufsgeb\u00fchren). Das Abonnement f\u00fcr alle zehn Konzerte kostet 191,25 Euro und ist ab sofort erh\u00e4ltlich. Hinweise zu Erm\u00e4\u00dfigungen gibt auf der Internetseite der Moerser Musikschule <a href=\"https:\/\/cas5-0-urlprotect.trendmicro.com\/wis\/clicktime\/v1\/query?url=http%3a%2f%2fwww.moerser%2dmusikschule.de&amp;umid=97d702a4-3c46-4262-a54e-68a787763226&amp;rct=1781782738&amp;auth=f8c1baceba2a490369a2d3c8736469ec61ded91a-e301a6e2b9ca39ab3faa6b8d448e17974dc94459\" target=\"_blank\" rel=\"nofollow noopener\">www.moerser-musikschule.de<\/a>.<\/p>\n","protected":false},"excerpt":{"rendered":"Tradition und neue Perspektiven k\u00f6nnen die G\u00e4ste der Konzertreihe der Stadt Moers in der neuen Ausgabe erleben. Die&hellip;\n","protected":false},"author":2,"featured_media":1108812,"comment_status":"","ping_status":"","sticky":false,"template":"","format":"standard","meta":{"footnotes":"","_share_on_mastodon":"0"},"categories":[1838],"tags":[3807,4453,234694,3364,29,3715,15906,1221,30,70419,70420,25500,810,1116,1209,7789,35957,9387,234693],"class_list":["post-1108811","post","type-post","status-publish","format-standard","has-post-thumbnail","category-duisburg","tag-moers","tag-4453","tag-252dmusikschule","tag-de","tag-deutschland","tag-duisburg","tag-gast","tag-gaeste","tag-germany","tag-konzertreihe","tag-krampen","tag-moerser","tag-musik","tag-musikschule","tag-nordrhein-westfalen","tag-programm","tag-reihe","tag-saison","tag-spitzenklasse"],"share_on_mastodon":{"url":"https:\/\/pubeurope.com\/@de\/116783036954855279","error":""},"_links":{"self":[{"href":"https:\/\/www.europesays.com\/de\/wp-json\/wp\/v2\/posts\/1108811","targetHints":{"allow":["GET"]}}],"collection":[{"href":"https:\/\/www.europesays.com\/de\/wp-json\/wp\/v2\/posts"}],"about":[{"href":"https:\/\/www.europesays.com\/de\/wp-json\/wp\/v2\/types\/post"}],"author":[{"embeddable":true,"href":"https:\/\/www.europesays.com\/de\/wp-json\/wp\/v2\/users\/2"}],"replies":[{"embeddable":true,"href":"https:\/\/www.europesays.com\/de\/wp-json\/wp\/v2\/comments?post=1108811"}],"version-history":[{"count":0,"href":"https:\/\/www.europesays.com\/de\/wp-json\/wp\/v2\/posts\/1108811\/revisions"}],"wp:featuredmedia":[{"embeddable":true,"href":"https:\/\/www.europesays.com\/de\/wp-json\/wp\/v2\/media\/1108812"}],"wp:attachment":[{"href":"https:\/\/www.europesays.com\/de\/wp-json\/wp\/v2\/media?parent=1108811"}],"wp:term":[{"taxonomy":"category","embeddable":true,"href":"https:\/\/www.europesays.com\/de\/wp-json\/wp\/v2\/categories?post=1108811"},{"taxonomy":"post_tag","embeddable":true,"href":"https:\/\/www.europesays.com\/de\/wp-json\/wp\/v2\/tags?post=1108811"}],"curies":[{"name":"wp","href":"https:\/\/api.w.org\/{rel}","templated":true}]}}