{"id":1108868,"date":"2026-06-20T15:36:19","date_gmt":"2026-06-20T15:36:19","guid":{"rendered":"https:\/\/www.europesays.com\/de\/1108868\/"},"modified":"2026-06-20T15:36:19","modified_gmt":"2026-06-20T15:36:19","slug":"oberlandstrasse-in-tempelhof-pharma-standort-wird-deutlich-erweitert","status":"publish","type":"post","link":"https:\/\/www.europesays.com\/de\/1108868\/","title":{"rendered":"Oberlandstra\u00dfe in Tempelhof: Pharma-Standort wird deutlich erweitert"},"content":{"rendered":"<p><strong>An der Oberlandstra\u00dfe zwischen Tempelhof und Neuk\u00f6lln entsteht derzeit ein neuer, mehrst\u00f6ckiger Produktionskomplex f\u00fcr die Herstellung pharmazeutischer Arzneimittel. Bis 2027 soll hier ein vollst\u00e4ndig ausgebauter Standort f\u00fcr fl\u00fcssige und halbfeste Arzneiformen fertiggestellt werden.<\/strong><\/p>\n<p><a href=\"https:\/\/www.europesays.com\/de\/wp-content\/uploads\/2026\/06\/fbu-Neukoelln-Oberlandstrasse-_-\u00a9-Foto_-ENTWICKLUNGSSTADT-4.jpg\"><img loading=\"lazy\" decoding=\"async\" aria-describedby=\"caption-attachment-99857\" class=\"lazyload wp-image-99857 size-full\" src=\"data:image\/svg+xml,%3Csvg%20xmlns%3D%27http%3A%2F%2Fwww.w3.org%2F2000%2Fsvg%27%20width%3D%271280%27%20height%3D%27720%27%20viewBox%3D%270%200%201280%20720%27%3E%3Crect%20width%3D%271280%27%20height%3D%27720%27%20fill-opacity%3D%220%22%2F%3E%3C%2Fsvg%3E\" data-orig-src=\"https:\/\/www.europesays.com\/de\/wp-content\/uploads\/2026\/06\/fbu-Neukoelln-Oberlandstrasse-_-\u00a9-Foto_-ENTWICKLUNGSSTADT-4.jpg\" alt=\"Blick auf das Gewerbegebiet zwischen Neuk\u00f6lln und Tempelhof.\" width=\"1280\" height=\"720\"\/><\/a><\/p>\n<p id=\"caption-attachment-99857\" class=\"wp-caption-text\">In Neuk\u00f6lln plant die Paul W. Beyvers GmbH den Ausbau eines pharmazeutischen Produktionsstandorts mit neuen Geb\u00e4uden f\u00fcr die Herstellung fl\u00fcssiger und halbfester Arzneimittel sowie einem Hochregallager zur deutlichen Erweiterung der Kapazit\u00e4ten. \/ \u00a9 Foto: ENTWICKLUNGSSTADT<\/p>\n<p>\u00a9 Fotos: ENTWICKLUNGSSTADT<\/p>\n<p>\u00a0<\/p>\n<p data-start=\"0\" data-end=\"291\" data-is-last-node=\"\" data-is-only-node=\"\">Wer derzeit die Oberlandstra\u00dfe durch das Gewerbegebiet zwischen Tempelhof und <a href=\"https:\/\/www.entwicklungsstadt.de\/bezirke\/neukoelln\/\" target=\"_blank\" rel=\"noopener nofollow\">Neuk\u00f6lln<\/a> bef\u00e4hrt, hat <a href=\"https:\/\/www.entwicklungsstadt.de\/komoedie-am-kurfuerstendamm-bezieht-neue-raeume-am-tempelhofer-feld\/\" target=\"_blank\" rel=\"noopener nofollow\">in der N\u00e4he der \u201eAtelier Gardens\u201c<\/a> zuletzt m\u00f6glicherweise einen Kran wahrgenommen. Ebenfalls sichtbar ist dort inzwischen eine freistehende Wand aus Beton und Stahl, die erkennen l\u00e4sst, welchem Bauvorhaben der Kran zugeordnet ist.<\/p>\n<p data-start=\"965\" data-end=\"1393\">Doch kaum etwas deutet auf den ersten Blick darauf hin, was hier k\u00fcnftig entstehen soll. Tats\u00e4chlich handelt es sich um den Ausbau eines pharmazeutischen Produktionsstandorts, der den Standort Berlin langfristig st\u00e4rken soll.<\/p>\n<p>Erweiterung der Produktionskapazit\u00e4ten: Das entsteht jetzt an der Oberlandstra\u00dfe<\/p>\n<p data-start=\"1437\" data-end=\"1938\">Hinter dem Vorhaben steht die Paul W. Beyvers GmbH, ein pharmazeutischer Lohnhersteller mit Sitz in der Hauptstadt. Das Unternehmen investiert rund 40 Millionen Euro in den Ausbau seiner Produktions- und Lagerkapazit\u00e4ten. Ziel ist es, insbesondere die Herstellung fl\u00fcssiger sowie halbfester Arzneimittel deutlich auszuweiten und bestehende Prozesse zu modernisieren. Auch die Zugeh\u00f6rigkeit zur InfectoPharm GmbH spielt dabei eine strategische Rolle im Hintergrund.<\/p>\n<p data-start=\"1983\" data-end=\"2414\">Geplant ist ein mehrst\u00f6ckiges Produktionsgeb\u00e4ude an der Ecke Schaffhausener Stra\u00dfe mit rund 3.000 Quadratmetern Fl\u00e4che sowie ein 22 Meter hohes Hochregallager. Dieses soll k\u00fcnftig etwa 3.000 zus\u00e4tzliche Palettenpl\u00e4tze bieten. Durch die direkte Verbindung zwischen Produktion und Lager werden interne Transportwege verk\u00fcrzt und Abl\u00e4ufe effizienter gestaltet. Herzst\u00fcck der Anlage wird eine neue Prozessanlage, die Chargengr\u00f6\u00dfen von bis zu 2.500 Kilogramm erm\u00f6glicht.<\/p>\n<p><a href=\"https:\/\/www.europesays.com\/de\/wp-content\/uploads\/2026\/06\/fbu-Neukoelln-Oberlandstrasse-_-\u00a9-Foto_-ENTWICKLUNGSSTADT-3.jpg\"><img loading=\"lazy\" decoding=\"async\" aria-describedby=\"caption-attachment-99856\" class=\"lazyload wp-image-99856 size-full\" src=\"data:image\/svg+xml,%3Csvg%20xmlns%3D%27http%3A%2F%2Fwww.w3.org%2F2000%2Fsvg%27%20width%3D%271280%27%20height%3D%27720%27%20viewBox%3D%270%200%201280%20720%27%3E%3Crect%20width%3D%271280%27%20height%3D%27720%27%20fill-opacity%3D%220%22%2F%3E%3C%2Fsvg%3E\" data-orig-src=\"https:\/\/www.europesays.com\/de\/wp-content\/uploads\/2026\/06\/fbu-Neukoelln-Oberlandstrasse-_-\u00a9-Foto_-ENTWICKLUNGSSTADT-3.jpg\" alt=\"Blick auf die Baustelle an der Oberlandstra\u00dfe, im Gewerbegebiet zwischen Berlin-Tempelhof und Neuk\u00f6lln.\" width=\"1280\" height=\"720\"\/><\/a><\/p>\n<p id=\"caption-attachment-99856\" class=\"wp-caption-text\">Entlang der Oberlandstra\u00dfe an der Ecke Schaffhausener Stra\u00dfe, zwischen Tempelhof und Neuk\u00f6lln, sind erste Baufortschritte inzwischen deutlich sichtbar. \/ \u00a9 Foto: ENTWICKLUNGSSTADT<\/p>\n<p>Perspektive bis 2027 und Blick auf Versorgungssicherheit<\/p>\n<p data-start=\"2476\" data-end=\"2804\">Die Fertigstellung des Neubaus ist f\u00fcr das Jahr 2027 vorgesehen. Neben der baulichen Erweiterung setzt das Projekt auf weitgehend automatisierte Abf\u00fclllinien und zus\u00e4tzliche Kapazit\u00e4ten f\u00fcr fl\u00fcssige Arzneiformen. Auch Erweiterungsfl\u00e4chen innerhalb des Geb\u00e4udes bleiben bewusst reserviert, um k\u00fcnftiges Wachstum zu erm\u00f6glichen.<\/p>\n<p data-start=\"2806\" data-end=\"3135\" data-is-last-node=\"\" data-is-only-node=\"\">Mit dem Ausbau verkn\u00fcpfen die Beteiligten auch den Anspruch, die Arzneimittelproduktion in Deutschland und Europa langfristig stabiler aufzustellen. Der Standort Berlin bleibt damit Teil einer industriellen Entwicklung, die sich zunehmend auf Versorgungssicherheit und Produktionskapazit\u00e4ten im europ\u00e4ischen Kontext konzentriert.<\/p>\n<p>Quellen: Paul W. Beyvers GmbH<\/p>\n","protected":false},"excerpt":{"rendered":"An der Oberlandstra\u00dfe zwischen Tempelhof und Neuk\u00f6lln entsteht derzeit ein neuer, mehrst\u00f6ckiger Produktionskomplex f\u00fcr die Herstellung pharmazeutischer Arzneimittel.&hellip;\n","protected":false},"author":2,"featured_media":1108869,"comment_status":"","ping_status":"","sticky":false,"template":"","format":"standard","meta":{"footnotes":"","_share_on_mastodon":"0"},"categories":[1825],"tags":[32443,32449,296,190315,29,30,2580,2594],"class_list":["post-1108868","post","type-post","status-publish","format-standard","has-post-thumbnail","category-berlin","tag-bauprojekte-berlin-tempelhof","tag-bauvorhaben-tempelhof","tag-berlin","tag-berlin-neukoelln-gewerbe","tag-deutschland","tag-germany","tag-gewerbe-berlin","tag-neubau-gewerbe-berlin"],"share_on_mastodon":{"url":"https:\/\/pubeurope.com\/@de\/116783178531181078","error":""},"_links":{"self":[{"href":"https:\/\/www.europesays.com\/de\/wp-json\/wp\/v2\/posts\/1108868","targetHints":{"allow":["GET"]}}],"collection":[{"href":"https:\/\/www.europesays.com\/de\/wp-json\/wp\/v2\/posts"}],"about":[{"href":"https:\/\/www.europesays.com\/de\/wp-json\/wp\/v2\/types\/post"}],"author":[{"embeddable":true,"href":"https:\/\/www.europesays.com\/de\/wp-json\/wp\/v2\/users\/2"}],"replies":[{"embeddable":true,"href":"https:\/\/www.europesays.com\/de\/wp-json\/wp\/v2\/comments?post=1108868"}],"version-history":[{"count":0,"href":"https:\/\/www.europesays.com\/de\/wp-json\/wp\/v2\/posts\/1108868\/revisions"}],"wp:featuredmedia":[{"embeddable":true,"href":"https:\/\/www.europesays.com\/de\/wp-json\/wp\/v2\/media\/1108869"}],"wp:attachment":[{"href":"https:\/\/www.europesays.com\/de\/wp-json\/wp\/v2\/media?parent=1108868"}],"wp:term":[{"taxonomy":"category","embeddable":true,"href":"https:\/\/www.europesays.com\/de\/wp-json\/wp\/v2\/categories?post=1108868"},{"taxonomy":"post_tag","embeddable":true,"href":"https:\/\/www.europesays.com\/de\/wp-json\/wp\/v2\/tags?post=1108868"}],"curies":[{"name":"wp","href":"https:\/\/api.w.org\/{rel}","templated":true}]}}