{"id":1108946,"date":"2026-06-20T16:20:16","date_gmt":"2026-06-20T16:20:16","guid":{"rendered":"https:\/\/www.europesays.com\/de\/1108946\/"},"modified":"2026-06-20T16:20:16","modified_gmt":"2026-06-20T16:20:16","slug":"frankreich-kann-kommen-lipowitz-brilliert-bei-koenigsetappe-der-tour-generalprobe","status":"publish","type":"post","link":"https:\/\/www.europesays.com\/de\/1108946\/","title":{"rendered":"Frankreich kann kommen: Lipowitz brilliert bei K\u00f6nigsetappe der Tour-Generalprobe"},"content":{"rendered":"<p>Frankreich kann kommenLipowitz brilliert bei K\u00f6nigsetappe der Tour-Generalprobe<\/p>\n<p>Artikel anh\u00f6ren (02:46 min)<\/p>\n<p>20.06.2026 | 17:08 Uhr <\/p>\n<p>Florian Lipowitz geht mit gro\u00dfen Ambitionen in die diesj\u00e4hrige Tour de France. Die Form des Deutschen ist exzellent. Bei der Generalprobe in Slowenien gewinnt er die K\u00f6nigsetappe.<\/p>\n<p class=\"Typography_text-default__P3otY Typography_weight-normal__pqUbH StorylineParagraph_p__4mkZU\">Florian Lipowitz hat die K\u00f6nigsetappe der Slowenien-Rundfahrt gewonnen und sich genau zwei Wochen vor dem Beginn der Tour de France in starker Form pr\u00e4sentiert. Der 25 Jahre alte Ulmer vom Team Red Bull-Bora-hansgrohe setzte sich am Samstag nach anspruchsvollen 184,7 km zwischen Kranj und der Wintersport-Hochburg Kransjka Gora durch und \u00fcbernahm vor dem Schlusstag auch die Gesamtf\u00fchrung, die er mit nur vier Sekunden Vorsprung auf seinen Teamkollegen Giulio Pellizzari anf\u00fchrt.<\/p>\n<p class=\"Typography_text-default__P3otY Typography_weight-normal__pqUbH StorylineParagraph_p__4mkZU\">Die K\u00f6nigsetappe der Slowenien-Rundfahrt gewann der Tour-Dritte des Vorjahres im Finale einer Zweiergruppe gegen den Italiener Pellizzari. Am letzten Anstieg des Tages zum 1611 Meter hohen Vrsic-Pass hatte sich Lipowitz von Pellizzari abgesetzt, der in der Abfahrt zum Ziel aber wieder aufschloss.\u00a0Letztlich feierte Deutschlands bester Rundfahrer aber seinen erst vierten Sieg als Profi. Zuvor hatte er 2023 eine Etappe und die Gesamtwertung der Czech Tour sowie 2024 die Sibiu Tour gewonnen. Ein Sieg auf World-Tour-Level fehlt Lipowitz noch. <\/p>\n<p class=\"Typography_text-default__P3otY Typography_weight-normal__pqUbH StorylineParagraph_p__4mkZU\">&#8222;Ich bin sehr gl\u00fccklich, wieder einmal gewonnen zu haben nach fast zwei Jahren&#8220;, sagte Lipowitz im Sieger-Interview. &#8222;Die Etappe morgen wird noch einmal kitzlig.&#8220; Die letzte Etappe der Slowenien-Rundfahrt f\u00fchrt am Sonntag \u00fcber mittelschwere 169,4 km von Litija nach Novo Mesto. Lipowitz nimmt vier Sekunden Vorsprung auf Pellizzari mit.<\/p>\n<p>Kann Lipowitz Pogacars F\u00fcnf verhindern?<\/p>\n<p class=\"Typography_text-default__P3otY Typography_weight-normal__pqUbH StorylineParagraph_p__4mkZU\">Lipowitz hatte die kleine Rundfahrt in Slowenien als H\u00e4rtetest f\u00fcr die am 4. Juli in Barcelona beginnende Tour de France gew\u00e4hlt. Neben Red Bull ist in Bahrain Victorious nur ein weiteres World-Tour-Team am Start. Topstar Tadej Pogacar, der mit zwei Siegen zu den Rekordgewinnern der Slowenien-Rundfahrt geh\u00f6rt, fehlt diesmal bei seinem Heimrennen und bestreitet parallel die Tour de Suisse. <\/p>\n<p class=\"Typography_text-default__P3otY Typography_weight-normal__pqUbH StorylineParagraph_p__4mkZU\">Der Superstar peilt bei der Tour de France seinen f\u00fcnften Gesamtsieg an, mit er mit den Rekordsiegern Jacques Anquetil, Eddy Merckx, Bernard Hinault und Miguel Indurain gleichziehen w\u00fcrde. Neben Dauerrivale Jonas Vingegaard, der j\u00fcngst den Giro d&#8217;Italia gewann, geh\u00f6rt Lipowitz zu den sch\u00e4rfsten Kontrahenten Pogacars. Mit Spannung erwartet wird zudem das Tour-Deb\u00fct des 19-j\u00e4hrigen franz\u00f6sische Supertalents Paul Seixas.<\/p>\n<p>Pogacar bei Tour de Suisse eine Klasse f\u00fcr sich<\/p>\n<p class=\"Typography_text-default__P3otY Typography_weight-normal__pqUbH StorylineParagraph_p__4mkZU\">Pogacar indes pr\u00e4sentiert sich bei der Tour de Suisse in bestechender Form und steht kurz davor, die Rundfahrt zu gewinnen. Der Weltmeister vom Team UAE Emirates-XRG entschied das Einzelzeitfahren der vierten Etappe f\u00fcr sich, in einem Hundertstel-Krimi um den Sieg setzte sich der Slowene gegen seinen Klassikerrivalen Mathieu van der Poel durch.<\/p>\n<p class=\"Typography_text-default__P3otY Typography_weight-normal__pqUbH StorylineParagraph_p__4mkZU\">F\u00fcr die 23,7 \u00fcberwiegend flachen Kilometer in Aarburg ben\u00f6tigte Pogacar 26:37,99 Minuten, nach dem Solo-Erfolg zum Auftakt feierte er seinen zweiten Tagessieg. Der Niederl\u00e4nder van der Poel (Alpecin-Premier Tech) kam nur 31 Hundertstelsekunden dahinter auf Rang zwei. Dritter wurde der ehemalige Zeitfahr-Weltmeister Tobias Foss (+0:06 Minuten\/Netcompany Ineos) aus Norwegen. Nils Politt, wichtiger Helfer von Pogacar, kam als bester Deutscher auf Rang 14 (+0:43).<\/p>\n<p class=\"Typography_text-default__P3otY Typography_weight-normal__pqUbH StorylineParagraph_p__4mkZU\">Pogacar, der seine Generalprobe f\u00fcr die Frankreich-Rundfahrt (4. bis 26. Juli) bestreitet, \u00fcberholte gar seinen vor ihm gestarteten Verfolger Richard Carapaz (EF Education-EasyPost) und baute seine F\u00fchrung in der Gesamtwertung um rund anderthalb Minuten aus. Vor der letzten Etappe am Sonntag liegt der 27-J\u00e4hrige 4:22 Minuten vor Tokio-Olympiasieger Carapaz aus Ecuador. Mit dem Erfolg in der Schweiz w\u00fcrde Pogacar eine weitere L\u00fccke in seiner Titelsammlung schlie\u00dfen.<\/p>\n<p>Verwendete Quellen: ntv.de, mar\/sid<\/p>\n","protected":false},"excerpt":{"rendered":"Frankreich kann kommenLipowitz brilliert bei K\u00f6nigsetappe der Tour-Generalprobe Artikel anh\u00f6ren (02:46 min) 20.06.2026 | 17:08 Uhr Florian Lipowitz&hellip;\n","protected":false},"author":2,"featured_media":1108947,"comment_status":"","ping_status":"","sticky":false,"template":"","format":"standard","meta":{"footnotes":"","_share_on_mastodon":"0"},"categories":[3974],"tags":[331,332,548,663,3934,62631,3980,156,13,14,15,9408,12,9410],"class_list":["post-1108946","post","type-post","status-publish","format-standard","has-post-thumbnail","category-frankreich","tag-aktuelle-nachrichten","tag-aktuelle-news","tag-eu","tag-europa","tag-europe","tag-florian-lipowitz","tag-france","tag-frankreich","tag-headlines","tag-nachrichten","tag-news","tag-radsport","tag-schlagzeilen","tag-tadej-pogacar"],"share_on_mastodon":{"url":"https:\/\/pubeurope.com\/@de\/116783351429496429","error":""},"_links":{"self":[{"href":"https:\/\/www.europesays.com\/de\/wp-json\/wp\/v2\/posts\/1108946","targetHints":{"allow":["GET"]}}],"collection":[{"href":"https:\/\/www.europesays.com\/de\/wp-json\/wp\/v2\/posts"}],"about":[{"href":"https:\/\/www.europesays.com\/de\/wp-json\/wp\/v2\/types\/post"}],"author":[{"embeddable":true,"href":"https:\/\/www.europesays.com\/de\/wp-json\/wp\/v2\/users\/2"}],"replies":[{"embeddable":true,"href":"https:\/\/www.europesays.com\/de\/wp-json\/wp\/v2\/comments?post=1108946"}],"version-history":[{"count":0,"href":"https:\/\/www.europesays.com\/de\/wp-json\/wp\/v2\/posts\/1108946\/revisions"}],"wp:featuredmedia":[{"embeddable":true,"href":"https:\/\/www.europesays.com\/de\/wp-json\/wp\/v2\/media\/1108947"}],"wp:attachment":[{"href":"https:\/\/www.europesays.com\/de\/wp-json\/wp\/v2\/media?parent=1108946"}],"wp:term":[{"taxonomy":"category","embeddable":true,"href":"https:\/\/www.europesays.com\/de\/wp-json\/wp\/v2\/categories?post=1108946"},{"taxonomy":"post_tag","embeddable":true,"href":"https:\/\/www.europesays.com\/de\/wp-json\/wp\/v2\/tags?post=1108946"}],"curies":[{"name":"wp","href":"https:\/\/api.w.org\/{rel}","templated":true}]}}