{"id":1108956,"date":"2026-06-20T16:25:14","date_gmt":"2026-06-20T16:25:14","guid":{"rendered":"https:\/\/www.europesays.com\/de\/1108956\/"},"modified":"2026-06-20T16:25:14","modified_gmt":"2026-06-20T16:25:14","slug":"bericht-st-pauli-konkurrent-moechte-stuermer-zurueck-nach-deutschland-holen","status":"publish","type":"post","link":"https:\/\/www.europesays.com\/de\/1108956\/","title":{"rendered":"Bericht: St. Pauli-Konkurrent m\u00f6chte St\u00fcrmer zur\u00fcck nach Deutschland holen"},"content":{"rendered":"<p>Seit letztem Sommer spielt er beim FC Basel in der Schweiz \u2013 nun k\u00f6nnte es f\u00fcr ihn zur\u00fcck nach Deutschland gehen. Wie Sky berichtet, m\u00f6chte der Karlsruher SC gerne Moritz Broschinski zur\u00fcck nach Deutschland holen. <\/p>\n<p> Der 25-J\u00e4hrige konnte sich in der Schweiz noch nicht wirklich durchsetzen und sei daher an einer Leihe zur\u00fcck nach Deutschland interessiert. Broschinski hatte vor seinem Wechsel nach Basel beim VfL Bochum gespielt, dort hatte er zwei Jahre Erfahrung in der ersten Liga gesammelt. Insgesamt hat er 70 Bundesliga-Partien absolviert, in diesen gelangen ihm f\u00fcnf Tore.<\/p>\n","protected":false},"excerpt":{"rendered":"Seit letztem Sommer spielt er beim FC Basel in der Schweiz \u2013 nun k\u00f6nnte es f\u00fcr ihn zur\u00fcck&hellip;\n","protected":false},"author":2,"featured_media":422224,"comment_status":"","ping_status":"","sticky":false,"template":"","format":"standard","meta":{"footnotes":"","_share_on_mastodon":"0"},"categories":[2],"tags":[331,3924,332,3922,3364,29,40621,30,13,3850,19763,30682,14,3923,15,3921,12,234732,8173],"class_list":["post-1108956","post","type-post","status-publish","format-standard","has-post-thumbnail","category-deutschland","tag-aktuelle-nachrichten","tag-aktuelle-nachrichten-aus-deutschland","tag-aktuelle-news","tag-aktuelle-news-aus-deutschland","tag-de","tag-deutschland","tag-fc-basel","tag-germany","tag-headlines","tag-karlsruher-sc","tag-leihe","tag-moritz-broschinski","tag-nachrichten","tag-nachrichten-aus-deutschland","tag-news","tag-news-aus-deutschland","tag-schlagzeilen","tag-st-pauli-konkurrent","tag-vfl-bochum"],"share_on_mastodon":{"url":"https:\/\/pubeurope.com\/@de\/116783371228563584","error":""},"_links":{"self":[{"href":"https:\/\/www.europesays.com\/de\/wp-json\/wp\/v2\/posts\/1108956","targetHints":{"allow":["GET"]}}],"collection":[{"href":"https:\/\/www.europesays.com\/de\/wp-json\/wp\/v2\/posts"}],"about":[{"href":"https:\/\/www.europesays.com\/de\/wp-json\/wp\/v2\/types\/post"}],"author":[{"embeddable":true,"href":"https:\/\/www.europesays.com\/de\/wp-json\/wp\/v2\/users\/2"}],"replies":[{"embeddable":true,"href":"https:\/\/www.europesays.com\/de\/wp-json\/wp\/v2\/comments?post=1108956"}],"version-history":[{"count":0,"href":"https:\/\/www.europesays.com\/de\/wp-json\/wp\/v2\/posts\/1108956\/revisions"}],"wp:featuredmedia":[{"embeddable":true,"href":"https:\/\/www.europesays.com\/de\/wp-json\/wp\/v2\/media\/422224"}],"wp:attachment":[{"href":"https:\/\/www.europesays.com\/de\/wp-json\/wp\/v2\/media?parent=1108956"}],"wp:term":[{"taxonomy":"category","embeddable":true,"href":"https:\/\/www.europesays.com\/de\/wp-json\/wp\/v2\/categories?post=1108956"},{"taxonomy":"post_tag","embeddable":true,"href":"https:\/\/www.europesays.com\/de\/wp-json\/wp\/v2\/tags?post=1108956"}],"curies":[{"name":"wp","href":"https:\/\/api.w.org\/{rel}","templated":true}]}}