{"id":1109407,"date":"2026-06-20T20:54:28","date_gmt":"2026-06-20T20:54:28","guid":{"rendered":"https:\/\/www.europesays.com\/de\/1109407\/"},"modified":"2026-06-20T20:54:28","modified_gmt":"2026-06-20T20:54:28","slug":"msv-news-kw-25-u19-talent-wechselt-an-den-uhlenkrug","status":"publish","type":"post","link":"https:\/\/www.europesays.com\/de\/1109407\/","title":{"rendered":"MSV-News KW 25: U19-Talent wechselt an den Uhlenkrug"},"content":{"rendered":"<p><a data-google-interstitial=\"false\" target=\"_blank\" rel=\"noopener nofollow\" href=\"https:\/\/rp-online.de\"><img decoding=\"async\" loading=\"eager\" src=\"https:\/\/image.fupa.net\/cobranding-white\/5WaGLwM8E9Sb\/image.svg\" alt=\"\" title=\"\" width=\"400\" height=\"80\" class=\"sc-wadapo-3 ftUxsc\"\/><\/a>Mit Yannik Scholl wechselt ein Leistungstr\u00e4ger aus dem Nachwuchs des MSV Duisburg zum ETB Schwarz-Wei\u00df Essen<\/p>\n<p>von Marcel Eichholz \u00b7 Gestern, 11:20 Uhr \u00b7 0 Leser<\/p>\n<p><img fetchpriority=\"high\" decoding=\"async\" loading=\"eager\" src=\"https:\/\/www.europesays.com\/de\/wp-content\/uploads\/2026\/06\/1781988868_477_960x640.jpeg\" alt=\"Alle MSV-News im \u00dcberblick.\" title=\"Alle MSV-News im \u00dcberblick.\" width=\"960\" height=\"640\" class=\"sc-wadapo-3 klmthQ\"\/>Alle MSV-News im \u00dcberblick. \u2013 Foto: Marcel Eichholz<\/p>\n<p>Im w\u00f6chentlichen \u00dcberblick bringt euch FuPa Niederrhein die aktuellen News rund um den MSV Duisburg direkt auf euer mobiles Endger\u00e4t. In KW25 findet ein ehemaliger Cheftrainer der Zebras einen neuen Posten. Au\u00dferdem erfreuen sich die Dauerkarten weiter einer sehr gro\u00dfen Beliebtheit und es gibt Eintrittskarten f\u00fcr das Vorbereitungsspiel bei Preu\u00dfen Duisburg.<\/p>\n<p> 19. Juni, 11.15 Uhr: Yannik Scholl wechselt zum ETB <\/p>\n<p>Yannik Scholl verl\u00e4sst den MSV Duisburg. Der 18-J\u00e4hrige geh\u00f6rte zu den Leistungstr\u00e4gern der vergangenen Saison in der U19 der Zebras. Nun will er seine ersten Schritte bei den Senioren machen. Gelingen soll ihm das beim ETB Schwarz-Wei\u00df Essen in der Oberliga Niederrhein. Essens Sportlicher Leiter, J\u00fcrgen Lucas, freut sich dar\u00fcber, das Yannik sich trotz vieler Angebote f\u00fcr den ETB entschieden hat. Besonders der Zug zum Tor, seine Beidf\u00fc\u00dfigkeit und die St\u00e4rken im Dribbling haben die Verantwortlichen am Uhlenkrug \u00fcberzeugt.<\/p>\n<p> 17. Juni, 17.15 Uhr: Ziegner \u00fcbernimmt Lok Leipzig <\/p>\n<p>Ex-MSV-Coach Torsten Ziegner hat einen neuen Job. Er \u00fcbernimmt die Nachfolge von Jochen Seitz beim 1. FC Lok Leipzig. Der ambitionierte Regionalligist war erst j\u00fcngst zum zweiten Mal in der Aufstiegsrelegation zur 3. Liga gescheitert. Ziegner sei der &#8222;erfahrene Fachmann&#8220;, der in das gesuchte Anforderungsprofil der Verantwortlichen gepasst hat, &#8222;f\u00fcr die Aufgabe beim 1. FC Lok brennt und der die Entwicklung unserer Mannschaft weiter vorantreiben wird.&#8220; Seit September 2023 hat Ziegner keine Mannschaft mehr betreut.<\/p>\n<p>  16. Juni, 14 Uhr: So gibt es Karten f\u00fcr Preu\u00dfen <\/p>\n<p>Stolze 125 Jahre wird der Duisburger Sportclub Preu\u00dfen in diesem Jahr alt und ist damit genau ein Jahr \u00e4lter als der Meidericher Spielverein. Zur Geburtstagsparty kommt der Drittligist zum Testspiel an die Futterstra\u00dfe. Gekickt wird am 3. Juli um 18 Uhr. Tickets gibt es im Vorverkauf f\u00fcr acht Euro, an der Tageskasse werden zehn Euro f\u00e4llig. &#8222;Ein historischer Geburtstag verdient eine ganz besondere Kulisse! Anl\u00e4sslich unseres 125-j\u00e4hrigen Bestehens freuen wir uns riesig auf ein echtes Duisburger Traditionsduell. Der Duisburger Sportclub Preu\u00dfen von 1901 e. V. empf\u00e4ngt den MSV Duisburg zu einem geschichtstr\u00e4chtigen Match auf unserer heimischen Anlage&#8220;, schreibt Preu\u00dfen in den Vereinsmedien.<\/p>\n<p>  15. Juni, 18 Uhr: DK-Verkauf knackt 6.000er Marke <\/p>\n<p>Dauerkarten f\u00fcr die Spiele in der Saison 2026\/27 sind bei den Fans des MSV Duisburg weiter hei\u00df begehrt. Zu Wochenbeginn knackte der Verein die Marke von 6.000 verkauften Saisonabos. Am Montag waren 6.102 Dauerkarten \u00fcber die Ladentheke gewandert, womit nun fast so viele Dauerkarten verkauft wurden, wie vor Saisonbeginn der abgeschlossenen Spielzeit. Bis zum Ligastart sind es derweil noch mehr als sieben Wochen hin.<\/p>\n","protected":false},"excerpt":{"rendered":"Mit Yannik Scholl wechselt ein Leistungstr\u00e4ger aus dem Nachwuchs des MSV Duisburg zum ETB Schwarz-Wei\u00df Essen von Marcel&hellip;\n","protected":false},"author":2,"featured_media":1109408,"comment_status":"","ping_status":"","sticky":false,"template":"","format":"standard","meta":{"footnotes":"","_share_on_mastodon":"0"},"categories":[1838],"tags":[12440,995,3364,29,3715,30,3721,1209,3458,139100],"class_list":["post-1109407","post","type-post","status-publish","format-standard","has-post-thumbnail","category-duisburg","tag-1-fc-lokomotive-leipzig","tag-3-liga","tag-de","tag-deutschland","tag-duisburg","tag-germany","tag-msv-duisburg","tag-nordrhein-westfalen","tag-regionalliga-nordost","tag-torsten-ziegner"],"share_on_mastodon":{"url":"https:\/\/pubeurope.com\/@de\/116784429315693966","error":""},"_links":{"self":[{"href":"https:\/\/www.europesays.com\/de\/wp-json\/wp\/v2\/posts\/1109407","targetHints":{"allow":["GET"]}}],"collection":[{"href":"https:\/\/www.europesays.com\/de\/wp-json\/wp\/v2\/posts"}],"about":[{"href":"https:\/\/www.europesays.com\/de\/wp-json\/wp\/v2\/types\/post"}],"author":[{"embeddable":true,"href":"https:\/\/www.europesays.com\/de\/wp-json\/wp\/v2\/users\/2"}],"replies":[{"embeddable":true,"href":"https:\/\/www.europesays.com\/de\/wp-json\/wp\/v2\/comments?post=1109407"}],"version-history":[{"count":0,"href":"https:\/\/www.europesays.com\/de\/wp-json\/wp\/v2\/posts\/1109407\/revisions"}],"wp:featuredmedia":[{"embeddable":true,"href":"https:\/\/www.europesays.com\/de\/wp-json\/wp\/v2\/media\/1109408"}],"wp:attachment":[{"href":"https:\/\/www.europesays.com\/de\/wp-json\/wp\/v2\/media?parent=1109407"}],"wp:term":[{"taxonomy":"category","embeddable":true,"href":"https:\/\/www.europesays.com\/de\/wp-json\/wp\/v2\/categories?post=1109407"},{"taxonomy":"post_tag","embeddable":true,"href":"https:\/\/www.europesays.com\/de\/wp-json\/wp\/v2\/tags?post=1109407"}],"curies":[{"name":"wp","href":"https:\/\/api.w.org\/{rel}","templated":true}]}}