{"id":1109446,"date":"2026-06-20T21:21:17","date_gmt":"2026-06-20T21:21:17","guid":{"rendered":"https:\/\/www.europesays.com\/de\/1109446\/"},"modified":"2026-06-20T21:21:17","modified_gmt":"2026-06-20T21:21:17","slug":"so-kam-es-zur-gueterzug-katastrophe-in-muenchen-vater-stirbt-regional","status":"publish","type":"post","link":"https:\/\/www.europesays.com\/de\/1109446\/","title":{"rendered":"So kam es zur G\u00fcterzug-Katastrophe in M\u00fcnchen \u2013 Vater stirbt | Regional"},"content":{"rendered":"<p><a class=\"skip-content skip-content--link\" href=\"#in-content-skip-link-target-v-0-0\">TTS-Player \u00fcberspringen\u21b5<\/a><a id=\"in-content-skip-link-target-v-0-0\" class=\"skip-content--target-link-hidden skip-content skip-content--target-link\" href=\"#in-content-skip-link-target-v-0-0\">Artikel weiterlesen<\/a><\/p>\n<p>M\u00fcnchen \u2013 <b>Um 1.40 Uhr am Samstagmorgen ging der Notruf bei der Polizei ein: Ein Zug sei im M\u00fcnchner Stadtteil Milbertshofen entgleist. Sofort r\u00fcckten Feuerwehr und Rettungsdienst zur Unfallstelle aus. Vor Ort ein erschreckendes Bild: Zwei Waggons eines G\u00fcterzuges waren von einer Eisenbahnbr\u00fccke auf die Schlei\u00dfheimer Stra\u00dfe gest\u00fcrzt, standen schr\u00e4g \u2013 ein Ende auf der Br\u00fcckenkante, ein Ende auf der Stra\u00dfe.<\/b><\/p>\n<p>Als <a href=\"https:\/\/www.bild.de\/themen\/organisationen\/feuerwehr\/politik-nachrichten-news-fotos-videos-20421624.bild.html\" class=\"text-link\" rel=\"nofollow noopener\" target=\"_blank\">Feuerwehrleute<\/a> die restlichen Waggons sichern wollten, fanden sie am Unfallort einen Mann. F\u00fcr ihn kam jede Hilfe zu sp\u00e4t. Wie sich danach herausstellte, handelt es sich bei ihm um einen Rangier-Begleiter (46) aus Hamburg. Er hinterl\u00e4sst eine Frau und zwei Kinder.<\/p>\n<p>Offenbar Haltesignal in M\u00fcnchen \u00fcbersehen<\/p>\n<p>Nach BILD-Informationen soll der 46-J\u00e4hrige auf dem Podest eines 700 Meter langen G\u00fcterzuges gewesen sein, der aus Moosach kommend in Richtung Osten geschoben wurde. Hei\u00dft: Die Lok war nicht am Anfang, sondern am Ende des Zuges. Rangier-Begleiter sind an der Spitze des Zuges und stehen \u00fcber Funk in Kontakt mit dem Zugf\u00fchrer, um diesem Anweisungen zu geben.<\/p>\n<p><img decoding=\"async\" width=\"992\" height=\"558\" alt=\"Die abgest\u00fcrzten Waggons hatten keine Ladung\" loading=\"lazy\" src=\"https:\/\/www.europesays.com\/de\/wp-content\/uploads\/2026\/06\/25b1c79e94e959f45912ff1ad2e229e9,18ef5a46.jpeg\"   class=\"landscape\"\/><\/p>\n<p class=\"fig__caption__text\">Die abgest\u00fcrzten Waggons hatten keine Ladung<\/p>\n<p>Foto: Stefan Puchner\/dpa<\/p>\n<p>An einer Weiche auf der Br\u00fccke \u00fcber der Schlei\u00dfheimer Stra\u00dfe dann das Ungl\u00fcck. Ermittler der <a href=\"https:\/\/www.bild.de\/regional\/aktuelles\/polizei\/polizeieinsatz-alle-infos-76681760.bild.html\" class=\"text-link\" rel=\"nofollow noopener\" target=\"_blank\">Polizei<\/a> gehen aktuell davon aus, dass der 46-J\u00e4hrige ein Haltesignal \u00fcbersehen haben k\u00f6nnte. Denn es n\u00e4herte sich bereits ein G\u00fcterzug aus der anderen Richtung.<\/p>\n<p>Autos und Linienbus von Tr\u00fcmmerteilen besch\u00e4digt<\/p>\n<p>Der Zug mit dem Rangier-Begleiter wechselte trotzdem \u00fcber die Weiche auf das Gleis des anderen Zuges, krachte seitlich mit ihm zusammen. <a href=\"https:\/\/www.bild.de\/news\/polizei-und-feuerwehr-im-grosseinsatz-gueterzug-faellt-in-muenchen-von-bruecke-6a35e6ad7e682fc37fc01145\" class=\"text-link\" rel=\"nofollow noopener\" target=\"_blank\">Beide G\u00fcterz\u00fcge entgleisten<\/a>, der 46-J\u00e4hrige war sofort tot. Durch die Wucht wurden zwei Waggons \u00fcber die Br\u00fccke in die Tiefe gedr\u00fcckt. Durch Tr\u00fcmmerteile wurden mehrere Autos und ein Linienbus besch\u00e4digt.<\/p>\n<p><img decoding=\"async\" width=\"992\" height=\"558\" alt=\"Die Waggons standen in V-Form zueinander\" loading=\"lazy\" src=\"https:\/\/www.europesays.com\/de\/wp-content\/uploads\/2026\/06\/dd84766a8fc956e81b929e693cb3043b,300e0abd.jpeg\"   class=\"landscape\"\/><\/p>\n<p class=\"fig__caption__text\">Die Waggons standen in V-Form zueinander<\/p>\n<p>Foto: picture alliance\/dpa<\/p>\n<p>Die Schlei\u00dfheimer Stra\u00dfe musste f\u00fcr mehrere Stunden gesperrt werden. Am Samstag r\u00fcckten zwei Kr\u00e4ne an, um die Waggons abzutransportieren. Die Arbeiten wurden von mehreren Menschen verfolgt und sollen bis Sonntag dauern.<\/p>\n<p><b>Transparenzhinweis:<\/b> In einer ersten Version des Artikels stand, dass es sich bei dem 46-J\u00e4hrigen um einen Rangierfahrer handelte. Wir haben den Begriff konkretisiert und schreiben nun Rangier-Begleiter.<\/p>\n","protected":false},"excerpt":{"rendered":"TTS-Player \u00fcberspringen\u21b5Artikel weiterlesen M\u00fcnchen \u2013 Um 1.40 Uhr am Samstagmorgen ging der Notruf bei der Polizei ein: Ein&hellip;\n","protected":false},"author":2,"featured_media":1109447,"comment_status":"","ping_status":"","sticky":false,"template":"","format":"standard","meta":{"footnotes":"","_share_on_mastodon":"0"},"categories":[1827],"tags":[772,29,4031,30,12301,15024,3178,1268,121,138370,3259,2624,15984],"class_list":["post-1109446","post","type-post","status-publish","format-standard","has-post-thumbnail","category-muenchen","tag-bayern","tag-deutschland","tag-eisenbahn","tag-germany","tag-keim-karl","tag-lokfuehrer","tag-milbertshofen","tag-muenchen","tag-polizei","tag-team-first","tag-tod","tag-unfaelle","tag-zugunglueck"],"share_on_mastodon":{"url":"","error":""},"_links":{"self":[{"href":"https:\/\/www.europesays.com\/de\/wp-json\/wp\/v2\/posts\/1109446","targetHints":{"allow":["GET"]}}],"collection":[{"href":"https:\/\/www.europesays.com\/de\/wp-json\/wp\/v2\/posts"}],"about":[{"href":"https:\/\/www.europesays.com\/de\/wp-json\/wp\/v2\/types\/post"}],"author":[{"embeddable":true,"href":"https:\/\/www.europesays.com\/de\/wp-json\/wp\/v2\/users\/2"}],"replies":[{"embeddable":true,"href":"https:\/\/www.europesays.com\/de\/wp-json\/wp\/v2\/comments?post=1109446"}],"version-history":[{"count":0,"href":"https:\/\/www.europesays.com\/de\/wp-json\/wp\/v2\/posts\/1109446\/revisions"}],"wp:featuredmedia":[{"embeddable":true,"href":"https:\/\/www.europesays.com\/de\/wp-json\/wp\/v2\/media\/1109447"}],"wp:attachment":[{"href":"https:\/\/www.europesays.com\/de\/wp-json\/wp\/v2\/media?parent=1109446"}],"wp:term":[{"taxonomy":"category","embeddable":true,"href":"https:\/\/www.europesays.com\/de\/wp-json\/wp\/v2\/categories?post=1109446"},{"taxonomy":"post_tag","embeddable":true,"href":"https:\/\/www.europesays.com\/de\/wp-json\/wp\/v2\/tags?post=1109446"}],"curies":[{"name":"wp","href":"https:\/\/api.w.org\/{rel}","templated":true}]}}