{"id":1109458,"date":"2026-06-20T21:27:24","date_gmt":"2026-06-20T21:27:24","guid":{"rendered":"https:\/\/www.europesays.com\/de\/1109458\/"},"modified":"2026-06-20T21:27:24","modified_gmt":"2026-06-20T21:27:24","slug":"in-charlottenburg-mann-mit-kippa-bedroht-beleidigt-und-bespuckt-regional","status":"publish","type":"post","link":"https:\/\/www.europesays.com\/de\/1109458\/","title":{"rendered":"In Charlottenburg: Mann mit Kippa bedroht, beleidigt und bespuckt | Regional"},"content":{"rendered":"<p><img loading=\"lazy\" decoding=\"async\" src=\"https:\/\/www.europesays.com\/de\/wp-content\/uploads\/2026\/06\/vgzm.2150080-6a36b16b7e682fc37fc01a4d.gif\" width=\"1\" height=\"1\" alt=\"\" class=\"vgwort-pixel\"\/>Mitten in Berlin: Mann mit Kippa bedroht, beleidigt und bespucktPolizei stellt arabischst\u00e4mmigen Angreifer<img fetchpriority=\"high\" decoding=\"async\" width=\"992\" height=\"558\" alt=\"Ein 48-J\u00e4hriger mit Kippa wurde am Sonnabend attackiert\" loading=\"eager\" src=\"https:\/\/www.europesays.com\/de\/wp-content\/uploads\/2026\/06\/a51b065b57a49999fd148aab4de027b6,5bd43228.jpeg\"   class=\"landscape\"\/><\/p>\n<p class=\"fig__caption__text\">Ein 48-J\u00e4hriger mit Kippa wurde am Sonnabend attackiert (Symbolfoto)<\/p>\n<p>Foto: Hannes P Albert\/dpa<\/p>\n<p>20.06.2026 &#8211; 18:08 Uhr <a class=\"skip-content skip-content--link\" href=\"#in-content-skip-link-target-v-0-0\">TTS-Player \u00fcberspringen\u21b5<\/a><a id=\"in-content-skip-link-target-v-0-0\" class=\"skip-content--target-link-hidden skip-content skip-content--target-link\" href=\"#in-content-skip-link-target-v-0-0\">Artikel weiterlesen<\/a><\/p>\n<p>Berlin \u2013 <b>In Berlin-Charlottenburg ist ein Mann (48) mit einer Kippa von einem 31-J\u00e4hrigen bedroht, beleidigt und sogar bespuckt worden. Nach BILD-Informationen soll der T\u00e4ter arabischst\u00e4mmig sein. Besonders widerw\u00e4rtig: Er ging offenbar auch auf die Kinder des Angegriffenen los.<\/b><\/p>\n<p>Gegen 15.15 Uhr war der 48-J\u00e4hrige an der Uhlandstra\u00dfe in Berlin-Charlottenburg mit zwei Kindern unterwegs. Pl\u00f6tzlich soll er von dem 31-J\u00e4hrigen bedroht und beleidigt worden sein. \u201eDaraufhin soll es erst zu einer verbalen Auseinandersetzung und dann zu einer K\u00f6rperverletzung gekommen sein\u201c, sagt eine Polizeisprecherin. Die Kippa ist ein Symbol des j\u00fcdischen Glaubens.<\/p>\n<p>Araber bespuckt auch zwei Kinder<\/p>\n<p>Schlie\u00dflich soll der Angreifer dem 48-J\u00e4hrigen und den danebenstehenden Kindern auch noch ins Gesicht gespuckt haben. Zeugen alarmierten die Polizei, die den Verd\u00e4chtigen f\u00fcr eine Blutabnahme in den Polizeigewahrsam brachte. Beim Landeskriminalamt wird jetzt gepr\u00fcft, ob es sich um einen antisemitischen Vorfall handelt.<\/p>\n<p class=\"article-content-user-report\"><a href=\"mailto:fehler-melden-news@bild.de?body=%0A%0A%0AURL%3A%20https%3A%2F%2Fwww.bild.de%2Fregional%2Fberlin%2Fin-charlottenburg-mann-mit-kippa-bedroht-beleidigt-und-bespuckt-6a36b16b7e682fc37fc01a4d%0ADatum%3A%2020.6.2026%2C%2018%3A10%3A38%0A\" target=\"_blank\" rel=\"noopener\" class=\"anchor anchor--external\">Haben Sie Fehler entdeckt? M\u00f6chten Sie etwas kritisieren? Dann schreiben Sie uns gerne!<\/a><\/p>\n","protected":false},"excerpt":{"rendered":"Mitten in Berlin: Mann mit Kippa bedroht, beleidigt und bespucktPolizei stellt arabischst\u00e4mmigen Angreifer Ein 48-J\u00e4hriger mit Kippa wurde&hellip;\n","protected":false},"author":2,"featured_media":1109459,"comment_status":"","ping_status":"","sticky":false,"template":"","format":"standard","meta":{"footnotes":"","_share_on_mastodon":"0"},"categories":[1825],"tags":[712,25834,296,531,29,30,682,121,138370],"class_list":["post-1109458","post","type-post","status-publish","format-standard","has-post-thumbnail","category-berlin","tag-antisemitismus","tag-beleidigung","tag-berlin","tag-charlottenburg-wilmersdorf","tag-deutschland","tag-germany","tag-koerperverletzung","tag-polizei","tag-team-first"],"share_on_mastodon":{"url":"https:\/\/pubeurope.com\/@de\/116784558993527533","error":""},"_links":{"self":[{"href":"https:\/\/www.europesays.com\/de\/wp-json\/wp\/v2\/posts\/1109458","targetHints":{"allow":["GET"]}}],"collection":[{"href":"https:\/\/www.europesays.com\/de\/wp-json\/wp\/v2\/posts"}],"about":[{"href":"https:\/\/www.europesays.com\/de\/wp-json\/wp\/v2\/types\/post"}],"author":[{"embeddable":true,"href":"https:\/\/www.europesays.com\/de\/wp-json\/wp\/v2\/users\/2"}],"replies":[{"embeddable":true,"href":"https:\/\/www.europesays.com\/de\/wp-json\/wp\/v2\/comments?post=1109458"}],"version-history":[{"count":0,"href":"https:\/\/www.europesays.com\/de\/wp-json\/wp\/v2\/posts\/1109458\/revisions"}],"wp:featuredmedia":[{"embeddable":true,"href":"https:\/\/www.europesays.com\/de\/wp-json\/wp\/v2\/media\/1109459"}],"wp:attachment":[{"href":"https:\/\/www.europesays.com\/de\/wp-json\/wp\/v2\/media?parent=1109458"}],"wp:term":[{"taxonomy":"category","embeddable":true,"href":"https:\/\/www.europesays.com\/de\/wp-json\/wp\/v2\/categories?post=1109458"},{"taxonomy":"post_tag","embeddable":true,"href":"https:\/\/www.europesays.com\/de\/wp-json\/wp\/v2\/tags?post=1109458"}],"curies":[{"name":"wp","href":"https:\/\/api.w.org\/{rel}","templated":true}]}}