{"id":1109546,"date":"2026-06-20T22:21:26","date_gmt":"2026-06-20T22:21:26","guid":{"rendered":"https:\/\/www.europesays.com\/de\/1109546\/"},"modified":"2026-06-20T22:21:26","modified_gmt":"2026-06-20T22:21:26","slug":"marode-infrastruktur-bonner-buergermeister-will-geld-vom-bund-fuer-oepnv-2","status":"publish","type":"post","link":"https:\/\/www.europesays.com\/de\/1109546\/","title":{"rendered":"Marode Infrastruktur: Bonner B\u00fcrgermeister will Geld vom Bund f\u00fcr \u00d6PNV"},"content":{"rendered":"<p class=\"paragraph article__item\">Nachdem feststeht, dass die Bonner Nordbr\u00fccke f\u00fcr mindestens zwei Jahre gesperrt bleibt, fordert der Bonner Oberb\u00fcrgermeister Guido D\u00e9us (<a class=\"rtr-entity\" href=\"https:\/\/www.zeit.de\/thema\/cdu\" rel=\"nofollow noopener\" target=\"_blank\">CDU<\/a>) Geld vom Bund f\u00fcr den \u00f6ffentlichen Personennahverkehr (\u00d6PNV). Es gehe jetzt um den Ausbau von Bussen und Bahnen, sagte D\u00e9us im WDR 5 Morgenecho.\u00a0\n<\/p>\n<p>Aktuelles<\/p>\n<p>                <a href=\"https:\/\/www.zeit.de\/mobilitaet\/2026-06\/bonner-nordbruecke-a565-sperrung-abriss-neubau-gxe\" data-ct-label=\"Verkehr: Bonner Nordbr\u00fccke wird abgerissen und neu gebaut\" data-uuid=\"15414c55-c244-4bf3-bd2b-e9a80823bcfd\" rel=\"nofollow noopener\" target=\"_blank\"><\/p>\n<p>                        Verkehr:<br \/>\n                        Bonner Nordbr\u00fccke wird abgerissen und neu gebaut<\/p>\n<p>                <\/a><\/p>\n<p>                <a href=\"https:\/\/www.zeit.de\/mobilitaet\/2026-06\/bahnstrecke-berlin-hannover-generalsanierung-sperrung-fernverkehr-gxe\" data-ct-label=\"Deutsche Bahn: Deutsche Bahn k\u00fcndigt Bauarbeiten zwischen Berlin und Hannover an\" data-uuid=\"60da8a8a-2d65-4901-bf2d-0bf4aa358fe2\" rel=\"nofollow noopener\" target=\"_blank\"><\/p>\n<p>                        Deutsche Bahn:<br \/>\n                        Deutsche Bahn k\u00fcndigt Bauarbeiten zwischen Berlin und Hannover an<\/p>\n<p>                <\/a><\/p>\n<p>                <a href=\"https:\/\/www.zeit.de\/mobilitaet\/2026-06\/elektrobusse-elektromobilitaet-erfurt-startup-strassenverkehr\" data-ct-label=\"Elektrobusse: Und zack ist der Dieselbus sauber\" data-uuid=\"7319c37d-bcd2-4c79-b50f-62c4396bb30c\" rel=\"nofollow noopener\" target=\"_blank\"><\/p>\n<p>                        Elektrobusse:<br \/>\n                        Und zack ist der Dieselbus sauber<\/p>\n<p>                <\/a><\/p>\n<p class=\"paragraph article__item\">Eigentlich sind f\u00fcr den \u00d6PNV die Kommunen zust\u00e4ndig. In diesem Fall einer echten \u00abVerkehrskatastrophe\u00bb sehe er das aber anders, sagte D\u00e9us. <a class=\"rtr-entity\" href=\"https:\/\/www.zeit.de\/thema\/bonn\" rel=\"nofollow noopener\" target=\"_blank\">Bonn<\/a> habe jetzt f\u00fcr zweieinhalb Jahre eine \u00ababsolute Ausnahmesituation\u00bb vor sich.\n<\/p>\n<p class=\"paragraph article__item\">Ziel sei es, mehr Menschen zum Umstieg auf Busse und Bahnen zu bewegen. \u00abWenn wir versuchen, Verkehr von den Stra\u00dfen, vom Individualverkehr wegzubekommen und die Menschen auf \u00d6PNV zu bekommen, dann sollte der Bund auch eigenes Interesse daran haben, weil das n\u00e4mlich die Kosten der Reparaturen, die nachher anstehen, senken wird.\u00bb\n<\/p>\n<p>            Kostenloser \u00d6PNV in Bonn endet wahrscheinlich            <\/p>\n<p class=\"paragraph article__item\">Der wegen der Sperrung der Nordbr\u00fccke zun\u00e4chst kostenlos angebotene \u00d6PNV in Bonn werde wahrscheinlich enden m\u00fcssen, sagte D\u00e9us. Ohne finanzielle Hilfe von au\u00dfen k\u00f6nne die Stadt das nicht allein stemmen. \u00abBonn geht es so wie vielen Kommunen, wir sind unterfinanziert, wir sind am Rande des Haushaltssicherungskonzeptes.\u00bb\u00a0\n<\/p>\n<p class=\"paragraph article__item\">Am Freitag war mitgeteilt worden, dass die Bonner Nordbr\u00fccke der Autobahn 565 f\u00fcr mehr als zwei Jahre komplett gesperrt bleibt. Der besch\u00e4digte Br\u00fcckenteil soll abgerissen und neu gebaut werden. Die marode Br\u00fccke ist die wichtigste Ost-West-Verbindung f\u00fcr die Region.\u00a0\n<\/p>\n<p class=\"paragraph article__item\">Bereits seit Februar galt ein Fahrverbot f\u00fcr Lastwagen \u00fcber 7,5 Tonnen. Anfang Juni wurde die Autobahnbr\u00fccke \u00fcber den Rhein dann wegen massiver Sch\u00e4den komplett f\u00fcr den Verkehr gesperrt. Vorher wurde sie t\u00e4glich von mehr als 100.000 Fahrzeugen genutzt.\n<\/p>\n<p class=\"paragraph article__item\">\u00a9 dpa-infocom, dpa:260620-930-253872\/1<\/p>\n","protected":false},"excerpt":{"rendered":"Nachdem feststeht, dass die Bonner Nordbr\u00fccke f\u00fcr mindestens zwei Jahre gesperrt bleibt, fordert der Bonner Oberb\u00fcrgermeister Guido D\u00e9us&hellip;\n","protected":false},"author":2,"featured_media":1109547,"comment_status":"","ping_status":"","sticky":false,"template":"","format":"standard","meta":{"footnotes":"","_share_on_mastodon":"0"},"categories":[1842],"tags":[123549,1741,31,3364,29,666,30,5544,119306,15,171723,1209,225],"class_list":["post-1109546","post","type-post","status-publish","format-standard","has-post-thumbnail","category-bonn","tag-guido-deus","tag-bonn","tag-cdu","tag-de","tag-deutschland","tag-geld","tag-germany","tag-infrastruktur","tag-marode-infrastruktur","tag-news","tag-nordbruecke","tag-nordrhein-westfalen","tag-wdr"],"share_on_mastodon":{"url":"https:\/\/pubeurope.com\/@de\/116784771109617509","error":""},"_links":{"self":[{"href":"https:\/\/www.europesays.com\/de\/wp-json\/wp\/v2\/posts\/1109546","targetHints":{"allow":["GET"]}}],"collection":[{"href":"https:\/\/www.europesays.com\/de\/wp-json\/wp\/v2\/posts"}],"about":[{"href":"https:\/\/www.europesays.com\/de\/wp-json\/wp\/v2\/types\/post"}],"author":[{"embeddable":true,"href":"https:\/\/www.europesays.com\/de\/wp-json\/wp\/v2\/users\/2"}],"replies":[{"embeddable":true,"href":"https:\/\/www.europesays.com\/de\/wp-json\/wp\/v2\/comments?post=1109546"}],"version-history":[{"count":0,"href":"https:\/\/www.europesays.com\/de\/wp-json\/wp\/v2\/posts\/1109546\/revisions"}],"wp:featuredmedia":[{"embeddable":true,"href":"https:\/\/www.europesays.com\/de\/wp-json\/wp\/v2\/media\/1109547"}],"wp:attachment":[{"href":"https:\/\/www.europesays.com\/de\/wp-json\/wp\/v2\/media?parent=1109546"}],"wp:term":[{"taxonomy":"category","embeddable":true,"href":"https:\/\/www.europesays.com\/de\/wp-json\/wp\/v2\/categories?post=1109546"},{"taxonomy":"post_tag","embeddable":true,"href":"https:\/\/www.europesays.com\/de\/wp-json\/wp\/v2\/tags?post=1109546"}],"curies":[{"name":"wp","href":"https:\/\/api.w.org\/{rel}","templated":true}]}}