{"id":1109581,"date":"2026-06-20T22:44:18","date_gmt":"2026-06-20T22:44:18","guid":{"rendered":"https:\/\/www.europesays.com\/de\/1109581\/"},"modified":"2026-06-20T22:44:18","modified_gmt":"2026-06-20T22:44:18","slug":"modenschau-in-stuttgart-filmreife-mode-tiefgarage-von-stuttgarter-schule-wird-zum-laufsteg-2","status":"publish","type":"post","link":"https:\/\/www.europesays.com\/de\/1109581\/","title":{"rendered":"Modenschau in Stuttgart: Filmreife Mode \u2013 Tiefgarage von Stuttgarter Schule wird zum Laufsteg"},"content":{"rendered":"<p> In der <a href=\"https:\/\/www.stuttgarter-zeitung.de\/thema\/Tiefgarage\" title=\"Tiefgarage\" class=\"art_thema\" rel=\"nofollow noopener\" target=\"_blank\">Tiefgarage<\/a> der Kerschensteinerschule in <a href=\"https:\/\/www.stuttgarter-zeitung.de\/thema\/Stuttgart\" title=\"Stuttgart\" class=\"art_thema\" rel=\"nofollow noopener\" target=\"_blank\">Stuttgart<\/a> riecht es am Freitagabend nach Popcorn. Auf den Leinw\u00e4nden l\u00e4uft ein Countdown herunter, zwischen Betonpfeilern und Parkfl\u00e4chen warten die G\u00e4ste auf den Beginn der <a href=\"https:\/\/www.stuttgarter-zeitung.de\/thema\/Modenschau\" title=\"Modenschau\" class=\"art_thema\" rel=\"nofollow noopener\" target=\"_blank\">Modenschau<\/a>. Mit \u201eSkins of Stories\u201c zeigt das Berufskolleg f\u00fcr <a href=\"https:\/\/www.stuttgarter-zeitung.de\/thema\/Mode\" title=\"Mode\" class=\"art_thema\" rel=\"nofollow noopener\" target=\"_blank\">Mode<\/a> und Design Kollektionen, die von unterschiedlichen Filmgenres inspiriert sind \u2013 von Western \u00fcber Animation und Science-Fiction bis Horror und Mafiafilm. F\u00fcr einen Abend wird die Tiefgarage zur Kulisse f\u00fcr sieben unterschiedliche Filmwelten.<\/p>\n<p>Schon vor Beginn geben ausgestellte Moodboards und Skizzen Einblicke in den Entstehungsprozess. Beteiligt sind alle drei Jahrg\u00e4nge des Berufskollegs Mode und Design sowie die Meisterklasse des Ma\u00dfschneiderhandwerks. Organisiert wird die Modenschau vom dritten Ausbildungsjahr. Die Kleidung wird von den Sch\u00fclerinnen und Sch\u00fclern selbst pr\u00e4sentiert.<\/p>\n<p>Western und Animationswelten <\/p>\n<p>Den Auftakt macht das erste Ausbildungsjahr. Zu sehen sind zwei sehr unterschiedliche Bilder: eine Western-inspirierte Kollektion in Wei\u00df- und Braunt\u00f6nen sowie \u201eDrawn Reality\u201c, das sich an Animationsfilmen orientiert. Grundlage der Western-Looks sind 100 wei\u00dfe Jeans, die von der <a href=\"https:\/\/www.stuttgarter-zeitung.de\/thema\/Caritas\" title=\"Caritas\" class=\"art_thema\" rel=\"nofollow noopener\" target=\"_blank\">Caritas<\/a> gespendet wurden und f\u00fcr die Schau upgecycelt wurden. Bei \u201eDrawn Reality\u201c werden die Farben bunter, die Formen verspielter.<\/p>\n<p>Science-Fiction und Fantasy <\/p>\n<p>Das zweite Ausbildungsjahr zeigt ebenfalls zwei Kollektionen. \u201eFuture Code\u201c blickt in die Zukunft: Silberne Stoffe reflektieren das Licht der Tiefgarage und verleihen den Entw\u00fcrfen eine futuristische Anmutung. Sp\u00e4ter folgt mit \u201eUnwritten Worlds\u201c eine Fantasy-Welt.<\/p>\n<p>Die Meisterklasse zeigt Abendgarderobe, die an das Hollywood der 1920er-Jahre erinnert: elegante Kleider, aufwendig gearbeitete Anz\u00fcge und raffinierte Schnitte.<\/p>\n<p>Horror und Mafia <\/p>\n<p>D\u00fcster wird es bei \u201eUnseen Below\u201c, einer Horror-Kollektion des dritten Ausbildungsjahres. Rot- und Schwarzt\u00f6ne, Ketten, Spitze, Schleier und markante Schulterpartien pr\u00e4gen die Entw\u00fcrfe. Den Abschluss bildet \u201eSilent Order\u201c, ebenfalls aus dem dritten Ausbildungsjahr. Dunkle Sonnenbrillen, ma\u00dfgeschneiderte Anz\u00fcge und lange M\u00e4ntel erinnern an klassische Mafiafilme. Nach dem letzten Look brandet Applaus auf.<\/p>\n<p>Die Kollektionen orientieren sich nicht an einzelnen Filmen. Im Mittelpunkt stehen Stimmungen, Bilder und Atmosph\u00e4ren. Horror, Western, Fantasy oder Mafiafilm werden nicht nachgestellt, sondern in Mode \u00fcbersetzt.<\/p>\n<p> Ein Blick hinter die Kulissen <\/p>\n<p>Nach dem ersten Durchlauf sitzen Lennard Szalata, 18, und Luca Otterbach, 23, im Schulgeb\u00e4ude und erz\u00e4hlen, wie viel Vorbereitung hinter dem Abend steckt. Beide geh\u00f6ren zum dritten Ausbildungsjahr, das die Modenschau organisiert. Lennard war Teil der Horror-Kollektion, Luca arbeitete an der Mafia-Kollektion. \u201eAlles beginnt mit einem Ideenpool\u201c, sagt Lennard. Die Abschlussklassen stimmen zun\u00e4chst \u00fcber das Oberthema ab, anschlie\u00dfend werden die einzelnen Genres auf die Gruppen verteilt. \u201eDann sammelt man Inspirationen, macht Entw\u00fcrfe und schaut, was zusammenpasst.\u201c<\/p>\n<p>Seine Gruppe orientierte sich am Zeitalter der Gotik. \u201eEin gro\u00dfer Faktor war Einsamkeit, Dunkelheit und Verg\u00e4nglichkeit\u201c, sagt er. Diese Motive sollten sich in den Entw\u00fcrfen widerspiegeln. Bei Lucas Gruppe stand dagegen ein anderes Element im Mittelpunkt. \u201eBei uns war der Fokus auf Jacken und M\u00e4nteln\u201c, sagt sie.<\/p>\n<p>Dass die Models so sicher \u00fcber den Laufsteg gehen, ist kein Zufall. Gemeinsam mit einer Choreografin wurden Laufwege, Musik und Inszenierung abgestimmt. \u201eMan arbeitet ein ganzes Jahr darauf hin\u201c, sagt Lennard.<\/p>\n<p>Als es darum geht, was ihnen von den vergangenen drei Jahren besonders in Erinnerung bleiben wird, m\u00fcssen sie nicht lange \u00fcberlegen. \u201eHighlight ist immer die Modenschau\u201c, sagt Luca. Lennard nickt: \u201eAuf jeden Fall.\u201c<\/p>\n<p> Aufregung geh\u00f6rt trotzdem dazu <\/p>\n<p>Luca wirkt nach dem ersten Durchlauf gel\u00f6st. \u201eDadurch, dass wir das jetzt schon mehrere Jahre machen, bin ich nicht mehr so extrem aufgeregt\u201c, sagt sie. Lennard lacht. Bei ihm sei das anders. \u201eDas ist jetzt mein drittes Mal, und ich bin immer noch so aufgeregt wie beim ersten Mal\u201c, sagt er.<\/p>\n<p> Und nach dem Abschluss? <\/p>\n<p>Nach der Modenschau gehen die Wege der Abschlussklassen auseinander. Manche sammeln zun\u00e4chst Berufserfahrung, andere gehen weiter an eine Modeschule, wieder andere entscheiden sich f\u00fcr die Meisterklasse. Gew\u00fcnscht sei vor allem: m\u00f6glichst viel praktische Erfahrung. Lennard wird \u00fcber das Erasmus-Programm f\u00fcr ein halbes Jahr nach Wien gehen. Luca wurde an der Staatlichen Modeschule Stuttgart angenommen.<\/p>\n<p>Wenig sp\u00e4ter geht es f\u00fcr beide zur\u00fcck hinter die Kulissen. Das Make-up wird kontrolliert, Wasserflaschen wandern von Hand zu Hand, drau\u00dfen l\u00e4uft bereits der Einlass f\u00fcr die n\u00e4chste Vorstellung. Noch zwei Mal werden die Filmwelten durch die Tiefgarage ziehen. Sp\u00e4ter geht es zur Aftershowparty ins Sunny High. F\u00fcr die Absolventinnen und Absolventen markiert der Abend den Abschluss von drei intensiven Ausbildungsjahren \u2013 und f\u00fcr viele zugleich den Beginn des n\u00e4chsten Kapitels.<\/p>\n","protected":false},"excerpt":{"rendered":"In der Tiefgarage der Kerschensteinerschule in Stuttgart riecht es am Freitagabend nach Popcorn. Auf den Leinw\u00e4nden l\u00e4uft ein&hellip;\n","protected":false},"author":2,"featured_media":1108697,"comment_status":"","ping_status":"","sticky":false,"template":"","format":"standard","meta":{"footnotes":"","_share_on_mastodon":"0"},"categories":[1830],"tags":[234682,1634,36909,3364,29,30,234681,53475,40638,234680,350,16714,1441,6594],"class_list":["post-1109581","post","type-post","status-publish","format-standard","has-post-thumbnail","category-stuttgart","tag-abschlussmodenschau","tag-baden-wuerttemberg","tag-berufskolleg","tag-de","tag-deutschland","tag-germany","tag-kerschensteinerschule","tag-kollektion","tag-laufsteg","tag-lennard-szalata","tag-mode","tag-modenschau","tag-stuttgart","tag-tiefgarage"],"share_on_mastodon":{"url":"https:\/\/pubeurope.com\/@de\/116784861422817982","error":""},"_links":{"self":[{"href":"https:\/\/www.europesays.com\/de\/wp-json\/wp\/v2\/posts\/1109581","targetHints":{"allow":["GET"]}}],"collection":[{"href":"https:\/\/www.europesays.com\/de\/wp-json\/wp\/v2\/posts"}],"about":[{"href":"https:\/\/www.europesays.com\/de\/wp-json\/wp\/v2\/types\/post"}],"author":[{"embeddable":true,"href":"https:\/\/www.europesays.com\/de\/wp-json\/wp\/v2\/users\/2"}],"replies":[{"embeddable":true,"href":"https:\/\/www.europesays.com\/de\/wp-json\/wp\/v2\/comments?post=1109581"}],"version-history":[{"count":0,"href":"https:\/\/www.europesays.com\/de\/wp-json\/wp\/v2\/posts\/1109581\/revisions"}],"wp:featuredmedia":[{"embeddable":true,"href":"https:\/\/www.europesays.com\/de\/wp-json\/wp\/v2\/media\/1108697"}],"wp:attachment":[{"href":"https:\/\/www.europesays.com\/de\/wp-json\/wp\/v2\/media?parent=1109581"}],"wp:term":[{"taxonomy":"category","embeddable":true,"href":"https:\/\/www.europesays.com\/de\/wp-json\/wp\/v2\/categories?post=1109581"},{"taxonomy":"post_tag","embeddable":true,"href":"https:\/\/www.europesays.com\/de\/wp-json\/wp\/v2\/tags?post=1109581"}],"curies":[{"name":"wp","href":"https:\/\/api.w.org\/{rel}","templated":true}]}}