{"id":1109590,"date":"2026-06-20T22:49:16","date_gmt":"2026-06-20T22:49:16","guid":{"rendered":"https:\/\/www.europesays.com\/de\/1109590\/"},"modified":"2026-06-20T22:49:16","modified_gmt":"2026-06-20T22:49:16","slug":"vor-deutschland-spiel-nhl-star-leon-draisaitl-ueber-liebe-zum-fc-koeln","status":"publish","type":"post","link":"https:\/\/www.europesays.com\/de\/1109590\/","title":{"rendered":"Vor Deutschland-Spiel: NHL-Star Leon Draisaitl \u00fcber Liebe zum FC K\u00f6ln"},"content":{"rendered":"<p>Vor Deutschland-SpielNHL-Star Draisaitl bekundet seine Liebe zum 1. FC K\u00f6ln<\/p>\n<p><img alt=\"Video poster\" loading=\"lazy\" width=\"1024\" height=\"576\" decoding=\"async\" data-nimg=\"1\" class=\"Image_img__fQCi0\" style=\"color:transparent\"  src=\"https:\/\/www.europesays.com\/de\/wp-content\/uploads\/2026\/06\/1781995756_922_image.webp\"\/>20.06.2026 | 23:34 UhrBevor der Ball im zweiten Gruppenspiel der Deutschen rollt, steht beim Magenta-Talk in Toronto ein anderer Sportstar im Mittelpunkt. NHL-Profi und Interview-Gast Leon Draisaitl spricht mit Laura Wontorra, Mats Hummels und Thomas M\u00fcller \u00fcber Schmerzgrenzen im Sport, seine Wurzeln bei den K\u00f6lner Haien und seine Verbundenheit zum 1. FC K\u00f6ln.Video EmpfehlungenMehr Inhalte anzeigen<\/p>\n","protected":false},"excerpt":{"rendered":"Vor Deutschland-SpielNHL-Star Draisaitl bekundet seine Liebe zum 1. FC K\u00f6ln 20.06.2026 | 23:34 UhrBevor der Ball im zweiten&hellip;\n","protected":false},"author":2,"featured_media":1109591,"comment_status":"","ping_status":"","sticky":false,"template":"","format":"standard","meta":{"footnotes":"","_share_on_mastodon":"0"},"categories":[1828],"tags":[29,38029,30,1420,22194,7050,7935,1209,3197],"class_list":["post-1109590","post","type-post","status-publish","format-standard","has-post-thumbnail","category-koeln","tag-deutschland","tag-fussball-wm-2026","tag-germany","tag-koeln","tag-leon-draisaitl","tag-mats-hummels","tag-nhl","tag-nordrhein-westfalen","tag-thomas-mueller"],"share_on_mastodon":{"url":"","error":""},"_links":{"self":[{"href":"https:\/\/www.europesays.com\/de\/wp-json\/wp\/v2\/posts\/1109590","targetHints":{"allow":["GET"]}}],"collection":[{"href":"https:\/\/www.europesays.com\/de\/wp-json\/wp\/v2\/posts"}],"about":[{"href":"https:\/\/www.europesays.com\/de\/wp-json\/wp\/v2\/types\/post"}],"author":[{"embeddable":true,"href":"https:\/\/www.europesays.com\/de\/wp-json\/wp\/v2\/users\/2"}],"replies":[{"embeddable":true,"href":"https:\/\/www.europesays.com\/de\/wp-json\/wp\/v2\/comments?post=1109590"}],"version-history":[{"count":0,"href":"https:\/\/www.europesays.com\/de\/wp-json\/wp\/v2\/posts\/1109590\/revisions"}],"wp:featuredmedia":[{"embeddable":true,"href":"https:\/\/www.europesays.com\/de\/wp-json\/wp\/v2\/media\/1109591"}],"wp:attachment":[{"href":"https:\/\/www.europesays.com\/de\/wp-json\/wp\/v2\/media?parent=1109590"}],"wp:term":[{"taxonomy":"category","embeddable":true,"href":"https:\/\/www.europesays.com\/de\/wp-json\/wp\/v2\/categories?post=1109590"},{"taxonomy":"post_tag","embeddable":true,"href":"https:\/\/www.europesays.com\/de\/wp-json\/wp\/v2\/tags?post=1109590"}],"curies":[{"name":"wp","href":"https:\/\/api.w.org\/{rel}","templated":true}]}}