{"id":1109715,"date":"2026-06-21T00:06:44","date_gmt":"2026-06-21T00:06:44","guid":{"rendered":"https:\/\/www.europesays.com\/de\/1109715\/"},"modified":"2026-06-21T00:06:44","modified_gmt":"2026-06-21T00:06:44","slug":"so-will-landgard-schlanker-und-schlagkraeftiger-werden","status":"publish","type":"post","link":"https:\/\/www.europesays.com\/de\/1109715\/","title":{"rendered":"So will Landgard schlanker und schlagkr\u00e4ftiger werden"},"content":{"rendered":"<p class=\"text_ohne_einzug richtext text-em-55 !leading-serif mx-6 desktop:mx-0\">Von Dirk M\u00f6wius<br \/>Ausw\u00e4rtsspiel f\u00fcr Landgard: Zur ordentlichen Vertreterversammlung trafen sich die Vertreter in Essen. Im Mittelpunkt standen die Gesch\u00e4ftszahlen f\u00fcr das Jahr 2025 \u2013 erstmals in der neuen Vorstands-Konstellation mit Moritz Krannich und Christoph Kl\u00f6pper. Landgard erwirtschaftete in einem \u201eunver\u00e4ndert anspruchsvollen Marktumfeld\u201c einen Umsatz von 1,7 Milliarden Euro und lag damit leicht unter dem Vorjahresniveau (minus 0,1 Milliarden Euro). Dank umfassender Prozessoptimierungen, eines aktiven Kosten- und Energiemanagements sowie struktureller Anpassungen konnte dennoch ein positives Ergebnis vor Steuern (EBT) von 3,3 Millionen Euro erzielt werden. Auch die Rohertragsquote entwickelte sich positiv. Sie stieg nach 12,0 Prozent im Vorjahr auf 12,5 Prozent im Jahr 2025.<\/p>\n<p class=\"richtext text-em-55 !leading-serif mx-6 desktop:mx-0\">Bert Schmitz, der Aufsichtsratsvorsitzende der Landgard eG, begr\u00fc\u00dfte in seiner Er\u00f6ffnungsrede zun\u00e4chst die neugew\u00e4hlten Mitglieder der Vertreterversammlung. \u201eLandgard steht so wie die gesamte Gr\u00fcne Branche vor gro\u00dfen Herausforderungen, denn der Markt ver\u00e4ndert sich mit gro\u00dfer Geschwindigkeit. Darauf antworten wir mit unserem Zukunftsprogramm Landgard NOVA, mit dem wir Landgard grundlegend ver\u00e4ndern und weiterentwickeln\u201c.<\/p>\n<p class=\"richtext text-em-55 !leading-serif mx-6 desktop:mx-0\">Der Umsatz im Gesch\u00e4ftsfeld Blumen &amp; Pflanzen lag im Jahr 2025 bei 1290 Millionen Euro und damit um 1,0 Prozent unter dem Vorjahresniveau. Diese Umsatzentwicklung spiegelt die langfristigen Ver\u00e4nderungen im Markt f\u00fcr Blumen und Pflanzen in Deutschland wider. Dank Zuw\u00e4chsen bei Veiling Rhein-Maas, das sich erneut besser als der Branchendurchschnitt entwickelt hat, sowie des erstmaligen Ganzjahreseffektes der Gesellschaft Landgard Fiori &amp; Piante S.r.l. konnte der Umsatz des Gesch\u00e4ftsfeldes Blumen &amp; Pflanzen in etwa auf dem Niveau des Vorjahres gehalten werden.<\/p>\n<p class=\"richtext text-em-55 !leading-serif mx-6 desktop:mx-0\">Unabh\u00e4ngig davon hat Landgard im Gesch\u00e4ftsfeld Blumen &amp; Pflanzen auch 2025 verschiedene Themen und Projekte weiter vorangetrieben. Beispiele daf\u00fcr sind IT-Projekte wie die Abl\u00f6sung des Ladungstr\u00e4ger-Verwaltungssystems und die Integration in <a href=\"https:\/\/rp-online.de\/thema\/sap\/\" rel=\"nofollow noopener\" target=\"_blank\">SAP<\/a>, die Weiterentwicklung des Webshops mylandgard.de sowie die Neuordnung der Ordertageserie mit jetzt drei Terminen im Jahr.<\/p>\n<p class=\"richtext text-em-55 !leading-serif mx-6 desktop:mx-0\">Im Gesch\u00e4ftsfeld Obst &amp; Gem\u00fcse sank der Umsatz 2025 um 13,4 Prozent auf 415 Millionen Euro. Diese Entwicklung ist vorwiegend durch Bereinigungseffekte in der Gesellschaftsstruktur bedingt. Der Fokus von Landgard Obst &amp; Gem\u00fcse lag 2025 auf der Optimierung von Prozessen zur Effizienzsteigerung. Zudem wurden Dienstleistungsprozesse neu gestaltet. Die Unternehmensbereiche Logistik und Dienstleistungen steuerten 2025 weitere 18 Millionen Euro zum Gesamtumsatz der Landgard-Gruppe bei.<\/p>\n<p class=\"richtext text-em-55 !leading-serif mx-6 desktop:mx-0\">Die Rahmenbedingungen f\u00fcr die Erzeugergenossenschaft Landgard haben sich in den letzten Jahren grundlegend ver\u00e4ndert. \u201eSteigende Kosten, zur\u00fcckhaltender Konsum und eine zunehmende Konsolidierung pr\u00e4gen den Wettbewerb. Gleichzeitig treiben Digitalisierung, ver\u00e4nderte Kundenanforderungen und volatilere Witterungsbedingungen die Marktdynamik. Diese Entwicklungen betreffen die gesamte Branche \u2013 und damit auch uns. Das ist nicht v\u00f6llig neu und Landgard hat schon manchen Wandel hinter sich. Aber das Tempo und die Auswirkungen der externen Ver\u00e4nderungen werden immer gr\u00f6\u00dfer. Deshalb m\u00fcssen auch wir uns an vielen Stellen grundlegend ver\u00e4ndern \u2013 technologisch, strukturell und kulturell\u201c, so Vorstand Moritz Krannich.<\/p>\n<p class=\"richtext text-em-55 !leading-serif mx-6 desktop:mx-0\">Deswegen stelle sich Landgard mit dem Zukunftsprogramm Landgard NOVA seit Mitte 2025 konsequent neu auf. Ziel sei es, einfacher, schlanker und schlagkr\u00e4ftiger zu werden \u2013 durch einen klaren Fokus auf Digitalisierung, Effizienz und kundenorientierte L\u00f6sungen. NOVA ist ganzheitlich geplant, langfristig angelegt und konsequent in der Umsetzung \u2013 in allen Bereichen und auf allen Ebenen. \u201eDas betrifft einerseits unsere Gesch\u00e4ftsfelder, die wir gezielt sch\u00e4rfen und weiterentwickeln: Im Gesch\u00e4ftsfeld Blumen &amp; Pflanzen b\u00fcndeln und zentralisieren wir wichtige Prozesse, schaffen noch klarere Angebote und erh\u00f6hen so die Skalierbarkeit. Im Gesch\u00e4ftsfeld Obst &amp; Gem\u00fcse st\u00e4rken wir dagegen gezielt die Regionen, bauen regionale Kompetenzen und Dienstleistungen aus und r\u00fccken n\u00e4her an Erzeuger und Kunden\u201c, sagte Vorstand Christoph Kl\u00f6pper den Vertretern.<\/p>\n<p class=\"richtext text-em-55 !leading-serif mx-6 desktop:mx-0\">Zudem umfasse das Programm NOVA eine Reihe von wichtigen Querschnittsthemen, die die Voraussetzungen f\u00fcr starke Gesch\u00e4ftsfelder schaffen. Dazu geh\u00f6rt laut Kl\u00f6pper der massive Ausbau der Digitalisierung und die Entwicklung von Innovationen genauso wie die Erneuerung von Strukturen und Prozessen, um das operative Gesch\u00e4ft noch besser unterst\u00fctzen zu k\u00f6nnen.<\/p>\n","protected":false},"excerpt":{"rendered":"Von Dirk M\u00f6wiusAusw\u00e4rtsspiel f\u00fcr Landgard: Zur ordentlichen Vertreterversammlung trafen sich die Vertreter in Essen. Im Mittelpunkt standen die&hellip;\n","protected":false},"author":2,"featured_media":1109716,"comment_status":"","ping_status":"","sticky":false,"template":"","format":"standard","meta":{"footnotes":"","_share_on_mastodon":"0"},"categories":[1834],"tags":[48,234808,234809,97660,3364,29,27005,3688,4788,30,55594,16164,155167,101485,10432,234807,234810,1209,49502,6437,5928,234811,21435,75883],"class_list":["post-1109715","post","type-post","status-publish","format-standard","has-post-thumbnail","category-essen","tag-48","tag-anteilseignervertretern","tag-arbeitnehmervertretern","tag-bert","tag-de","tag-deutschland","tag-dirk","tag-essen","tag-euro","tag-germany","tag-gesamtumsatz","tag-geschaeft","tag-geschaeftsfeld","tag-gewerkschaftsvertreterin","tag-innovationen","tag-landgard","tag-mylandgard","tag-nordrhein-westfalen","tag-nova","tag-schmitz","tag-umsatz","tag-umsatzentwicklung","tag-vertreter","tag-vertreterversammlung"],"share_on_mastodon":{"url":"https:\/\/pubeurope.com\/@de\/116785183973665437","error":""},"_links":{"self":[{"href":"https:\/\/www.europesays.com\/de\/wp-json\/wp\/v2\/posts\/1109715","targetHints":{"allow":["GET"]}}],"collection":[{"href":"https:\/\/www.europesays.com\/de\/wp-json\/wp\/v2\/posts"}],"about":[{"href":"https:\/\/www.europesays.com\/de\/wp-json\/wp\/v2\/types\/post"}],"author":[{"embeddable":true,"href":"https:\/\/www.europesays.com\/de\/wp-json\/wp\/v2\/users\/2"}],"replies":[{"embeddable":true,"href":"https:\/\/www.europesays.com\/de\/wp-json\/wp\/v2\/comments?post=1109715"}],"version-history":[{"count":0,"href":"https:\/\/www.europesays.com\/de\/wp-json\/wp\/v2\/posts\/1109715\/revisions"}],"wp:featuredmedia":[{"embeddable":true,"href":"https:\/\/www.europesays.com\/de\/wp-json\/wp\/v2\/media\/1109716"}],"wp:attachment":[{"href":"https:\/\/www.europesays.com\/de\/wp-json\/wp\/v2\/media?parent=1109715"}],"wp:term":[{"taxonomy":"category","embeddable":true,"href":"https:\/\/www.europesays.com\/de\/wp-json\/wp\/v2\/categories?post=1109715"},{"taxonomy":"post_tag","embeddable":true,"href":"https:\/\/www.europesays.com\/de\/wp-json\/wp\/v2\/tags?post=1109715"}],"curies":[{"name":"wp","href":"https:\/\/api.w.org\/{rel}","templated":true}]}}