{"id":1109806,"date":"2026-06-21T01:00:38","date_gmt":"2026-06-21T01:00:38","guid":{"rendered":"https:\/\/www.europesays.com\/de\/1109806\/"},"modified":"2026-06-21T01:00:38","modified_gmt":"2026-06-21T01:00:38","slug":"hitze-in-werther-am-neuen-brunnen-gibts-kostenlos-frisches-trinkwasser","status":"publish","type":"post","link":"https:\/\/www.europesays.com\/de\/1109806\/","title":{"rendered":"Hitze in Werther: Am neuen Brunnen gibt\u2019s kostenlos frisches Trinkwasser"},"content":{"rendered":"<p id=\"absatz1\" class=\"em_text\">Werther. Seit einigen Wochen ragt ein gelbes Rohr aus dem Pflaster des Venghauss-Platzes. Was es damit auf sich hat, wird genau in diesen Tagen relevant, in denen wieder die Hitze das bestimmende Thema ist. Denn bei dem Rohr handelt es sich um den ersten \u00f6ffentlichen Trinkwasserbrunnen in Werther.<\/p>\n<p id=\"absatz2\" class=\"em_text\">Ein Druck auf den Knopf und das Wasser sprudelt heraus und kann in Flaschen, Becher oder auch mitgebrachte Hunden\u00e4pfe gef\u00fcllt werden. Hinter dem zun\u00e4chst unscheinbaren Rohr verbergen sich zwei gro\u00dfe Themen, die in Werther seit einigen Jahren eine Rolle spielen, sagt B\u00fcrgermeister Veith Lemmen: n\u00e4mlich Klimaanpassung und die Attraktivit\u00e4tssteigerung der Innenstadt.<\/p>\n<p id=\"absatz3\"><b class=\"bold\">Aktuelle Nachrichten bekommen Sie t\u00e4glich \u00fcber den<\/b> <a href=\"https:\/\/www.whatsapp.com\/channel\/0029VagW0wu1NCrcPhw4AH21\" rel=\"nofollow noopener\" target=\"_blank\">WhatsApp-Kanal der NW G\u00fctersloh<\/a><\/p>\n<p id=\"absatz4\" class=\"em_text\">In Zeiten, in denen die Temperatur an Hitzetagen schnell \u00fcber die 30-Grad-Marke klettert, \u201egewinnt der freie Zugang zu Trinkwasser im \u00f6ffentlichen Raum immer mehr an Bedeutung\u201c, sagt Veith Lemmen. Gleichzeitig werde mit dem Brunnen die Aufenthaltsqualit\u00e4t des C.-F.-Venghauss-Platzes weiter verbessert.<\/p>\n<p>\n        \u00d7\n    <\/p>\n<p>\n            Sie erhalten in wenigen Minuten eine E-Mail zur Best\u00e4tigung Ihrer Anmeldung.\n        <\/p>\n<p>Erst danach ist diese abgeschlossen.<\/p>\n<p>Bitte pr\u00fcfen Sie auch den Spam-Ordner.<\/p>\n<p>\n        \u00d7\n    <\/p>\n<p>\n            Sie haben bisher Ihre E-Mail-Adresse noch nicht best\u00e4tigt.\n        <\/p>\n<p>Erst danach ist diese abgeschlossen.<\/p>\n<p>Bitte pr\u00fcfen Sie auch den Spam-Ordner.<\/p>\n<p>\n        \u00d7\n    <\/p>\n<p>\n            Es ist einen Fehler aufgetreten\n        <\/p>\n<p>Bei Fragen hilft unser Newsletter-Support<\/p>\n<p> Newsletter<\/p>\n<p> Wohnen &amp; Wohlf\u00fchlen<\/p>\n<p>Immo-News, Bautrends und Wohntipps aus dem Kreis G\u00fctersloh.<\/p>\n<p>                Jetzt anmelden<\/p>\n<p>Gesch\u00e4fte und Rathaus dienen als Refill-Stationen<\/p>\n<p class=\"em_text\">Besucher oder Touristen, die mit dem Rad durch Werther fahren und ihre Trinkflaschen auff\u00fcllen m\u00f6chten, haben nun einen Grund mehr auf dem Platz Station machen. Bereits im vergangenen Jahr wurden in Werther einige Refill-Stationen benannt, in denen ebenfalls Trinkwasserflaschen mit frischem Leitungswasser bef\u00fcllt werden k\u00f6nnen. Dazu geh\u00f6ren die Apotheken, das Rathaus, die Stadtbibliothek sowie die Buchhandlung Lesezeichen.<\/p>\n<p id=\"absatz6\" class=\"em_text\">Rund 20.000 Euro hat der Brunnen gekostet. 30 Prozent davon wurden aus dem Programm LEADER-Region GT8 gef\u00f6rdert. Wer sich wundert, warum es die in den Stadtfarben Gelb und Rot lackierte Metalls\u00e4ule auf solch einen Preis bringt, den kl\u00e4rt Danny Schwentker, technischer Leiter des Wasserwerks, auf.<\/p>\n<p id=\"absatz7\" class=\"em_text\">\u201eUnscheinbar ist nur die S\u00e4ule. Das, was im Boden liegt, ist hingegen sehr aufwendig\u201c, sagt er. Neben dem Wasserz\u00e4hler gibt es auch eine automatische Sp\u00fclung. Einmal am Tag geht der Brunnen dadurch ohne Knopfdruck an, damit das Wasser im Rohr immer frisch ist und keine Bakterien ansetzt.<\/p>\n<p>Wasserproben garantieren Qualit\u00e4t<\/p>\n<p id=\"absatz8\" class=\"em_text\">Die \u00f6ffentliche Trinkwasserabgabestelle, wie der Brunnen im Beh\u00f6rdendeutsch hei\u00dft, wird zudem regelm\u00e4\u00dfig beprobt. \u201eJeden Monat schicken wir eine Wasserprobe ans Gesundheitsamt\u201c, sagt Danny Schwentker. Dort wird dann die Trinkwasserqualit\u00e4t \u00fcberpr\u00fcft. <\/p>\n","protected":false},"excerpt":{"rendered":"Werther. Seit einigen Wochen ragt ein gelbes Rohr aus dem Pflaster des Venghauss-Platzes. Was es damit auf sich&hellip;\n","protected":false},"author":2,"featured_media":1109807,"comment_status":"","ping_status":"","sticky":false,"template":"","format":"standard","meta":{"footnotes":"","_share_on_mastodon":"0"},"categories":[1841],"tags":[33091,1605,102818,234819,3364,29,30,23744,2065,25539,1611,1606,198715,19081,164252,19080,1613,124602,1209,6423,8236,22594,6715,672],"class_list":["post-1109806","post","type-post","status-publish","format-standard","has-post-thumbnail","category-bielefeld","tag-abkuehlung","tag-bielefeld","tag-cnt_aufmacher","tag-danny-schwentker","tag-de","tag-deutschland","tag-germany","tag-guetersloh","tag-innenstadt","tag-klimaanpassung","tag-label_informiere-mich","tag-label_m-80","tag-meta_artikelklasse_nische","tag-meta_copyrights_hk","tag-meta_eo_zusammenfassung","tag-meta_themen_stadtentwicklung","tag-meta_userneeds_informieremich","tag-neue-westfaelische","tag-nordrhein-westfalen","tag-trinkwasser","tag-trinkwasserbrunnen","tag-veith-lemmen","tag-werther","tag-whatsapp"],"share_on_mastodon":{"url":"https:\/\/pubeurope.com\/@de\/116785396275186502","error":""},"_links":{"self":[{"href":"https:\/\/www.europesays.com\/de\/wp-json\/wp\/v2\/posts\/1109806","targetHints":{"allow":["GET"]}}],"collection":[{"href":"https:\/\/www.europesays.com\/de\/wp-json\/wp\/v2\/posts"}],"about":[{"href":"https:\/\/www.europesays.com\/de\/wp-json\/wp\/v2\/types\/post"}],"author":[{"embeddable":true,"href":"https:\/\/www.europesays.com\/de\/wp-json\/wp\/v2\/users\/2"}],"replies":[{"embeddable":true,"href":"https:\/\/www.europesays.com\/de\/wp-json\/wp\/v2\/comments?post=1109806"}],"version-history":[{"count":0,"href":"https:\/\/www.europesays.com\/de\/wp-json\/wp\/v2\/posts\/1109806\/revisions"}],"wp:featuredmedia":[{"embeddable":true,"href":"https:\/\/www.europesays.com\/de\/wp-json\/wp\/v2\/media\/1109807"}],"wp:attachment":[{"href":"https:\/\/www.europesays.com\/de\/wp-json\/wp\/v2\/media?parent=1109806"}],"wp:term":[{"taxonomy":"category","embeddable":true,"href":"https:\/\/www.europesays.com\/de\/wp-json\/wp\/v2\/categories?post=1109806"},{"taxonomy":"post_tag","embeddable":true,"href":"https:\/\/www.europesays.com\/de\/wp-json\/wp\/v2\/tags?post=1109806"}],"curies":[{"name":"wp","href":"https:\/\/api.w.org\/{rel}","templated":true}]}}