{"id":1110040,"date":"2026-06-21T03:38:21","date_gmt":"2026-06-21T03:38:21","guid":{"rendered":"https:\/\/www.europesays.com\/de\/1110040\/"},"modified":"2026-06-21T03:38:21","modified_gmt":"2026-06-21T03:38:21","slug":"claudia-schiffer-und-ihre-tochter-cosima-auf-shoppingtour-in-london-unterhaltung","status":"publish","type":"post","link":"https:\/\/www.europesays.com\/de\/1110040\/","title":{"rendered":"Claudia Schiffer und ihre Tochter Cosima auf Shoppingtour in London | Unterhaltung"},"content":{"rendered":"<p><a class=\"skip-content skip-content--link\" href=\"#in-content-skip-link-target-v-0-0\">TTS-Player \u00fcberspringen\u21b5<\/a><a id=\"in-content-skip-link-target-v-0-0\" class=\"skip-content--target-link-hidden skip-content skip-content--target-link\" href=\"#in-content-skip-link-target-v-0-0\">Artikel weiterlesen<\/a><\/p>\n<p>London \u2013\u00a0<b>Lange blonde M\u00e4hne, bildh\u00fcbsches Gesicht\u00a0\u2013 und das gleich doppelt! Claudia Schiffer (55) und ihre j\u00fcngste Tochter Cosima (16) machten diese Woche einen gemeinsamen Shoppingbummel durch den Londoner Stadtteil Notting Hill.<\/b><\/p>\n<p>Auffallend dabei die \u00c4hnlichkeit der beiden. Das Nesth\u00e4kchen ist ihrer Supermodel-Mama wie aus dem Gesicht geschnitten. Cosima, Claudia, wunderbar!<\/p>\n<p><img decoding=\"async\" width=\"992\" height=\"1328\" alt=\"Claudia und Cosima betreten eine Boutique im Londoner Viertel Notting Hill\" loading=\"lazy\" src=\"https:\/\/www.europesays.com\/de\/wp-content\/uploads\/2026\/06\/91e5cdacf40b18c2ab852603de78bdf2,808d2643.jpeg\"   class=\"dynamic\"\/><\/p>\n<p class=\"fig__caption__text\">Claudia und Cosima betreten eine Boutique im Londoner Viertel Notting Hill<\/p>\n<p>Foto: Raw Image Ltd\/GoffPhotos.com<\/p>\n<p>Und auch modisch scheinen die beiden den gleichen Geschmack zu haben. Claudia kombinierte ihre Jeans von Chlo\u00e9 mit einem roten Oberteil mit Kn\u00f6pfen.<\/p>\n<p><img decoding=\"async\" width=\"992\" height=\"1402\" alt=\"Claudia und Cosima verlassen den n\u00e4chsten Laden\" loading=\"lazy\" src=\"https:\/\/www.europesays.com\/de\/wp-content\/uploads\/2026\/06\/15d3aece414615ce6454fa5a9562bc40,cc87bc92.jpeg\"   class=\"dynamic\"\/><\/p>\n<p class=\"fig__caption__text\">Claudia und Cosima verlassen den n\u00e4chsten Laden<\/p>\n<p>Foto: Raw Image Ltd\/GoffPhotos.com<\/p>\n<p>Dazu trug sie eine kleine \u201ePaddington\u201c-Tasche aus Korb von Chlo\u00e9 (ca. 2190 Euro). Ihre Tochter bevorzugte zu ihren Blue Jeans ein kurzes, wei\u00dfes Tanktop und dar\u00fcber einen dunklen, bauchfreien Wickelpullover. <\/p>\n<p><img decoding=\"async\" width=\"992\" height=\"1178\" alt=\"Die \u00c4hnlichkeit von Mutter und Tochter ist beeindruckend\" loading=\"lazy\" src=\"https:\/\/www.europesays.com\/de\/wp-content\/uploads\/2026\/06\/f971f443c6e5573327467c362d63fe9e,a020dbd3.jpeg\"   class=\"portrait\"\/><\/p>\n<p class=\"fig__caption__text\">Die \u00c4hnlichkeit von Mutter und Tochter ist beeindruckend<\/p>\n<p>Foto: Raw Image Ltd\/GoffPhotos.com<\/p>\n<p>Gemeinsam schauten sie in Boutiquen nach weiteren modischen Inspirationen.<\/p>\n<p>Erst Ende Mai feierte <a href=\"https:\/\/www.bild.de\/themen\/personen\/claudia-schiffer\/model-star-news-videos-storys-mode-15816882.bild.html\" class=\"text-link\" rel=\"nofollow noopener\" target=\"_blank\">Claudia Schiffer<\/a> mit ihrem Mann Matthew Vaughn (55) ihren 24. Hochzeitstag. Das Supermodel und der britische Filmregisseur haben drei Kinder: Sohn Caspar (23) sowie die T\u00f6chter Clementine (21) und die 16-j\u00e4hrige Cosima. \u00d6ffentliche Auftritte mit ihrer J\u00fcngsten waren bisher selten. <\/p>\n<p><b>Aber vielleicht wird sich das bald \u00e4ndern. Mit ihrem Aussehen jedenfalls k\u00f6nnte Cosima in Mamas Fu\u00dfstapfen treten.<\/b><\/p>\n","protected":false},"excerpt":{"rendered":"TTS-Player \u00fcberspringen\u21b5Artikel weiterlesen London \u2013\u00a0Lange blonde M\u00e4hne, bildh\u00fcbsches Gesicht\u00a0\u2013 und das gleich doppelt! Claudia Schiffer (55) und ihre&hellip;\n","protected":false},"author":2,"featured_media":1110041,"comment_status":"","ping_status":"","sticky":false,"template":"","format":"standard","meta":{"footnotes":"","_share_on_mastodon":"0"},"categories":[1776],"tags":[1801,29,214,118813,30,692,8288,1802,234866,65577,138370,215],"class_list":["post-1110040","post","type-post","status-publish","format-standard","has-post-thumbnail","category-prominente","tag-celebrities","tag-deutschland","tag-entertainment","tag-fotomodel","tag-germany","tag-hamburg","tag-model","tag-prominente","tag-schiffer-claudia","tag-supermodel","tag-team-first","tag-unterhaltung"],"share_on_mastodon":{"url":"https:\/\/pubeurope.com\/@de\/116786017792361494","error":""},"_links":{"self":[{"href":"https:\/\/www.europesays.com\/de\/wp-json\/wp\/v2\/posts\/1110040","targetHints":{"allow":["GET"]}}],"collection":[{"href":"https:\/\/www.europesays.com\/de\/wp-json\/wp\/v2\/posts"}],"about":[{"href":"https:\/\/www.europesays.com\/de\/wp-json\/wp\/v2\/types\/post"}],"author":[{"embeddable":true,"href":"https:\/\/www.europesays.com\/de\/wp-json\/wp\/v2\/users\/2"}],"replies":[{"embeddable":true,"href":"https:\/\/www.europesays.com\/de\/wp-json\/wp\/v2\/comments?post=1110040"}],"version-history":[{"count":0,"href":"https:\/\/www.europesays.com\/de\/wp-json\/wp\/v2\/posts\/1110040\/revisions"}],"wp:featuredmedia":[{"embeddable":true,"href":"https:\/\/www.europesays.com\/de\/wp-json\/wp\/v2\/media\/1110041"}],"wp:attachment":[{"href":"https:\/\/www.europesays.com\/de\/wp-json\/wp\/v2\/media?parent=1110040"}],"wp:term":[{"taxonomy":"category","embeddable":true,"href":"https:\/\/www.europesays.com\/de\/wp-json\/wp\/v2\/categories?post=1110040"},{"taxonomy":"post_tag","embeddable":true,"href":"https:\/\/www.europesays.com\/de\/wp-json\/wp\/v2\/tags?post=1110040"}],"curies":[{"name":"wp","href":"https:\/\/api.w.org\/{rel}","templated":true}]}}