{"id":1110169,"date":"2026-06-21T05:05:18","date_gmt":"2026-06-21T05:05:18","guid":{"rendered":"https:\/\/www.europesays.com\/de\/1110169\/"},"modified":"2026-06-21T05:05:18","modified_gmt":"2026-06-21T05:05:18","slug":"buergerfest-am-reichstag-veteranentag-in-berlin-sperrungen-im-regierungsviertel","status":"publish","type":"post","link":"https:\/\/www.europesays.com\/de\/1110169\/","title":{"rendered":"B\u00fcrgerfest am Reichstag: Veteranentag in Berlin: Sperrungen im Regierungsviertel"},"content":{"rendered":"<p class=\"paragraph article__item\">Wegen der Feiern zum zweiten nationalen Veteranentag am Sonntag im Berliner Regierungsviertel m\u00fcssen Autofahrer, Radfahrer und auch Fu\u00dfg\u00e4nger mit Sperrungen und Einschr\u00e4nkungen rechnen. Betroffen von den Sicherheitsma\u00dfnahmen der <a class=\"rtr-entity\" href=\"https:\/\/www.zeit.de\/thema\/polizei\" rel=\"nofollow noopener\" target=\"_blank\">Polizei<\/a> sind zwischen 8.00 und 20.00 Uhr gro\u00dfe Teile des Regierungsviertels rund um das Reichstagsgeb\u00e4ude zwischen Brandenburger Tor, Kanzleramt und dem Spreeufer gegen\u00fcber vom Hauptbahnhof.\u00a0\n<\/p>\n<p>Aktuelles<\/p>\n<p>                <a href=\"https:\/\/www.zeit.de\/politik\/deutschland\/2026-06\/tag-der-offenen-tuer-ohne-katherina-reiche\" data-ct-label=\"Bundesregierung: Tag der offenen T\u00fcr findet ohne Katherina Reiche statt\" data-uuid=\"4125b956-91e8-4e74-add6-eb2bf71feaa6\" rel=\"nofollow noopener\" target=\"_blank\"><\/p>\n<p>                        Bundesregierung:<br \/>\n                        Tag der offenen T\u00fcr findet ohne Katherina Reiche statt<\/p>\n<p>                <\/a><\/p>\n<p>                <a href=\"https:\/\/www.zeit.de\/hamburg\/2026-06\/elbvertiefung-09-06-2026\" data-ct-label=\"Elbvertiefung: Der t\u00e4gliche Newsletter aus Hamburg: Warum am Hamburger Flughafen jetzt Kampfjets aufsteigen\" data-uuid=\"9393ae58-9bc9-46cf-af88-308b63bd70ed\" rel=\"nofollow noopener\" target=\"_blank\"><\/p>\n<p>                        Elbvertiefung: Der t\u00e4gliche Newsletter aus Hamburg:<br \/>\n                        Warum am Hamburger Flughafen jetzt Kampfjets aufsteigen<\/p>\n<p>                <\/a><\/p>\n<p>                <a href=\"https:\/\/www.zeit.de\/feuilleton\/2026-06\/triumphbogen-washington-dc-donald-trump-kommission\" data-ct-label=\"Triumphbogen in Washington, D. C.: Steht ein Trumm im Weg\" data-uuid=\"287f448f-6ff2-4d7c-ba22-04d3e5bfb858\" rel=\"nofollow noopener\" target=\"_blank\"><\/p>\n<p>        Z+ (abopflichtiger Inhalt);<\/p>\n<p>    Triumphbogen in Washington, D. C.:<br \/>\n                        Steht ein Trumm im Weg<\/p>\n<p>                <\/a><\/p>\n<p class=\"paragraph article__item\">Das Abstellen von Autos, Motorr\u00e4dern und Fahrr\u00e4dern ist verboten. Auch andere abgestellte Gegenst\u00e4nde werden entfernt. Demonstrationen im unmittelbaren Sicherheitsbereich sind untersagt. Die Polizei empfiehlt, die Gegend weitr\u00e4umig zu umfahren.\n<\/p>\n<p class=\"paragraph article__item\">Angemeldet ist eine Demonstration \u00abNein zum Veteranen Tag\u00bb am Sonntagnachmittag, sie f\u00fchrt von der Staatsoper bis zum Schiffbauerdamm. Im letzten Jahr demonstrierten etwa 300 Menschen gegen das Gedenken.\u00a0\n<\/p>\n<p>                        Gedenktag f\u00fcr Veteranen            <\/p>\n<p class=\"paragraph article__item\">Der Bundestag hatte 2024 den 15. Juni als Gedenktag f\u00fcr die Veteranen der <a class=\"rtr-entity\" href=\"https:\/\/www.zeit.de\/thema\/bundeswehr\" rel=\"nofollow noopener\" target=\"_blank\">Bundeswehr<\/a> festgelegt. 2025 fand die erste gro\u00dfe Feier statt. Der Tag wird j\u00e4hrlich am Wochenende vor oder nach diesem Datum begangen.\u00a0\n<\/p>\n<p class=\"paragraph article__item\">In diesem Jahr gibt es unter dem Motto \u00abVeterans, Family &amp; Friends\u00bb Veranstaltungen in ganz Deutschland. Die zentrale Feier findet wieder als B\u00fcrgerfest vor dem Reichstagsgeb\u00e4ude statt mit B\u00fchnen, Reden und Musik. Tausende Besucher werden erwartet.\u00a0\n<\/p>\n<p class=\"paragraph article__item\">Als Veteranin oder Veteran der Bundeswehr gilt, wer als Soldatin oder Soldat der Bundeswehr im aktiven Dienst steht oder aus diesem Dienstverh\u00e4ltnis ehrenhaft ausgeschieden ist.\u00a0\n<\/p>\n<p class=\"paragraph article__item\">Parallel l\u00e4dt am Samstag und Sonntag die Bundesregierung zum Tag der offenen T\u00fcr. Das Bundeskanzleramt, die Bundesministerien und das Bundespresseamt \u00f6ffnen ihre T\u00fcren. Auch hier wird mit gro\u00dfem Andrang gerechnet.\n<\/p>\n<p class=\"paragraph article__item\">\u00a9 dpa-infocom, dpa:260621-930-256527\/1<\/p>\n","protected":false},"excerpt":{"rendered":"Wegen der Feiern zum zweiten nationalen Veteranentag am Sonntag im Berliner Regierungsviertel m\u00fcssen Autofahrer, Radfahrer und auch Fu\u00dfg\u00e4nger&hellip;\n","protected":false},"author":2,"featured_media":1110170,"comment_status":"","ping_status":"","sticky":false,"template":"","format":"standard","meta":{"footnotes":"","_share_on_mastodon":"0"},"categories":[1825],"tags":[1941,1939,296,1937,8482,685,39377,234869,29,30,1940,15,1938,121,95611,62771,2224,60583],"class_list":["post-1110169","post","type-post","status-publish","format-standard","has-post-thumbnail","category-berlin","tag-aktuelle-nachrichten-aus-berlin","tag-aktuelle-news-aus-berlin","tag-berlin","tag-berlin-news","tag-brandenburger-tor","tag-bundeswehr","tag-buergerfest","tag-buergerfest-am-reichstag","tag-deutschland","tag-germany","tag-nachrichten-aus-berlin","tag-news","tag-news-aus-berlin","tag-polizei","tag-regierungsviertel","tag-reichstag","tag-sperrung","tag-veteranentag"],"share_on_mastodon":{"url":"https:\/\/pubeurope.com\/@de\/116786359718940433","error":""},"_links":{"self":[{"href":"https:\/\/www.europesays.com\/de\/wp-json\/wp\/v2\/posts\/1110169","targetHints":{"allow":["GET"]}}],"collection":[{"href":"https:\/\/www.europesays.com\/de\/wp-json\/wp\/v2\/posts"}],"about":[{"href":"https:\/\/www.europesays.com\/de\/wp-json\/wp\/v2\/types\/post"}],"author":[{"embeddable":true,"href":"https:\/\/www.europesays.com\/de\/wp-json\/wp\/v2\/users\/2"}],"replies":[{"embeddable":true,"href":"https:\/\/www.europesays.com\/de\/wp-json\/wp\/v2\/comments?post=1110169"}],"version-history":[{"count":0,"href":"https:\/\/www.europesays.com\/de\/wp-json\/wp\/v2\/posts\/1110169\/revisions"}],"wp:featuredmedia":[{"embeddable":true,"href":"https:\/\/www.europesays.com\/de\/wp-json\/wp\/v2\/media\/1110170"}],"wp:attachment":[{"href":"https:\/\/www.europesays.com\/de\/wp-json\/wp\/v2\/media?parent=1110169"}],"wp:term":[{"taxonomy":"category","embeddable":true,"href":"https:\/\/www.europesays.com\/de\/wp-json\/wp\/v2\/categories?post=1110169"},{"taxonomy":"post_tag","embeddable":true,"href":"https:\/\/www.europesays.com\/de\/wp-json\/wp\/v2\/tags?post=1110169"}],"curies":[{"name":"wp","href":"https:\/\/api.w.org\/{rel}","templated":true}]}}