{"id":1110294,"date":"2026-06-21T06:21:29","date_gmt":"2026-06-21T06:21:29","guid":{"rendered":"https:\/\/www.europesays.com\/de\/1110294\/"},"modified":"2026-06-21T06:21:29","modified_gmt":"2026-06-21T06:21:29","slug":"unfall-in-der-nacht-20-jaehriger-radfahrer-prallt-in-stuttgart-mit-hoher-geschwindigkeit-gegen-auto","status":"publish","type":"post","link":"https:\/\/www.europesays.com\/de\/1110294\/","title":{"rendered":"Unfall in der Nacht: 20-j\u00e4hriger Radfahrer prallt in Stuttgart mit hoher Geschwindigkeit gegen Auto"},"content":{"rendered":"<p> Ein 20-j\u00e4hriger Radfahrer hat sich in der Nacht zum Samstag in <a href=\"https:\/\/www.stuttgarter-zeitung.de\/thema\/Stuttgart\" title=\"Stuttgart\" class=\"art_thema\" rel=\"nofollow noopener\" target=\"_blank\">Stuttgart<\/a>-West bei einem <a href=\"https:\/\/www.stuttgarter-zeitung.de\/thema\/Unfall\" title=\"Unfall\" class=\"art_thema\" rel=\"nofollow noopener\" target=\"_blank\">Unfall<\/a> schwere Verletzungen zugezogen. Der junge Mann war laut Polizei gegen 4 Uhr bergabw\u00e4rts auf der Reinsburgstra\u00dfe unterwegs. <\/p>\n<p>Weil er mutma\u00dflich zu schnell unterwegs war, verlor der 20-J\u00e4hrige in einer Linkskurve die Kontrolle \u00fcber sein <a href=\"https:\/\/www.stuttgarter-zeitung.de\/thema\/Fahrrad\" title=\"Fahrrad\" class=\"art_thema\" rel=\"nofollow noopener\" target=\"_blank\">Fahrrad<\/a>, streifte in der Folge einen geparkten VW-Golf und prallte schlie\u00dflich ungebremst gegen das Heck eines ebenfalls geparkten Audi Q5. Dabei erlitt der junge Mann schwere Verletzungen \u2013 er wurde zur weiteren medizinischen Versorgung in ein Krankenhaus gebracht.<\/p>\n","protected":false},"excerpt":{"rendered":"Ein 20-j\u00e4hriger Radfahrer hat sich in der Nacht zum Samstag in Stuttgart-West bei einem Unfall schwere Verletzungen zugezogen.&hellip;\n","protected":false},"author":2,"featured_media":1110295,"comment_status":"","ping_status":"","sticky":false,"template":"","format":"standard","meta":{"footnotes":"","_share_on_mastodon":"0"},"categories":[1830],"tags":[1634,3364,29,1234,30,8248,1441,1284],"class_list":["post-1110294","post","type-post","status-publish","format-standard","has-post-thumbnail","category-stuttgart","tag-baden-wuerttemberg","tag-de","tag-deutschland","tag-fahrrad","tag-germany","tag-polizeibericht-stuttgart","tag-stuttgart","tag-unfall"],"share_on_mastodon":{"url":"https:\/\/pubeurope.com\/@de\/116786658542279007","error":""},"_links":{"self":[{"href":"https:\/\/www.europesays.com\/de\/wp-json\/wp\/v2\/posts\/1110294","targetHints":{"allow":["GET"]}}],"collection":[{"href":"https:\/\/www.europesays.com\/de\/wp-json\/wp\/v2\/posts"}],"about":[{"href":"https:\/\/www.europesays.com\/de\/wp-json\/wp\/v2\/types\/post"}],"author":[{"embeddable":true,"href":"https:\/\/www.europesays.com\/de\/wp-json\/wp\/v2\/users\/2"}],"replies":[{"embeddable":true,"href":"https:\/\/www.europesays.com\/de\/wp-json\/wp\/v2\/comments?post=1110294"}],"version-history":[{"count":0,"href":"https:\/\/www.europesays.com\/de\/wp-json\/wp\/v2\/posts\/1110294\/revisions"}],"wp:featuredmedia":[{"embeddable":true,"href":"https:\/\/www.europesays.com\/de\/wp-json\/wp\/v2\/media\/1110295"}],"wp:attachment":[{"href":"https:\/\/www.europesays.com\/de\/wp-json\/wp\/v2\/media?parent=1110294"}],"wp:term":[{"taxonomy":"category","embeddable":true,"href":"https:\/\/www.europesays.com\/de\/wp-json\/wp\/v2\/categories?post=1110294"},{"taxonomy":"post_tag","embeddable":true,"href":"https:\/\/www.europesays.com\/de\/wp-json\/wp\/v2\/tags?post=1110294"}],"curies":[{"name":"wp","href":"https:\/\/api.w.org\/{rel}","templated":true}]}}