{"id":1110370,"date":"2026-06-21T07:06:15","date_gmt":"2026-06-21T07:06:15","guid":{"rendered":"https:\/\/www.europesays.com\/de\/1110370\/"},"modified":"2026-06-21T07:06:15","modified_gmt":"2026-06-21T07:06:15","slug":"feuerwehr-rettet-bewusstlose-person-nach-gasunfall-baden-wuerttemberg","status":"publish","type":"post","link":"https:\/\/www.europesays.com\/de\/1110370\/","title":{"rendered":"Feuerwehr rettet bewusstlose Person nach Gasunfall &#8211; Baden-W\u00fcrttemberg"},"content":{"rendered":"<p class=\"rhp-dpa-teaser\"><b>Kohlenmonoxid-Alarm in Karlsruhe: Eine Person wird verletzt. Warum bei Hitze Vorsicht mit Gasanlagen geboten ist und was die Stadtwerke raten.<\/b><\/p>\n<p><a class=\"rtr-entity\" data-rtr-entity=\"Karlsruhe\" data-rtr-id=\"80c7016b06fa35b3df6c5c0b41fd6df26fb493b1\" data-rtr-score=\"38.14587114337568\" data-rtr-etype=\"location\" data-rtr-index=\"2\" href=\"https:\/\/www.rheinpfalz.de\/themen\/karlsruhe\" rel=\"nofollow noopener\" target=\"_blank\">Karlsruhe<\/a> (dpa\/lsw) &#8211; Die Feuerwehr hat in Karlsruhe einen bewusstlosen Menschen aus einem Mehrfamilienhaus gerettet. In der Wohnung des Verletzten sei Kohlenmonoxid ausgetreten, teilte die Feuerwehr mit. <\/p>\n<p>Demnach brachten am Samstag zwei Trupps die Person unter Atemschutz aus der Wohnung und \u00fcbergaben sie an den Rettungsdienst. Mit Symptomen einer Kohlenmonoxidvergiftung wurde sie in eine Klinik eingeliefert. <\/p>\n<p>Die Einsatzkr\u00e4fte r\u00e4umten das Geb\u00e4ude und kontrollierten benachbarte Wohnungen. Weitere Bewohner mussten laut Feuerwehr nicht medizinisch behandelt werden. Zu Alter und Geschlecht der verletzten Person machte die Polizei vorerst keine Angaben.<\/p>\n<p>Grund f\u00fcr das Austreten von Kohlenmonoxid war eine Gastherme in der Wohnung, hie\u00df es von den Stadtwerken Karlsruhe. Die Anlage wurde au\u00dfer Betrieb genommen. Die Stadtwerke weisen darauf hin, dass bei den derzeit hohen Au\u00dfentemperaturen Abgase von Gasthermen schlechter abziehen k\u00f6nnen. Duschen oder Baden mit gr\u00f6\u00dferen Mengen Warmwasser sollte deshalb m\u00f6glichst in die k\u00fchleren Morgen- oder Abendstunden verlegt werden.<\/p>\n","protected":false},"excerpt":{"rendered":"Kohlenmonoxid-Alarm in Karlsruhe: Eine Person wird verletzt. Warum bei Hitze Vorsicht mit Gasanlagen geboten ist und was die&hellip;\n","protected":false},"author":2,"featured_media":1110371,"comment_status":"","ping_status":"","sticky":false,"template":"","format":"standard","meta":{"footnotes":"","_share_on_mastodon":"0"},"categories":[1844],"tags":[1634,3364,29,28196,985,135864,30,8903,4823,4338,7490],"class_list":["post-1110370","post","type-post","status-publish","format-standard","has-post-thumbnail","category-karlsruhe","tag-baden-wuerttemberg","tag-de","tag-deutschland","tag-dpaticker","tag-feuerwehr","tag-gasunfall","tag-germany","tag-karlsruhe","tag-meldung","tag-notfall","tag-vermischtes"],"share_on_mastodon":{"url":"https:\/\/pubeurope.com\/@de\/116786835727789169","error":""},"_links":{"self":[{"href":"https:\/\/www.europesays.com\/de\/wp-json\/wp\/v2\/posts\/1110370","targetHints":{"allow":["GET"]}}],"collection":[{"href":"https:\/\/www.europesays.com\/de\/wp-json\/wp\/v2\/posts"}],"about":[{"href":"https:\/\/www.europesays.com\/de\/wp-json\/wp\/v2\/types\/post"}],"author":[{"embeddable":true,"href":"https:\/\/www.europesays.com\/de\/wp-json\/wp\/v2\/users\/2"}],"replies":[{"embeddable":true,"href":"https:\/\/www.europesays.com\/de\/wp-json\/wp\/v2\/comments?post=1110370"}],"version-history":[{"count":0,"href":"https:\/\/www.europesays.com\/de\/wp-json\/wp\/v2\/posts\/1110370\/revisions"}],"wp:featuredmedia":[{"embeddable":true,"href":"https:\/\/www.europesays.com\/de\/wp-json\/wp\/v2\/media\/1110371"}],"wp:attachment":[{"href":"https:\/\/www.europesays.com\/de\/wp-json\/wp\/v2\/media?parent=1110370"}],"wp:term":[{"taxonomy":"category","embeddable":true,"href":"https:\/\/www.europesays.com\/de\/wp-json\/wp\/v2\/categories?post=1110370"},{"taxonomy":"post_tag","embeddable":true,"href":"https:\/\/www.europesays.com\/de\/wp-json\/wp\/v2\/tags?post=1110370"}],"curies":[{"name":"wp","href":"https:\/\/api.w.org\/{rel}","templated":true}]}}