{"id":1110573,"date":"2026-06-21T09:06:29","date_gmt":"2026-06-21T09:06:29","guid":{"rendered":"https:\/\/www.europesays.com\/de\/1110573\/"},"modified":"2026-06-21T09:06:29","modified_gmt":"2026-06-21T09:06:29","slug":"tragische-badeunfaelle-zwei-menschen-tot-aus-wasser-geborgen-drei-vermisst-regional","status":"publish","type":"post","link":"https:\/\/www.europesays.com\/de\/1110573\/","title":{"rendered":"Tragische Badeunf\u00e4lle: Zwei Menschen tot aus Wasser geborgen, drei vermisst | Regional"},"content":{"rendered":"<p><a class=\"skip-content skip-content--link\" href=\"#in-content-skip-link-target-v-0-0\">TTS-Player \u00fcberspringen\u21b5<\/a><a id=\"in-content-skip-link-target-v-0-0\" class=\"skip-content--target-link-hidden skip-content skip-content--target-link\" href=\"#in-content-skip-link-target-v-0-0\">Artikel weiterlesen<\/a><\/p>\n<p data-780e759e=\"0-1201\">Gelsenkirchen (NRW) \u2013 <b>Die Tropenhitze treibt die Menschen ins Wasser, doch die ersehnte Abk\u00fchlung wird mancherorts zur t\u00f6dlichen Falle. An diesem Wochenende mussten Einsatzkr\u00e4fte gleich mehrere Badetote melden. In Gelsenkirchen spielte sich eine besonders tragische Szene ab: Ein 16-J\u00e4hriger ging vor den Augen seiner Freundin unter und tauchte nicht mehr lebend auf.<\/b><\/p>\n<p data-780e759e=\"0-1201\">Gegen 21 Uhr ging der <a href=\"https:\/\/www.bild.de\/themen\/specials\/notruf\/ratgeber-nachrichten-fotos-videos-23749892.bild.html\" class=\"text-link\" rel=\"nofollow noopener\" target=\"_blank\">Notruf<\/a> ein: Feuerwehr, Rettungsdienst und Polizei eilten zum Rhein-Herne-Kanal am Amphitheater in Gelsenkirchen (NRW). Kurz zuvor hatte eine Jugendliche panisch Alarm geschlagen. Sie war mit ihrem Freund (16) im Wasser gewesen. Pl\u00f6tzlich verschwand er vor ihren Augen und ging unter.<\/p>\n<p><img decoding=\"async\" width=\"992\" height=\"558\" alt=\"Die Rettungskr\u00e4fte am Einsatzort. Der verungl\u00fcckte Jugendliche (\u202016) war mit Freunden unterwegs\" loading=\"lazy\" src=\"https:\/\/www.europesays.com\/de\/wp-content\/uploads\/2026\/06\/6cb93c5fb67778c573b61b438a33668e,1618ed45.jpeg\"   class=\"landscape\"\/><\/p>\n<p class=\"fig__caption__text\">Die Rettungskr\u00e4fte am Einsatzort. Der verungl\u00fcckte Jugendliche (\u202016) war mit Freunden unterwegs<\/p>\n<p>Foto: WTVnews<\/p>\n<p>Jugendlicher bei Badeunfall gestorben<\/p>\n<p data-780e759e=\"0-1201\">Einsatzkr\u00e4fte und Taucher durchk\u00e4mmten das dunkle Wasser. Schlie\u00dflich entdeckten sie den 16-J\u00e4hrigen. Regungslos zogen sie ihn an Land. Die Retter k\u00e4mpften um sein Leben \u2013 vergeblich. Warum es zu dem <a href=\"https:\/\/www.bild.de\/themen\/ereignisse\/unfaelle\/auto-news-fotos-videos-17004002.bild.html\" class=\"text-link\" rel=\"nofollow noopener\" target=\"_blank\">Badeunfall<\/a> kam, ermittelt nun die Polizei.<\/p>\n<p data-780e759e=\"0-1201\">Auch in Rheinstetten (Baden-W\u00fcrttemberg) spielten sich tragische Szenen ab. Ein Schwimmer (23) ging pl\u00f6tzlich im Epplesee unter. Boote befuhren daraufhin das <a href=\"https:\/\/www.bild.de\/themen\/specials\/gewaesser\/news-fotos-videos-17023760.bild.html\" class=\"text-link\" rel=\"nofollow noopener\" target=\"_blank\">Wasser<\/a>, ein Hubschrauber kreiste zur Unterst\u00fctzung. Erst nach rund zwei Stunden folgte die bittere Gewissheit: Der Mann ist <a href=\"https:\/\/www.bild.de\/themen\/specials\/tod\/ratgeber-todesfall-trauer-nachrichten-25350234.bild.html\" class=\"text-link\" rel=\"nofollow noopener\" target=\"_blank\">tot<\/a>. Die Einsatzkr\u00e4fte konnten nur noch seine Leiche bergen.<\/p>\n<p><img decoding=\"async\" width=\"992\" height=\"558\" alt=\"Auch am Epplesee in Rheinstetten wurde ein Mann (23) tot aus dem Wasser geborgen\" loading=\"lazy\" src=\"https:\/\/www.europesays.com\/de\/wp-content\/uploads\/2026\/06\/f0bead0ca34e3fb56ac9758cfb12796e,d89f2501.jpeg\"   class=\"landscape\"\/><\/p>\n<p class=\"fig__caption__text\">Auch am Epplesee in Rheinstetten wurde ein Mann (23) tot aus dem Wasser geborgen <\/p>\n<p>Foto: Henry Mungenast\/EinsatzReport24<\/p>\n<p>Drei M\u00e4nner spurlos verschwunden<\/p>\n<p data-780e759e=\"1202-2184\">Im hessischen Biblis endete ein Badeausflug dramatisch. Drei Menschen werden seit ihrem Badegang am Samstag im Rhein <a href=\"https:\/\/www.bild.de\/news\/aktuelles\/vermisste-personen\/thema-vermisste-personen-alle-infos-80909876.bild.html\" class=\"text-link\" rel=\"nofollow noopener\" target=\"_blank\">vermisst<\/a>. Ein 50-J\u00e4hriger war am Nachmittag ins Wasser gegangen. Noch am Abend fehlte von ihm jede Spur, so die Polizei. <\/p>\n<p data-780e759e=\"1202-2184\">W\u00e4hrend die Suche nach ihm lief, spitzte sich die Lage am Ufer weiter zu: Passanten schlugen Alarm und berichteten von zwei weiteren M\u00e4nnern (23, 27), die im Fluss untergegangen sein sollen. Beide gelten als Nichtschwimmer. Sofort starteten Einsatzkr\u00e4fte auch hier eine gro\u00dfangelegte Suche. \u201eZeugen des Vorfalles wurden vor Ort durch die Notfallseelsorge betreut\u201c, teilte ein Sprecher der <a href=\"https:\/\/www.bild.de\/regional\/aktuelles\/polizei\/polizeieinsatz-alle-infos-76681760.bild.html\" class=\"text-link\" rel=\"nofollow noopener\" target=\"_blank\">Polizei<\/a> mit. Doch auch am Sonntagmorgen fehlte von allen dreien jede Spur \u2013 aktuell sind keine weiteren Suchma\u00dfnahmen geplant. Ein Polizeisprecher am Sonntagmorgen: \u201eWir m\u00fcssen von dem Schlimmsten ausgehen.\u201c<\/p>\n","protected":false},"excerpt":{"rendered":"TTS-Player \u00fcberspringen\u21b5Artikel weiterlesen Gelsenkirchen (NRW) \u2013 Die Tropenhitze treibt die Menschen ins Wasser, doch die ersehnte Abk\u00fchlung wird&hellip;\n","protected":false},"author":2,"featured_media":1110574,"comment_status":"","ping_status":"","sticky":false,"template":"","format":"standard","meta":{"footnotes":"","_share_on_mastodon":"0"},"categories":[1834],"tags":[42685,3364,67843,29,19183,3688,985,3658,30,18113,1209,16184,121,3906,5206,15697,138370,3533,44164],"class_list":["post-1110573","post","type-post","status-publish","format-standard","has-post-thumbnail","category-essen","tag-badeunfall","tag-de","tag-deutsche-lebens-rettungs-gesellschaft","tag-deutschland","tag-ertrinken","tag-essen","tag-feuerwehr","tag-gelsenkirchen","tag-germany","tag-hitzewelle","tag-nordrhein-westfalen","tag-notruf","tag-polizei","tag-rettungsdienst","tag-rhein","tag-see","tag-team-first","tag-todesfall","tag-wiederbelebung"],"share_on_mastodon":{"url":"https:\/\/pubeurope.com\/@de\/116787308877545570","error":""},"_links":{"self":[{"href":"https:\/\/www.europesays.com\/de\/wp-json\/wp\/v2\/posts\/1110573","targetHints":{"allow":["GET"]}}],"collection":[{"href":"https:\/\/www.europesays.com\/de\/wp-json\/wp\/v2\/posts"}],"about":[{"href":"https:\/\/www.europesays.com\/de\/wp-json\/wp\/v2\/types\/post"}],"author":[{"embeddable":true,"href":"https:\/\/www.europesays.com\/de\/wp-json\/wp\/v2\/users\/2"}],"replies":[{"embeddable":true,"href":"https:\/\/www.europesays.com\/de\/wp-json\/wp\/v2\/comments?post=1110573"}],"version-history":[{"count":0,"href":"https:\/\/www.europesays.com\/de\/wp-json\/wp\/v2\/posts\/1110573\/revisions"}],"wp:featuredmedia":[{"embeddable":true,"href":"https:\/\/www.europesays.com\/de\/wp-json\/wp\/v2\/media\/1110574"}],"wp:attachment":[{"href":"https:\/\/www.europesays.com\/de\/wp-json\/wp\/v2\/media?parent=1110573"}],"wp:term":[{"taxonomy":"category","embeddable":true,"href":"https:\/\/www.europesays.com\/de\/wp-json\/wp\/v2\/categories?post=1110573"},{"taxonomy":"post_tag","embeddable":true,"href":"https:\/\/www.europesays.com\/de\/wp-json\/wp\/v2\/tags?post=1110573"}],"curies":[{"name":"wp","href":"https:\/\/api.w.org\/{rel}","templated":true}]}}