{"id":111061,"date":"2025-05-14T22:53:25","date_gmt":"2025-05-14T22:53:25","guid":{"rendered":"https:\/\/www.europesays.com\/de\/111061\/"},"modified":"2025-05-14T22:53:25","modified_gmt":"2025-05-14T22:53:25","slug":"vorwuerfe-gegen-demis-volpi-hamburg-ballett-steht-vor-dilemma","status":"publish","type":"post","link":"https:\/\/www.europesays.com\/de\/111061\/","title":{"rendered":"Vorw\u00fcrfe gegen Demis Volpi &#8211; Hamburg Ballett steht vor Dilemma"},"content":{"rendered":"<p class=\"richtext text-em-55 !leading-serif mx-6 desktop:mx-0\">Es wird nun eine mehr als ausgezeichnete, geradezu friedensengelgleiche Beraterin brauchen, um die schwer belastete Situation am renommierten Hamburger <a href=\"https:\/\/rp-online.de\/thema\/ballett\/\" target=\"_blank\" rel=\"noopener\">Ballett<\/a> zu entsch\u00e4rfen. Wahrscheinlich ist, dass die Tage von Ballettintendant Demis Volpi (39) in <a href=\"https:\/\/rp-online.de\/thema\/hamburg\/\" target=\"_blank\" rel=\"noopener\">Hamburg<\/a> gez\u00e4hlt sind. Sei es sehr schnell, weil sich die Vorw\u00fcrfe, er habe ein toxisches, schwer belastetes Arbeitsklima geschaffen, erh\u00e4rten. Sei es mittelfristig, weil sich die unkonkrete Kritik nur schwer in eine Beweislage wird wandeln lassen. In Krisen oft bleibt die Wahrheit auf der Strecke, wenn der Image-Schaden zu gro\u00df zu werden droht. Volpi ist angeschlagen. Es wird ein Gemunkel bleiben, dass irgendetwas an den Vorw\u00fcrfen schon dran gewesen sein k\u00f6nnte.<\/p>\n","protected":false},"excerpt":{"rendered":"Es wird nun eine mehr als ausgezeichnete, geradezu friedensengelgleiche Beraterin brauchen, um die schwer belastete Situation am renommierten&hellip;\n","protected":false},"author":2,"featured_media":111062,"comment_status":"","ping_status":"","sticky":false,"template":"","format":"standard","meta":{"footnotes":""},"categories":[1826],"tags":[43340,16104,43335,43337,43333,43341,43334,43332,43329,29,31436,43330,30,692,7984,43339,43338,42577,43336,43331,42231,4968],"class_list":{"0":"post-111061","1":"post","2":"type-post","3":"status-publish","4":"format-standard","5":"has-post-thumbnail","7":"category-hamburg","8":"tag-ballet","9":"tag-ballett","10":"tag-ballettchef","11":"tag-ballettdirektorin","12":"tag-ballettintendant","13":"tag-ballettschule","14":"tag-ballettspitze","15":"tag-beraterin","16":"tag-demis","17":"tag-deutschland","18":"tag-direktor","19":"tag-findungskommission","20":"tag-germany","21":"tag-hamburg","22":"tag-hamburger","23":"tag-hamburgischen","24":"tag-handlungsballett","25":"tag-john-neumeier","26":"tag-nationalballetts","27":"tag-renommierten","28":"tag-volpi","29":"tag-vorwuerfe"},"share_on_mastodon":{"url":"https:\/\/pubeurope.com\/@de\/114508647856223359","error":""},"_links":{"self":[{"href":"https:\/\/www.europesays.com\/de\/wp-json\/wp\/v2\/posts\/111061","targetHints":{"allow":["GET"]}}],"collection":[{"href":"https:\/\/www.europesays.com\/de\/wp-json\/wp\/v2\/posts"}],"about":[{"href":"https:\/\/www.europesays.com\/de\/wp-json\/wp\/v2\/types\/post"}],"author":[{"embeddable":true,"href":"https:\/\/www.europesays.com\/de\/wp-json\/wp\/v2\/users\/2"}],"replies":[{"embeddable":true,"href":"https:\/\/www.europesays.com\/de\/wp-json\/wp\/v2\/comments?post=111061"}],"version-history":[{"count":0,"href":"https:\/\/www.europesays.com\/de\/wp-json\/wp\/v2\/posts\/111061\/revisions"}],"wp:featuredmedia":[{"embeddable":true,"href":"https:\/\/www.europesays.com\/de\/wp-json\/wp\/v2\/media\/111062"}],"wp:attachment":[{"href":"https:\/\/www.europesays.com\/de\/wp-json\/wp\/v2\/media?parent=111061"}],"wp:term":[{"taxonomy":"category","embeddable":true,"href":"https:\/\/www.europesays.com\/de\/wp-json\/wp\/v2\/categories?post=111061"},{"taxonomy":"post_tag","embeddable":true,"href":"https:\/\/www.europesays.com\/de\/wp-json\/wp\/v2\/tags?post=111061"}],"curies":[{"name":"wp","href":"https:\/\/api.w.org\/{rel}","templated":true}]}}