{"id":1110619,"date":"2026-06-21T09:31:25","date_gmt":"2026-06-21T09:31:25","guid":{"rendered":"https:\/\/www.europesays.com\/de\/1110619\/"},"modified":"2026-06-21T09:31:25","modified_gmt":"2026-06-21T09:31:25","slug":"wer-schwimmt-da-vor-der-berliner-museumsinsel-ich-moechte-keine-stunde-zu-einem-badesee-fahren","status":"publish","type":"post","link":"https:\/\/www.europesays.com\/de\/1110619\/","title":{"rendered":"Wer schwimmt da vor der Berliner Museumsinsel?: \u201eIch m\u00f6chte keine Stunde zu einem Badesee fahren\u201c"},"content":{"rendered":"<p class=\"tspBMlx tspBMly\">Vor der majest\u00e4tischen Kulisse der Berliner Museumsinsel zeigte sich am Sonnabend ein ungewohntes Bild: Sie wurde kurzerhand zur Badeinsel umfunktioniert. Bei Temperaturen von \u00fcber 30 Grad und leicht bew\u00f6lktem Himmel sprangen <a href=\"https:\/\/www.tagesspiegel.de\/berlin\/teilnehmende-wollten-gegen-badeverbot-demonstrieren-spree-schwimm-demo-fallt-ins-wasser-15621070.html?icid=in-text-link_15737632\" class=\"link link--internal\" data-gtm-class=\"article-text-link\" data-gtm-val=\"internal\" rel=\"nofollow noopener\" target=\"_blank\">Hunderte Menschen in die Spree<\/a>. Mit einer Schwimm-Demo protestierten sie gegen das pauschale Badeverbot, das seit 101 Jahren f\u00fcr den Fluss besteht.<\/p>\n<p>Tagesspiegel Checkpoint: Berlins beliebtester Newsletter<\/p>\n<p><img decoding=\"async\" src=\"https:\/\/www.europesays.com\/de\/wp-content\/uploads\/2025\/04\/cp-icon.png\" alt=\"\" class=\"tspBXhn\"\/><\/p>\n<p class=\"tspBXmm\"> Der schnellste Berlin-\u00dcberblick von Montag bis Samstag.  <\/p>\n<p class=\"tspBMlx\">Rund um den Schinkelplatz versammelten sich Menschen mit Schwimmbojen, kleinen Booten, Badebekleidung und selbstgemalten Schildern. Doch wer springt eigens in die Spree, um ein politisches Zeichen zu setzen? Der Tagesspiegel hat einige der Teilnehmenden befragt.<\/p>\n<p> Ines Bublath (54) und Simone: Freib\u00e4der oft \u00fcberf\u00fcllt <\/p>\n<p class=\"tspBMlx\">Mit selbst gestalteten, aufeinander abgestimmten H\u00fcten nehmen die Freundinnen Ines Bublath (54) und Simone, die nur ihren Vornamen nennen will, an dem Protest teil. Die Aufschrift \u201eSpree frei\u201c sowie ein kleiner Gummialligator zieren die Kopfbedeckungen.<\/p>\n<p><img decoding=\"async\" src=\"https:\/\/www.europesays.com\/de\/wp-content\/uploads\/2026\/06\/spreebaden-1.jpeg\"   alt=\"Die Freundinnen Ines Bublath und Simone haben den Hut \u201eSpree frei\u201c gemeinsam entworfen.\" aria-labelledby=\"caption-15737738\" width=\"440\" height=\"330\" loading=\"lazy\" class=\"tspAVil\"\/> Perfekt abgestimmt: Die Freundinnen Ines Bublath und Simone haben den Hut \u201eSpree frei\u201c gemeinsam entworfen. <\/p>\n<p class=\"tspACgc\"> \u00a9 Camila de Araujo Pinto <\/p>\n<p class=\"tspBMlx\">\u201eF\u00fcr mich ist es wichtig, dass alle die M\u00f6glichkeit haben, zu schwimmen, wenn sie m\u00f6chten, um sich abzuk\u00fchlen und ihre Stimmung zu verbessern. Die Stadt wird immer hei\u00dfer, und die Menschen haben einfach keine M\u00f6glichkeit, sich zu erfrischen und besser zu f\u00fchlen\u201c, sagt Bublath.<\/p>\n<p class=\"tspBMlx\">Die Steuerfachangestellte aus Gatow verweist zudem auf ein strukturelles Problem: \u00d6ffentliche Schwimmb\u00e4der bieten an hei\u00dfen Tagen nicht ausreichend Platz f\u00fcr alle Menschen, die baden m\u00f6chten.<\/p>\n<p><img decoding=\"async\" src=\"https:\/\/www.europesays.com\/de\/wp-content\/uploads\/2026\/06\/spreebaden-6.jpeg\"   alt=\"Hunderte Menschen planschten am Sonnabend in der Spree.\" aria-labelledby=\"caption-15737747\" width=\"440\" height=\"330\" loading=\"lazy\" class=\"tspAVil\"\/> Lassen sich vom Verbot nicht abschrecken: Hunderte springen am Sonnabend in die Spree. <\/p>\n<p class=\"tspACgc\"> \u00a9 Camila de Araujo Pinto <\/p>\n<p class=\"tspBMlx\">\u201e\u00d6ffentliche Schwimmb\u00e4der sind oft kaputt und geschlossen. Danach dauert es Jahre, bis sie wieder \u00f6ffnen. In Gatow war das Freibad im Sommer immer \u00fcberf\u00fcllt. Jetzt ist es seit drei Sommern geschlossen. Aber ich kann immerhin an der Havel spazieren gehen. Das ist ein Luxus, dessen ich mir sehr bewusst bin \u2013 etwas, das Menschen im Umkreis der Museumsinsel nicht haben\u201c, sagt Bublath.<\/p>\n<p> Ricardo Sentler (32): Alternative zum Badesee <\/p>\n<p class=\"tspBMlx\">Genau aus dem Wunsch heraus, diesen \u201eLuxus\u201c zu genie\u00dfen, nimmt auch Ingenieur Ricardo Sentler (32) aus Kreuzberg am Protestschwimmen teil. Sentler sagt, er bevorzuge eine zehnmin\u00fctige Fahrradtour zum Fluss gegen\u00fcber einer 15 Kilometer langen Autofahrt zu einem See.<\/p>\n<p><img decoding=\"async\" src=\"https:\/\/www.europesays.com\/de\/wp-content\/uploads\/2026\/06\/spreebaden-5.jpeg\"   alt=\"Ein leicht zug\u00e4ngliches Bad im Fluss: Das ist es, was sich der Ingenieur Ricardo Sentler an einem hei\u00dfen Tag in Berlin w\u00fcnschen w\u00fcrde.\" aria-labelledby=\"caption-15737740\" width=\"440\" height=\"330\" loading=\"lazy\" class=\"tspAVil\"\/> Ein leicht zug\u00e4ngliches Bad im Fluss: Das ist es, was sich Ingenieur Ricardo Sentler an einem hei\u00dfen Tag in Berlin w\u00fcnschen w\u00fcrde. <\/p>\n<p class=\"tspACgc\"> \u00a9 Camila de Araujo Pinto <\/p>\n<p class=\"tspBMlx\">\u201eAn so einem Tag w\u00e4re ein kurzer Sprung in die Spree \u2013 morgens oder am sp\u00e4ten Nachmittag \u2013 perfekt, um sich abzuk\u00fchlen. Ich m\u00f6chte keine halbe oder ganze Stunde zu einem Gew\u00e4sser fahren\u201c, sagt er kurz nach seinem Bad im Fluss.<\/p>\n<p class=\"tspBMlx\">Auf die Wasserqualit\u00e4t angesprochen, zeigt er sich gelassen: \u201eMan konnte sehen, dass es etwas schmutzig war, aber nicht so schlimm. Die Spree ist nicht dreckiger als die Badeseen, in die man so hineingeht. Insgesamt war es sehr gut\u201c, sagt Sentler.<\/p>\n<p> Paul Fander (30): Spree soll \u201eBundesfreibad\u201c werden <\/p>\n<p class=\"tspBMlx\">Paul Fander (30) aus Wedding pr\u00e4sentiert sich mit gestreiften Shorts, einem Handtuch \u00fcber der Schulter und Sonnenbrille als Badegast-Prototyp \u2013 bis auf eine Ausnahme: ein Schild mit der Aufschrift \u201eDas ist nun ein Bundesbad!\u201c.<\/p>\n<p class=\"tspBMlx\">\u201eEs ist einfach logisch, dass dieses alte Verbot abgeschafft wird, damit alle hier schwimmen k\u00f6nnen. Ich finde, das macht das Stadtbild sehr positiv und sch\u00f6n, wenn Menschen einfach \u00fcberall ins Wasser springen k\u00f6nnen\u201c, sagt Fander.<\/p>\n<p><img decoding=\"async\" src=\"https:\/\/www.europesays.com\/de\/wp-content\/uploads\/2026\/06\/spreebaden-3.jpeg\"   alt=\"Der Berliner-Wedding-Bewohner Paul Fander, 30 Jahre alt, tr\u00e4umt von einem Fluss zum Schwimmen an hei\u00dfen Tagen.\" aria-labelledby=\"caption-15737741\" width=\"440\" height=\"330\" loading=\"lazy\" class=\"tspAVil\"\/> Die Spree sollte den Anwohnern geh\u00f6ren, findet Paul Fander. Deshalb widmet er den Fluss kurzerhand zum \u201eBundesbad\u201c um. <\/p>\n<p class=\"tspACgc\"> \u00a9 Camila de Araujo Pinto <\/p>\n<p class=\"tspBMlx\">Er stellt auch ein Argument infrage, wonach das Schwimmen gef\u00e4hrlich sei, da es sich um eine Bundeswasserstra\u00dfe mit Schiffsverkehr handelt. \u201eDeshalb bin ich heute auch hier mit meinem Plakat, das fordert, dass dies keine Bundeswasserstra\u00dfe mehr sein soll und die Spree zu einem \u201aBundesfreibad\u2018 wird\u201c, sagt Fander. \u201e\u00dcber 50.000 Menschen leben in der Umgebung. Wem geh\u00f6rt diese \u201aBundeswasserstra\u00dfe\u2018? Den Touristinnen, Touristen und Museumsbesuchern?\u201c<\/p>\n<p> Der Frauenchror: Die \u201esch\u00f6nsten M\u00e4dchen der Welt\u201c sollen im Fluss baden <\/p>\n<p class=\"tspBMlx\">Musikalische Unterst\u00fctzung erh\u00e4lt der Protest durch die Matronkas, einen Frauenchor von der Ostseek\u00fcste in Mecklenburg-Vorpommern. Traditionell in Rot gekleidet, haben sie slawische Lieder f\u00fcr die Veranstaltung umgedichtet.<\/p>\n<p><img decoding=\"async\" src=\"https:\/\/www.europesays.com\/de\/wp-content\/uploads\/2026\/06\/spreebaden-2.jpeg\"   alt=\"Chris Bokemeyer, die Chorleiterin des Chors Matronkas. W\u00e4hrend sie schwammen, sangen sie auch eine Ode an den Berliner Fluss.\" aria-labelledby=\"caption-15737742\" width=\"440\" height=\"330\" loading=\"lazy\" class=\"tspAVil\"\/> Eine Ode an den Fluss: Chris Bokemeyer, Leiterin der Matronkas, gemeinsam mit weiteren Mitgliedern des Chors. <\/p>\n<p class=\"tspACgc\"> \u00a9 Camila de Araujo Pinto <\/p>\n<p class=\"tspBMlx\">\u201eDas erste Lied handelt eigentlich von der Sava, einem kroatischen Fluss, und wir haben es f\u00fcr die Spree umgeschrieben \u2013 als Ode an den Fluss. Eine Zeile lautet: \u201aWie wunderbar, dass die Spree hier flie\u00dft und die sch\u00f6nsten M\u00e4dchen der Welt direkt an ihren Ufern leben\u2018\u201c, erkl\u00e4rt Chorleiterin Chris Bokemeyer.<\/p>\n<p>Lesen Sie mehr zum Flussbaden in Berlin:<a href=\"https:\/\/www.tagesspiegel.de\/berlin\/summer-in-the-city-cool-bleiben-berlin-du-gluhst--aber-spruhst-zu-wenig-15737030.html?icid=topic-list_15737632___\" data-gtm-class=\"article-mzt-link\" data-hydrate-fingerprint=\"09740a54944caac75fd2c0c63fd5c5df\" data-hydrate-props=\"{&amp;escapedquot;element&amp;escapedquot;:{&amp;escapedquot;type&amp;escapedquot;:&amp;escapedquot;relatedContent&amp;escapedquot;,&amp;escapedquot;fieldMap&amp;escapedquot;:{},&amp;escapedquot;relation&amp;escapedquot;:{&amp;escapedquot;fields&amp;escapedquot;:{&amp;escapedquot;isPaid&amp;escapedquot;:true},&amp;escapedquot;href&amp;escapedquot;:&amp;escapedquot;\/berlin\/summer-in-the-city-cool-bleiben-berlin-du-gluhst--aber-spruhst-zu-wenig-15737030.html&amp;escapedquot;,&amp;escapedquot;teaserTitle&amp;escapedquot;:{&amp;escapedquot;kicker&amp;escapedquot;:&amp;escapedquot;Summer in the City? Cool bleiben!&amp;escapedquot;,&amp;escapedquot;headline&amp;escapedquot;:&amp;escapedquot;Berlin, du gl\u00fchst \u2013 aber spr\u00fchst zu wenig&amp;escapedquot;},&amp;escapedquot;id&amp;escapedquot;:&amp;escapedquot;15737030&amp;escapedquot;,&amp;escapedquot;type&amp;escapedquot;:&amp;escapedquot;story&amp;escapedquot;},&amp;escapedquot;isPartOfList&amp;escapedquot;:true,&amp;escapedquot;topicListType&amp;escapedquot;:&amp;escapedquot;topic-list&amp;escapedquot;},&amp;escapedquot;showArrow&amp;escapedquot;:true}\" data-hydrate-slots=\"{&#039;default&#039;:[]}\" class=\"tspCQph tspCLo6\" rel=\"nofollow noopener\" target=\"_blank\">Summer in the City? Cool bleiben! Berlin, du gl\u00fchst \u2013 aber spr\u00fchst zu wenig <\/a><a href=\"https:\/\/www.tagesspiegel.de\/berlin\/komiker-sprang-am-reichstag-in-die-spree-berliner-polizei-ermittelt-gegen-wigald-boning-wegen-badegang-15442620.html?icid=topic-list_15737632___\" data-gtm-class=\"article-mzt-link\" data-hydrate-fingerprint=\"09740a54944caac75fd2c0c63fd5c5df\" data-hydrate-props=\"{&amp;escapedquot;element&amp;escapedquot;:{&amp;escapedquot;type&amp;escapedquot;:&amp;escapedquot;relatedContent&amp;escapedquot;,&amp;escapedquot;fieldMap&amp;escapedquot;:{},&amp;escapedquot;relation&amp;escapedquot;:{&amp;escapedquot;fields&amp;escapedquot;:{&amp;escapedquot;isPaid&amp;escapedquot;:null},&amp;escapedquot;href&amp;escapedquot;:&amp;escapedquot;\/berlin\/komiker-sprang-am-reichstag-in-die-spree-berliner-polizei-ermittelt-gegen-wigald-boning-wegen-badegang-15442620.html&amp;escapedquot;,&amp;escapedquot;teaserTitle&amp;escapedquot;:{&amp;escapedquot;kicker&amp;escapedquot;:&amp;escapedquot;Komiker sprang am Reichstag in die Spree&amp;escapedquot;,&amp;escapedquot;headline&amp;escapedquot;:&amp;escapedquot;Berliner Polizei ermittelt gegen Wigald Boning wegen Badegang&amp;escapedquot;},&amp;escapedquot;id&amp;escapedquot;:&amp;escapedquot;15442620&amp;escapedquot;,&amp;escapedquot;type&amp;escapedquot;:&amp;escapedquot;story&amp;escapedquot;},&amp;escapedquot;isPartOfList&amp;escapedquot;:true,&amp;escapedquot;topicListType&amp;escapedquot;:&amp;escapedquot;topic-list&amp;escapedquot;},&amp;escapedquot;showArrow&amp;escapedquot;:true}\" data-hydrate-slots=\"{&#039;default&#039;:[]}\" class=\"tspCQph tspCLo6\" rel=\"nofollow noopener\" target=\"_blank\">Komiker sprang am Reichstag in die Spree Berliner Polizei ermittelt gegen Wigald Boning wegen Badegang <\/a><a href=\"https:\/\/checkpoint.tagesspiegel.de\/langmeldung\/wcXmSV5gpCaNfr9RaJaGN?utm_medium=social-button-nl-web&amp;icid=topic-list_15737632___\" data-gtm-class=\"article-mzt-link\" data-hydrate-fingerprint=\"09740a54944caac75fd2c0c63fd5c5df\" data-hydrate-props=\"{&amp;escapedquot;element&amp;escapedquot;:{&amp;escapedquot;type&amp;escapedquot;:&amp;escapedquot;relatedContent&amp;escapedquot;,&amp;escapedquot;fieldMap&amp;escapedquot;:{},&amp;escapedquot;relation&amp;escapedquot;:{&amp;escapedquot;fields&amp;escapedquot;:{&amp;escapedquot;url&amp;escapedquot;:&amp;escapedquot;https:\/\/checkpoint.tagesspiegel.de\/langmeldung\/wcXmSV5gpCaNfr9RaJaGN?utm_medium=social-button-nl-web&amp;escapedquot;,&amp;escapedquot;isPaid&amp;escapedquot;:true},&amp;escapedquot;href&amp;escapedquot;:&amp;escapedquot;\/berlin\/article15126688.ece&amp;escapedquot;,&amp;escapedquot;teaserTitle&amp;escapedquot;:{&amp;escapedquot;kicker&amp;escapedquot;:&amp;escapedquot;Projekt \u201eFlussbad\u201c geht den Bach runter&amp;escapedquot;,&amp;escapedquot;headline&amp;escapedquot;:&amp;escapedquot;Landesgesundheitsamt sieht Spreekanal als ungeeignet zum Baden&amp;escapedquot;},&amp;escapedquot;id&amp;escapedquot;:&amp;escapedquot;15126688&amp;escapedquot;,&amp;escapedquot;type&amp;escapedquot;:&amp;escapedquot;externalTeaser&amp;escapedquot;},&amp;escapedquot;isPartOfList&amp;escapedquot;:true,&amp;escapedquot;topicListType&amp;escapedquot;:&amp;escapedquot;topic-list&amp;escapedquot;},&amp;escapedquot;showArrow&amp;escapedquot;:true}\" data-hydrate-slots=\"{&#039;default&#039;:[]}\" class=\"tspCQph tspCLo6\" rel=\"nofollow noopener\" target=\"_blank\">Projekt \u201eFlussbad\u201c geht den Bach runter Landesgesundheitsamt sieht Spreekanal als ungeeignet zum Baden <\/a> Bruno Schmidt (77): Den Senat unter Druck setzen <\/p>\n<p class=\"tspBMlx\">Der in Berlin geborene Rentner Bruno Schmidt (77) ist am Sonnabend eigens in seine Heimatstadt zur\u00fcckgekehrt, um am Protest teilzunehmen und den Senat unter Druck zu setzen. Auch er findet, \u00f6ffentliche Badepl\u00e4tze bieten im Sommer nicht ausreichend Kapazit\u00e4ten.<\/p>\n<p><img decoding=\"async\" src=\"https:\/\/www.europesays.com\/de\/wp-content\/uploads\/2026\/06\/spreebaden-4.jpeg\"   alt=\"Er badet gerne im Fluss. Bruno Schmidt, 77 Jahre alt, hofft noch immer, die Freigabe der Spree zu erleben.\" aria-labelledby=\"caption-15737743\" width=\"440\" height=\"330\" loading=\"lazy\" class=\"tspAVil\"\/> Der 77-j\u00e4hrige Rentner Bruno Schmidt w\u00fcnscht sich, das Ende des Badeverbots noch mitzuerleben. <\/p>\n<p class=\"tspACgc\"> \u00a9 Camila de Araujo Pinto <\/p>\n<p class=\"tspBMlx\">\u201eIch finde es wunderbar, im Fluss zu baden. Wenn man die Anzahl der Berlinerinnen und Berliner sowie die Zahl der Hallen- und Freib\u00e4der betrachtet, ist es eindeutig nicht m\u00f6glich, dass alle versorgt werden. Es sollte mehr M\u00f6glichkeiten geben, damit die Menschen schwimmen k\u00f6nnen\u201c, sagt Schmidt. \u201eIch hoffe, der Senat bleibt vern\u00fcnftig und dieser Vorschlag wird angenommen.\u201c<\/p>\n","protected":false},"excerpt":{"rendered":"Vor der majest\u00e4tischen Kulisse der Berliner Museumsinsel zeigte sich am Sonnabend ein ungewohntes Bild: Sie wurde kurzerhand zur&hellip;\n","protected":false},"author":2,"featured_media":1110620,"comment_status":"","ping_status":"","sticky":false,"template":"","format":"standard","meta":{"footnotes":"","_share_on_mastodon":"0"},"categories":[1825],"tags":[20373,296,29,44144,30,21560,61744],"class_list":["post-1110619","post","type-post","status-publish","format-standard","has-post-thumbnail","category-berlin","tag-schwimmen","tag-berlin","tag-deutschland","tag-flussbad-berlin","tag-germany","tag-museumsinsel","tag-werder-havel"],"share_on_mastodon":{"url":"https:\/\/pubeurope.com\/@de\/116787406439038207","error":""},"_links":{"self":[{"href":"https:\/\/www.europesays.com\/de\/wp-json\/wp\/v2\/posts\/1110619","targetHints":{"allow":["GET"]}}],"collection":[{"href":"https:\/\/www.europesays.com\/de\/wp-json\/wp\/v2\/posts"}],"about":[{"href":"https:\/\/www.europesays.com\/de\/wp-json\/wp\/v2\/types\/post"}],"author":[{"embeddable":true,"href":"https:\/\/www.europesays.com\/de\/wp-json\/wp\/v2\/users\/2"}],"replies":[{"embeddable":true,"href":"https:\/\/www.europesays.com\/de\/wp-json\/wp\/v2\/comments?post=1110619"}],"version-history":[{"count":0,"href":"https:\/\/www.europesays.com\/de\/wp-json\/wp\/v2\/posts\/1110619\/revisions"}],"wp:featuredmedia":[{"embeddable":true,"href":"https:\/\/www.europesays.com\/de\/wp-json\/wp\/v2\/media\/1110620"}],"wp:attachment":[{"href":"https:\/\/www.europesays.com\/de\/wp-json\/wp\/v2\/media?parent=1110619"}],"wp:term":[{"taxonomy":"category","embeddable":true,"href":"https:\/\/www.europesays.com\/de\/wp-json\/wp\/v2\/categories?post=1110619"},{"taxonomy":"post_tag","embeddable":true,"href":"https:\/\/www.europesays.com\/de\/wp-json\/wp\/v2\/tags?post=1110619"}],"curies":[{"name":"wp","href":"https:\/\/api.w.org\/{rel}","templated":true}]}}