{"id":1110761,"date":"2026-06-21T11:01:26","date_gmt":"2026-06-21T11:01:26","guid":{"rendered":"https:\/\/www.europesays.com\/de\/1110761\/"},"modified":"2026-06-21T11:01:26","modified_gmt":"2026-06-21T11:01:26","slug":"autokorso-nach-einzug-in-die-k-o-runde-hunderte-feiern-sieg-der-nationalelf-auf-dem-kudamm","status":"publish","type":"post","link":"https:\/\/www.europesays.com\/de\/1110761\/","title":{"rendered":"Autokorso nach Einzug in die K.o.-Runde: Hunderte feiern Sieg der Nationalelf auf dem Ku&#8217;damm"},"content":{"rendered":"<p class=\"tspBMlx tspBMly\">Nach dem 2:1-Sieg der deutschen Nationalmannschaft gegen die Elfenbeink\u00fcste bei der Fu\u00dfball-Weltmeisterschaft haben Hunderte Deutschland-Fans am Kurf\u00fcrstendamm in Berlin gefeiert. Die Polizei habe etwa einen Kilometer der Stra\u00dfe gesperrt, um Autokorsos zu erm\u00f6glichen, teilte ein Polizeisprecher mit.<\/p>\n<p>Tagesspiegel Checkpoint: Berlins beliebtester Newsletter<\/p>\n<p><img decoding=\"async\" src=\"https:\/\/www.europesays.com\/de\/wp-content\/uploads\/2025\/04\/cp-icon.png\" alt=\"\" class=\"tspBXhn\"\/><\/p>\n<p class=\"tspBXmm\"> Der schnellste Berlin-\u00dcberblick von Montag bis Samstag.  <\/p>\n<p class=\"tspBMlx\">Die Beh\u00f6rde ging am Sonntagmorgen auf Tagesspiegel-Anfrage von bis zu 600 Teilnehmenden und 450 beteiligten Fahrzeugen aus. Zu Zwischenf\u00e4llen kam es bei der Veranstaltung nicht.<\/p>\n<p><img decoding=\"async\" src=\"https:\/\/www.europesays.com\/de\/wp-content\/uploads\/2026\/06\/wm-2026-deutschland-elfenbeinkuste-fans-nach-dem-sieg.jpeg\"   alt=\"20.06.2026, Berlin: Jubelnde Fans feiern den Sieg Deutschlands gegen die Elfenbeink\u00fcste auf dem Berliner Kurf\u00fcrstendamm. Foto: Michael Ukas\/dpa +++ dpa-Bildfunk +++\" aria-labelledby=\"caption-15738164\" width=\"440\" height=\"330\" loading=\"lazy\" class=\"tspAVil\"\/> 20.06.2026, Berlin: Jubelnde Fans feiern den Sieg Deutschlands gegen die Elfenbeink\u00fcste auf dem Berliner Kurf\u00fcrstendamm. <\/p>\n<p class=\"tspACgc\"> \u00a9 dpa\/Michael Ukas <\/p>\n<p class=\"tspBMlx\">Auch am Mauerpark feierten etwa 300 Menschen, wie ein Polizeisprecher sagte. Der <a href=\"https:\/\/www.rbb24.de\/sport\/beitrag\/2026\/06\/fussball-wm-deutschland-elfenbeinkueste-fans-autokorso.html\" target=\"_blank\" rel=\"noopener nofollow\" class=\"link link--external\" data-gtm-class=\"article-text-link\" data-gtm-val=\"external\" aria-describedby=\"message-target-blank\">RBB<\/a> berichtete von einer vergleichbaren Anzahl von Fans auf der Bernauer Stra\u00dfe sowie rund 600 Menschen am Potsdamer Platz.<\/p>\n<p class=\"tspBMlx\">Auch bei diesen Veranstaltungen kam es laut Polizei zu \u201ekeinen melderelevanten Ereignissen\u201c. Lediglich einzelne, f\u00fcr derartige Veranstaltungen typische Delikte wie leichte K\u00f6rperverletzungen seien dokumentiert worden. (Tsp, dpa)<\/p>\n","protected":false},"excerpt":{"rendered":"Nach dem 2:1-Sieg der deutschen Nationalmannschaft gegen die Elfenbeink\u00fcste bei der Fu\u00dfball-Weltmeisterschaft haben Hunderte Deutschland-Fans am Kurf\u00fcrstendamm in&hellip;\n","protected":false},"author":2,"featured_media":1110762,"comment_status":"","ping_status":"","sticky":false,"template":"","format":"standard","meta":{"footnotes":"","_share_on_mastodon":"0"},"categories":[1825],"tags":[296,29,30,31968],"class_list":["post-1110761","post","type-post","status-publish","format-standard","has-post-thumbnail","category-berlin","tag-berlin","tag-deutschland","tag-germany","tag-nationalelf"],"share_on_mastodon":{"url":"https:\/\/pubeurope.com\/@de\/116787760984771961","error":""},"_links":{"self":[{"href":"https:\/\/www.europesays.com\/de\/wp-json\/wp\/v2\/posts\/1110761","targetHints":{"allow":["GET"]}}],"collection":[{"href":"https:\/\/www.europesays.com\/de\/wp-json\/wp\/v2\/posts"}],"about":[{"href":"https:\/\/www.europesays.com\/de\/wp-json\/wp\/v2\/types\/post"}],"author":[{"embeddable":true,"href":"https:\/\/www.europesays.com\/de\/wp-json\/wp\/v2\/users\/2"}],"replies":[{"embeddable":true,"href":"https:\/\/www.europesays.com\/de\/wp-json\/wp\/v2\/comments?post=1110761"}],"version-history":[{"count":0,"href":"https:\/\/www.europesays.com\/de\/wp-json\/wp\/v2\/posts\/1110761\/revisions"}],"wp:featuredmedia":[{"embeddable":true,"href":"https:\/\/www.europesays.com\/de\/wp-json\/wp\/v2\/media\/1110762"}],"wp:attachment":[{"href":"https:\/\/www.europesays.com\/de\/wp-json\/wp\/v2\/media?parent=1110761"}],"wp:term":[{"taxonomy":"category","embeddable":true,"href":"https:\/\/www.europesays.com\/de\/wp-json\/wp\/v2\/categories?post=1110761"},{"taxonomy":"post_tag","embeddable":true,"href":"https:\/\/www.europesays.com\/de\/wp-json\/wp\/v2\/tags?post=1110761"}],"curies":[{"name":"wp","href":"https:\/\/api.w.org\/{rel}","templated":true}]}}