{"id":111084,"date":"2025-05-14T23:07:11","date_gmt":"2025-05-14T23:07:11","guid":{"rendered":"https:\/\/www.europesays.com\/de\/111084\/"},"modified":"2025-05-14T23:07:11","modified_gmt":"2025-05-14T23:07:11","slug":"coppa-italia-sensation-bologna-schlaegt-milan-im-finale-sport","status":"publish","type":"post","link":"https:\/\/www.europesays.com\/de\/111084\/","title":{"rendered":"Coppa Italia: Sensation! Bologna schl\u00e4gt Milan im Finale | Sport"},"content":{"rendered":"<p><b>Historischer Moment in Italien!<\/b><\/p>\n<p>Der FC Bologna gewinnt die Coppa Italia \u2013 zum ersten Mal seit 51 Jahren. Die Mannschaft von Trainer Vincenzo Italiano besiegt den AC Mailand mit 1:0. F\u00fcr Bologna ist es der dritte Pokalsieg \u00fcberhaupt.<\/p>\n<p>Lesen Sie auch<\/p>\n<p><b>Eine extrem bittere Pleite hingegen f\u00fcr <\/b><a href=\"https:\/\/www.bild.de\/themen\/organisationen\/ac-mailand\/sport-nachrichten-news-fotos-videos-15888376.bild.html\" class=\"text-link\" target=\"_blank\" rel=\"noopener\"><b>Milan<\/b><\/a><b>. <\/b><\/p>\n<p>Denn Jovic und Co. liegen in der Serie A nur auf Platz 8 und hatten gehofft, sich mit einem Pokalsieg f\u00fcr das internationale Gesch\u00e4ft zu qualifizieren. Von wegen! <\/p>\n<p><b>Die Niederlage ist ein neuerlicher D\u00e4mpfer in einer ohnehin entt\u00e4uschenden Saison. Zwei Spieltage vor Schluss betr\u00e4gt der R\u00fcckstand auf die internationalen Pl\u00e4tze in der Liga drei Punkte.<\/b><\/p>\n<p><img decoding=\"async\" width=\"992\" height=\"558\" alt=\"Entt\u00e4uschung bei den Milan-Stars um den Ex-Frankfurter Luka Jovic (2.v.l.)\" src=\"https:\/\/www.europesays.com\/de\/wp-content\/uploads\/2025\/05\/e16494732111257c40e3c8d109d3cc13,b670589e\"   class=\"landscape\" loading=\"lazy\"\/><\/p>\n<p class=\"fig__caption__text\">Entt\u00e4uschung bei den Milan-Stars um den Ex-Frankfurter Luka Jovic (2.v.l.)<\/p>\n<p>Foto: Getty Images<\/p>\n<p>Das Tor des Abends erzielte Dan Ndoye (53.) mit einem fulminanten Schuss. Bologna ist damit f\u00fcr die Europa League qualifiziert.<\/p>\n<p><b>Die Mail\u00e4nder, bei denen der deutsche Verteidiger Malick Thiaw nur auf der Bank sa\u00df, m\u00fcssen derweil weiter auf ihren ersten Pokalsieg seit 2003 warten.<\/b><\/p>\n<p>Sohn gegen Vater: In dieser Fu\u00dfballer-Familie droht m\u00e4chtig \u00c4rger<a href=\"https:\/\/www.bild.de\/sport\/fussball\/sohn-gegen-vater-in-dieser-fussballer-familie-droht-jetzt-maechtig-aerger-68247a6ea010824e498f2ef6\" class=\"anchor\" target=\"_blank\" rel=\"noopener\"><img decoding=\"async\" width=\"992\" height=\"558\" alt=\"Teaser-Bild\" src=\"https:\/\/www.europesays.com\/de\/wp-content\/uploads\/2025\/05\/511a82ced2eec3935ecc2640fe39045d-landscape,d0cd6b4d\"   class=\"landscape teaser__image\" loading=\"lazy\"\/><\/a><\/p>\n<p>Quelle: BILD\/Sportdigital14.05.2025<\/p>\n<p>Dabei entwickelte sich im R\u00f6mer Stadio Olimpico vor fast 70.000 Zuschauern zun\u00e4chst ein rasantes <a href=\"https:\/\/www.bild.de\/sport\/fussball\/fussball\/home-15769054.bild.html\" class=\"text-link\" target=\"_blank\" rel=\"noopener\">Fu\u00dfball<\/a>-Spiel. Viel Tempo, aber kein fr\u00fches Tor.<\/p>\n<p><b>In der Folge flachte die Partie deutlich ab \u2013 bis Ndoye seine Mannschaft in F\u00fchrung brachte. Im Anschluss blieb ein Sturmlauf von Mailand aus, in der Offensive fehlte es an Ideen. Und am Ende war die Pokal-Sensation perfekt! <\/b><\/p>\n","protected":false},"excerpt":{"rendered":"Historischer Moment in Italien! Der FC Bologna gewinnt die Coppa Italia \u2013 zum ersten Mal seit 51 Jahren.&hellip;\n","protected":false},"author":2,"featured_media":111085,"comment_status":"","ping_status":"","sticky":false,"template":"","format":"standard","meta":{"footnotes":""},"categories":[136],"tags":[29,43342,347,30,9007,804,265,45],"class_list":{"0":"post-111084","1":"post","2":"type-post","3":"status-publish","4":"format-standard","5":"has-post-thumbnail","7":"category-sport","8":"tag-deutschland","9":"tag-fc-bologna","10":"tag-fussball","11":"tag-germany","12":"tag-inter-mailand","13":"tag-serie-a","14":"tag-sport","15":"tag-texttospeech"},"share_on_mastodon":{"url":"https:\/\/pubeurope.com\/@de\/114508702953635521","error":""},"_links":{"self":[{"href":"https:\/\/www.europesays.com\/de\/wp-json\/wp\/v2\/posts\/111084","targetHints":{"allow":["GET"]}}],"collection":[{"href":"https:\/\/www.europesays.com\/de\/wp-json\/wp\/v2\/posts"}],"about":[{"href":"https:\/\/www.europesays.com\/de\/wp-json\/wp\/v2\/types\/post"}],"author":[{"embeddable":true,"href":"https:\/\/www.europesays.com\/de\/wp-json\/wp\/v2\/users\/2"}],"replies":[{"embeddable":true,"href":"https:\/\/www.europesays.com\/de\/wp-json\/wp\/v2\/comments?post=111084"}],"version-history":[{"count":0,"href":"https:\/\/www.europesays.com\/de\/wp-json\/wp\/v2\/posts\/111084\/revisions"}],"wp:featuredmedia":[{"embeddable":true,"href":"https:\/\/www.europesays.com\/de\/wp-json\/wp\/v2\/media\/111085"}],"wp:attachment":[{"href":"https:\/\/www.europesays.com\/de\/wp-json\/wp\/v2\/media?parent=111084"}],"wp:term":[{"taxonomy":"category","embeddable":true,"href":"https:\/\/www.europesays.com\/de\/wp-json\/wp\/v2\/categories?post=111084"},{"taxonomy":"post_tag","embeddable":true,"href":"https:\/\/www.europesays.com\/de\/wp-json\/wp\/v2\/tags?post=111084"}],"curies":[{"name":"wp","href":"https:\/\/api.w.org\/{rel}","templated":true}]}}