{"id":1111085,"date":"2026-06-21T14:07:22","date_gmt":"2026-06-21T14:07:22","guid":{"rendered":"https:\/\/www.europesays.com\/de\/1111085\/"},"modified":"2026-06-21T14:07:22","modified_gmt":"2026-06-21T14:07:22","slug":"zverev-zieht-in-halle-die-zucker-notbremse-habe-mich-scheusslich-gefuehlt","status":"publish","type":"post","link":"https:\/\/www.europesays.com\/de\/1111085\/","title":{"rendered":"Zverev zieht in Halle die Zucker-Notbremse: \u201eHabe mich scheu\u00dflich gef\u00fchlt\u201c"},"content":{"rendered":"<p id=\"absatz1\" class=\"em_text\">Halle. Alexander Zverev ist nach seiner Niederlage gegen Taylor Fritz in Halle sichtbar entt\u00e4uscht. \u201eMein Tennis war da, aber ich war physisch nicht in der Lage, es zu zeigen.\u201c Und tats\u00e4chlich hatte der Hamburger im Halbfinale der Terra Wortmann Open extrem erschwerte Bedingungen. Der Profispieler, der seit seinem vierten Lebensjahr unter Diabetes Typ 1 leidet, hatte sich im Vorfeld wie gewohnt auf seinen Diabetes-Sensor verlassen.<\/p>\n<p id=\"absatz2\" class=\"em_text\">Womit er nicht gerechnet hat &#8211; das Ger\u00e4t zeigte einen zu hohen Wert an. Das sei noch nie passiert, sagt der Alexander Zverev im Interview kurz nach dem Spiel. F\u00fcr seine sportliche Leistung war dieser Fehler fatal. \u201eIch habe viel zu viel Insulin gespritzt\u201c, berichtet der Tennisprofi. Die Folge: Eine Unterzuckerung, auf die er w\u00e4hrend des Spiels reagieren musste.<\/p>\n<p id=\"absatz3\" class=\"em_text\">Er habe w\u00e4hrend des Matches knapp 350 Gramm Zucker zu sich genommen: \u201eIch habe mich scheu\u00dflich gef\u00fchlt. Ich war k\u00f6rperlich nicht da im zweiten Satz. Und auch im dritten Satz war es schwierig, \u00fcberhaupt physisch da zu sein. Aber ich habe gek\u00e4mpft und ich habe alles gegeben.\u201c Diesen Kampf konnten die Fans live miterleben. Der Spieler war sichtbar ersch\u00f6pft, verlie\u00df mehrmals den Platz und sank zwischenzeitlich zu Boden, kniete und st\u00fcrzte sich auf seinen Schl\u00e4ger.<\/p>\n<p id=\"absatz4\"><b class=\"bold\">Lesen Sie auch: <\/b><a href=\"https:\/\/www.nw.de\/sport\/thema\/terra_wortmann_open\/24357937_Alexander-Zverev-verpasst-Finale-der-Terra-Wortmann-Open-Probleme-mit-Zuckermessgeraet.html\" rel=\"nofollow noopener\" target=\"_blank\">Mehr \u00fcber das Halbfinale bei den Terra Wortmann Open in Halle<\/a><\/p>\n<p>Zverev muss in Halle 350 Gramm Zucker w\u00e4hrend des Spiels zu sich nehmen<\/p>\n<p>        <a href=\"https:\/\/www.nw.de\/_em_daten\/_cache\/image\/1xRDhlVms3Mk03Y3o2VzVYUUVVNzVjYkJoVVE4MzYzalF0b0JUYmxLTHZERjRrMm9vWEFiT3lBWEtTSW10YnNQVjJReWF1Zjl0dG8rVHphUkJWUVdKR2JVQytNRE1GRzVvNHhDSmNtQ2hyR3c9\/260621-1526-910817290.jpg\" class=\"nw-article-image\" title=\"Sichtlich ersch\u00f6pft: Alexander Zverev muss im Halbfinale der Terra Wortmann Open in Halle mehrfach pausieren.\" data-glightbox=\"type: image; description: Sichtlich ersch\u00f6pft: Alexander Zverev muss im Halbfinale der Terra Wortmann Open in Halle mehrfach pausieren.  | \u00a9 Nicole Donath \" rel=\"nofollow noopener\" target=\"_blank\"><br \/>\n            <img decoding=\"async\" src=\"https:\/\/www.europesays.com\/de\/wp-content\/uploads\/2026\/06\/260621-1526-910817290.jpg\" class=\"nw-img-fluid nw-w-full nw-lazy nw-rounded-t-md\" alt=\"Sichtlich ersch\u00f6pft: Alexander Zverev muss im Halbfinale der Terra Wortmann Open in Halle mehrfach pausieren. - \u00a9 Nicole Donath\" data-format=\"16:9\"\/><br \/>\n        <\/a><\/p>\n<p>                Sichtlich ersch\u00f6pft: Alexander Zverev muss im Halbfinale der Terra Wortmann Open in Halle mehrfach pausieren.<br \/>\n                                    | \u00a9 Nicole Donath<\/p>\n<p id=\"absatz6\" class=\"em_text\">Kein Wunder. Als sportlicher Typ-1-Diabetiker muss er sich nicht nur regelm\u00e4\u00dfig Insulin spritzen, weil sein K\u00f6rper keins oder zu wenig produziert, sondern auch immer darauf achten, dass er nicht unterzuckert &#8211; was leicht durch eine zu hohe Insulindosis passieren kann. Zittern, Schwitzen, Hei\u00dfhunger, Herzklopfen, Verwirrtheit, Sprach- und Sehst\u00f6rungen k\u00f6nnen laut dem <a href=\"https:\/\/www.diabinfo.de\/leben\/behandlung\/unterzuckerung.html\" rel=\"nofollow noopener\" target=\"_blank\">Diabetesinformationsportal Diabinfo<\/a> die Folge sein.<\/p>\n<p id=\"absatz7\" class=\"em_text\">350 Gramm Zucker (das entspricht etwa 115 Zuckerw\u00fcrfeln) sind f\u00fcr den menschlichen K\u00f6rper extrem viel. Zur Einordnung: Gesunden Menschen wird von der Weltgesundheitsorganisation (WHO) empfohlen t\u00e4glich nicht mehr als 50 Gramm Zucker zu sich zu nehmen. Laut der <a href=\"https:\/\/www.ukaachen.de\/kliniken-institute\/mfa-zfa\/tipps-und-service\/die-bittersuesse-wahrheit-ueber-zucker\/\" rel=\"noopener nofollow\" target=\"_blank\">Uniklinik RWTH Aachen<\/a> isst der Durchschnittsdeutsche jedoch mehr als das Doppelte pro Tag. F\u00fcr einen Diabetiker Typ 1 kann der Bedarf jedoch abh\u00e4ngig von den Lebensumst\u00e4nden h\u00f6her sein. Sportliche Leistungen k\u00f6nnen dies beispielsweise beeinflussen.<\/p>\n<p id=\"absatz8\"><b class=\"bold\">Newsblog:<\/b> <a href=\"https:\/\/www.nw.de\/lokal\/kreis_guetersloh\/halle\/24342839_Terra-Wortmann-Open-2026-in-Halle-Niederlage-fuer-Altmaier-Franzosen-sind-Doppel-Sieger-LT.html\" rel=\"nofollow noopener\" target=\"_blank\">Verfolgen Sie hier alle Highlights des Terra Wortmann Open<\/a><\/p>\n<p id=\"absatz9\" class=\"em_text\">F\u00fcr Alexander Zverev ist es nicht ungew\u00f6hnlich vor oder w\u00e4hrend eines Turniers, den Blutzuckerspiegel zu regulieren. Bei den French Open hatte dies 2023 f\u00fcr Aufregung gesorgt. Damals hatte sich der Spieler wie gewohnt bei den Seitenwechseln auf dem Platz Insulin spritzen wollen.<\/p>\n<p id=\"absatz10\" class=\"em_text\">In Paris sollte er dazu den Platz verlassen, hei\u00dft es <a href=\"https:\/\/www.spiegel.de\/sport\/tennis\/french-open-alexander-zverev-kritisiert-diabetes-regeln-a-a1a9dc8e-fbb1-423c-8d55-a9e6ea21dfc9\" rel=\"nofollow noopener\" target=\"_blank\">im Spiegel<\/a> &#8211; Zverev wird zitiert: \u201eMir wurde gesagt, dass das als Toilettenpause gilt. Da habe ich gesagt: Leute, es kann sein, dass ich vier-, f\u00fcnfmal vom Platz laufen muss.\u201c Er habe jedoch nur zwei Toilettenpausen. \u201eDas hei\u00dft, dass mir eine gewisse Sache nicht erlaubt ist, die notwendig f\u00fcr mein Leben ist.\u201c Sein Widerstand hatte Erfolg. Das Prozedere wurde bei den French Open angepasst, sodass sowohl auf dem Platz als auch wann immer n\u00f6tig in der Kabine spritzen durfte.<\/p>\n<p>Taylor Fritz habe laut Zverev verdient gewonnen<\/p>\n<p>        <a href=\"https:\/\/www.nw.de\/_em_daten\/_cache\/image\/1xM2QwRnNsMk40QUV6Z2x4dWJvVHI2d2w2V3ROYzFaVkR3ekdFREI4SlFYc0FzNENlc09RSUtFY3FNTThwM21ZSzFRcHREY3NUckc5TUJIeW50aWlHaHRtV1l6M01GTFBtcWFqN3pNbUUwcEE9\/260621-1526-910817324.jpg\" class=\"nw-article-image\" title=\"Nach dem umk\u00e4mpften Halbfinale bei den Terra Wortmann Open in Halle zeigt Alexander Zverev trotz gesundheitlicher Probleme Gr\u00f6\u00dfe und gratuliert seinem Gegner Taylor Fritz zum verdienten Sieg.\" data-glightbox=\"type: image; description: Nach dem umk\u00e4mpften Halbfinale bei den Terra Wortmann Open in Halle zeigt Alexander Zverev trotz gesundheitlicher Probleme Gr\u00f6\u00dfe und gratuliert seinem Gegner Taylor Fritz zum verdienten Sieg.  | \u00a9 Nicole Donath \" rel=\"nofollow noopener\" target=\"_blank\"><br \/>\n            <img decoding=\"async\" src=\"https:\/\/www.europesays.com\/de\/wp-content\/uploads\/2026\/06\/260621-1526-910817324.jpg\" class=\"nw-img-fluid nw-w-full nw-lazy nw-rounded-t-md\" alt=\"Nach dem umk\u00e4mpften Halbfinale bei den Terra Wortmann Open in Halle zeigt Alexander Zverev trotz gesundheitlicher Probleme Gr\u00f6\u00dfe und gratuliert seinem Gegner Taylor Fritz zum verdienten Sieg. - \u00a9 Nicole Donath\" data-format=\"16:9\"\/><br \/>\n        <\/a><\/p>\n<p>                Nach dem umk\u00e4mpften Halbfinale bei den Terra Wortmann Open in Halle zeigt Alexander Zverev trotz gesundheitlicher Probleme Gr\u00f6\u00dfe und gratuliert seinem Gegner Taylor Fritz zum verdienten Sieg.<br \/>\n                                    | \u00a9 Nicole Donath<\/p>\n<p id=\"absatz12\" class=\"em_text\">Trotz seiner erschwerten Bedingungen durch die Stoffwechselerkrankung redet der 29-j\u00e4hrige Leistungssportler den Erfolg seines amerikanischen Kontrahenten Taylor Fritz nicht klein &#8211; auch als Ausrde wollte er das nicht gelten lassen: \u201eEr hat besser gespielt als ich. Er war mehr da, frischer und hat sich besser bewegt. Er hat verdient gewonnen\u201c, sagte der Weltranglistendritte. <\/p>\n","protected":false},"excerpt":{"rendered":"Halle. Alexander Zverev ist nach seiner Niederlage gegen Taylor Fritz in Halle sichtbar entt\u00e4uscht. \u201eMein Tennis war da,&hellip;\n","protected":false},"author":2,"featured_media":1111086,"comment_status":"","ping_status":"","sticky":false,"template":"","format":"standard","meta":{"footnotes":"","_share_on_mastodon":"0"},"categories":[1860],"tags":[10329,3364,29,548,663,3934,20798,30,2245,4062,17332,13,198079,19081,164252,7774,16897,14,15,17331,860,12,63104,158005,235047],"class_list":["post-1111085","post","type-post","status-publish","format-standard","has-post-thumbnail","category-halle-saale","tag-alexander-zverev","tag-de","tag-deutschland","tag-eu","tag-europa","tag-europe","tag-french-open","tag-germany","tag-halbfinale","tag-halle","tag-halle-saale","tag-headlines","tag-meta_artikelklasse_seo","tag-meta_copyrights_hk","tag-meta_eo_zusammenfassung","tag-meta_themen_sport","tag-meta_userneeds_erklaeremir","tag-nachrichten","tag-news","tag-saale","tag-sachsen-anhalt","tag-schlagzeilen","tag-taylor-fritz","tag-terra-wortmann-open","tag-unterzuckerung"],"share_on_mastodon":{"url":"https:\/\/pubeurope.com\/@de\/116788492691036344","error":""},"_links":{"self":[{"href":"https:\/\/www.europesays.com\/de\/wp-json\/wp\/v2\/posts\/1111085","targetHints":{"allow":["GET"]}}],"collection":[{"href":"https:\/\/www.europesays.com\/de\/wp-json\/wp\/v2\/posts"}],"about":[{"href":"https:\/\/www.europesays.com\/de\/wp-json\/wp\/v2\/types\/post"}],"author":[{"embeddable":true,"href":"https:\/\/www.europesays.com\/de\/wp-json\/wp\/v2\/users\/2"}],"replies":[{"embeddable":true,"href":"https:\/\/www.europesays.com\/de\/wp-json\/wp\/v2\/comments?post=1111085"}],"version-history":[{"count":0,"href":"https:\/\/www.europesays.com\/de\/wp-json\/wp\/v2\/posts\/1111085\/revisions"}],"wp:featuredmedia":[{"embeddable":true,"href":"https:\/\/www.europesays.com\/de\/wp-json\/wp\/v2\/media\/1111086"}],"wp:attachment":[{"href":"https:\/\/www.europesays.com\/de\/wp-json\/wp\/v2\/media?parent=1111085"}],"wp:term":[{"taxonomy":"category","embeddable":true,"href":"https:\/\/www.europesays.com\/de\/wp-json\/wp\/v2\/categories?post=1111085"},{"taxonomy":"post_tag","embeddable":true,"href":"https:\/\/www.europesays.com\/de\/wp-json\/wp\/v2\/tags?post=1111085"}],"curies":[{"name":"wp","href":"https:\/\/api.w.org\/{rel}","templated":true}]}}