{"id":1111145,"date":"2026-06-21T14:42:16","date_gmt":"2026-06-21T14:42:16","guid":{"rendered":"https:\/\/www.europesays.com\/de\/1111145\/"},"modified":"2026-06-21T14:42:16","modified_gmt":"2026-06-21T14:42:16","slug":"enni-moers-azubis-werben-an-schulen-fuer-gruene-berufe","status":"publish","type":"post","link":"https:\/\/www.europesays.com\/de\/1111145\/","title":{"rendered":"Enni Moers: Azubis werben an Schulen f\u00fcr gr\u00fcne Berufe"},"content":{"rendered":"<p class=\"text_ohne_einzug richtext text-em-55 !leading-serif mx-6 desktop:mx-0\">  F\u00fcr Mika und Allison war es ein ungew\u00f6hnlicher Arbeitstag: Statt im M\u00fcllwagen zu fahren oder im Freizeitpark die Hecke zu schneiden, standen sie auf der B\u00fchne \u2013 vor rund 100 Sch\u00fclern in der Aula der Geschwister-Scholl-Gesamtschule. Dort berichteten die beiden Nachwuchskr\u00e4fte von ihrem Arbeitsalltag, beantworteten Fragen und zeigten, wie vielseitig und zukunftsorientiert ihre Berufe bei der Enni sind.<\/p>\n<p class=\"richtext text-em-55 !leading-serif mx-6 desktop:mx-0\">Anlass war das Projekt \u201eLEBO \u2013 Lernerlebnis Berufsorientierung: Gr\u00fcne Jobs mit Zukunft\u201c. Das interaktive Format richtet sich an Jugendliche der Klassen acht bis zehn und macht deutlich, wie eng Themen wie <a href=\"https:\/\/rp-online.de\/thema\/klimaschutz\/\" rel=\"nofollow noopener\" target=\"_blank\">Klimaschutz<\/a>, Nachhaltigkeit und Digitalisierung mit der Arbeitswelt verkn\u00fcpft sind \u2013 und welche beruflichen Chancen sich daraus ergeben.<\/p>\n<p class=\"richtext text-em-55 !leading-serif mx-6 desktop:mx-0\">\u201eAuch bei Enni entstehen durch die <a href=\"https:\/\/rp-online.de\/thema\/energiewende\/\" rel=\"nofollow noopener\" target=\"_blank\">Energiewende<\/a> neue Berufsbilder, gleichzeitig ver\u00e4ndern sich viele bestehende grundlegend\u201c, sagt Vorstandsvorsitzender Stefan Kr\u00e4mer. \u201eDeshalb wollen wir Jugendlichen zeigen, wie spannend und zukunftssicher eine Ausbildung sein kann \u2013 vor allem in Berufen, die aktiv zum Klimaschutz beitragen und echte Perspektiven bieten.\u201c<\/p>\n<p>B\u00fchnenevent mit Moderation, Videos und Mitmach-Elementen      <\/p>\n<p class=\"text_ohne_einzug richtext text-em-55 !leading-serif mx-6 desktop:mx-0\">Die Veranstaltungen fanden bislang an drei Schulen in <a href=\"https:\/\/rp-online.de\/thema\/moers\/\" rel=\"nofollow noopener\" target=\"_blank\">Moers<\/a> und Umgebung statt, ein weiterer Termin folgt Anfang Juli an der Justus-von-Liebig-Schule. Als lebendiges B\u00fchnenevent mit Moderation, Videos und Mitmach-Elementen bindet LEBO die Jugendlichen aktiv ein. Pro Termin nahmen bisher zwischen 70 und 120 Sch\u00fcler teil. Im Anschluss bestand jeweils die M\u00f6glichkeit zum pers\u00f6nlichen Austausch.<\/p>\n<p class=\"richtext text-em-55 !leading-serif mx-6 desktop:mx-0\">Allison und Mika gaben dabei authentische Einblicke in ihren Arbeitsalltag. Insgesamt bildet Enni in zw\u00f6lf verschiedenen Berufen im gewerblich-technischen sowie kaufm\u00e4nnischen Bereich aus. Dabei sinkt seit Jahren die Zahl der Bewerbungen, w\u00e4hrend der Wettbewerb um Nachwuchskr\u00e4fte w\u00e4chst. \u201eKlassische Berufsorientierung reicht heute oft nicht mehr aus\u201c, sagt Enni-Ausbildungskoordinator Claus von Seckendorff. \u201eFormate wie LEBO holen Jugendliche dort ab, wo sie stehen \u2013 digital und auf Augenh\u00f6he.\u201c<\/p>\n","protected":false},"excerpt":{"rendered":"F\u00fcr Mika und Allison war es ein ungew\u00f6hnlicher Arbeitstag: Statt im M\u00fcllwagen zu fahren oder im Freizeitpark die&hellip;\n","protected":false},"author":2,"featured_media":1111146,"comment_status":"","ping_status":"","sticky":false,"template":"","format":"standard","meta":{"footnotes":"","_share_on_mastodon":"0"},"categories":[1838],"tags":[164290,74408,74225,36716,3364,29,3715,26801,30,1548,235059,57732,20048,1209,1978,11184],"class_list":["post-1111145","post","type-post","status-publish","format-standard","has-post-thumbnail","category-duisburg","tag-allison","tag-arbeitsalltag","tag-berufe","tag-berufsorientierung","tag-de","tag-deutschland","tag-duisburg","tag-enni","tag-germany","tag-klimaschutz","tag-lebo","tag-mika","tag-nachwuchskraefte","tag-nordrhein-westfalen","tag-schueler","tag-schuelerinnen"],"share_on_mastodon":{"url":"https:\/\/pubeurope.com\/@de\/116788628745032058","error":""},"_links":{"self":[{"href":"https:\/\/www.europesays.com\/de\/wp-json\/wp\/v2\/posts\/1111145","targetHints":{"allow":["GET"]}}],"collection":[{"href":"https:\/\/www.europesays.com\/de\/wp-json\/wp\/v2\/posts"}],"about":[{"href":"https:\/\/www.europesays.com\/de\/wp-json\/wp\/v2\/types\/post"}],"author":[{"embeddable":true,"href":"https:\/\/www.europesays.com\/de\/wp-json\/wp\/v2\/users\/2"}],"replies":[{"embeddable":true,"href":"https:\/\/www.europesays.com\/de\/wp-json\/wp\/v2\/comments?post=1111145"}],"version-history":[{"count":0,"href":"https:\/\/www.europesays.com\/de\/wp-json\/wp\/v2\/posts\/1111145\/revisions"}],"wp:featuredmedia":[{"embeddable":true,"href":"https:\/\/www.europesays.com\/de\/wp-json\/wp\/v2\/media\/1111146"}],"wp:attachment":[{"href":"https:\/\/www.europesays.com\/de\/wp-json\/wp\/v2\/media?parent=1111145"}],"wp:term":[{"taxonomy":"category","embeddable":true,"href":"https:\/\/www.europesays.com\/de\/wp-json\/wp\/v2\/categories?post=1111145"},{"taxonomy":"post_tag","embeddable":true,"href":"https:\/\/www.europesays.com\/de\/wp-json\/wp\/v2\/tags?post=1111145"}],"curies":[{"name":"wp","href":"https:\/\/api.w.org\/{rel}","templated":true}]}}