{"id":1111232,"date":"2026-06-21T15:34:27","date_gmt":"2026-06-21T15:34:27","guid":{"rendered":"https:\/\/www.europesays.com\/de\/1111232\/"},"modified":"2026-06-21T15:34:27","modified_gmt":"2026-06-21T15:34:27","slug":"aachener-polizei-ermittelt-nach-schuessen-von-beamten-in-moenchengladbach","status":"publish","type":"post","link":"https:\/\/www.europesays.com\/de\/1111232\/","title":{"rendered":"Aachener Polizei ermittelt nach Sch\u00fcssen von Beamten in M\u00f6nchengladbach"},"content":{"rendered":"<p>18-J\u00e4hrige schwebte in Lebensgefahr <\/p>\n<p>Aachener Polizei ermittelt nach Sch\u00fcssen von Beamten<\/p>\n<p>Aktualisiert am 19.06.2026Lesedauer: 1 Min.<\/p>\n<p><a href=\"#focus-0\" class=\"transition-colors block text-current relative\" data-sctrack=\"FocusGalleryImage.Reference\"><img fetchpriority=\"high\" data-testid=\"Opener.Image\"   loading=\"eager\" src=\"https:\/\/www.europesays.com\/de\/wp-content\/uploads\/2026\/06\/polizei-symbolbild-die-polizei-aachen-ermittelt-nach-schuessen-in-moenchengladbach.jpg\" alt=\"urn:newsml:dpa.com:20090101:260618-935-1416118\" title=\"urn:newsml:dpa.com:20090101:260618-935-1416118\" width=\"2048\" height=\"1152\" class=\"bg-[url:var(--lqipURL)] bg-cover bg-center flex h-full w-full max-w-full\" style=\"--lqipURL:url('https:\/\/images.t-online.de\/2026\/06\/cK9gfdw9o-A9\/0x107:2048x1152\/fit-in\/150x0\/filters:blur(25)\/polizei-symbolbild-die-polizei-aachen-ermittelt-nach-schuessen-in-moenchengladbach.jpg')\" decoding=\"async\"\/><img loading=\"lazy\" src=\"https:\/\/aachen.t-online.de\/s\/paper\/_next\/static\/media\/zoom-in.f7dae02f.svg\" alt=\"Vergr\u00f6\u00dfern des Bildes\" title=\"Vergr\u00f6\u00dfern des Bildes\" class=\"block h-[calc(var(--height)_\/_16_*_1rem)] w-[calc(var(--width)_\/_16_*_1rem)] max-w-none absolute right-8 bottom-8 rounded-4 bg-snow p-8\" style=\"--width:32;--height:32\" decoding=\"async\"\/><\/a><\/p>\n<p>Polizei (Symbolbild): Die Polizei Aachen ermittelt nach Sch\u00fcssen in M\u00f6nchengladbach. (Quelle: David Inderlied)<\/p>\n<p><img loading=\"lazy\" src=\"https:\/\/aachen.t-online.de\/s\/paper\/_next\/static\/media\/audio-volume.6689034c.svg\" alt=\"\" title=\"\" class=\"block h-[calc(var(--height)_\/_16_*_1rem)] w-[calc(var(--width)_\/_16_*_1rem)] max-w-none group-hover:brightness-0 group-hover:invert\" style=\"--width:16;--height:16\" decoding=\"async\"\/>Vorlesen<\/p>\n<p>Aktuelle Zeit:0:00Gesamtdauer:0:00<\/p>\n<p>1x<\/p>\n<p class=\"text-center\">Jetzt neu bei t-online:<\/p>\n<p class=\"text-center\">Schriftgr\u00f6\u00dfe anpassen!<\/p>\n<p><img loading=\"lazy\" src=\"https:\/\/aachen.t-online.de\/s\/paper\/_next\/static\/media\/font-sizes.32942e33.svg\" alt=\"\" title=\"\" class=\"block h-[calc(var(--height)_\/_16_*_1rem)] w-[calc(var(--width)_\/_16_*_1rem)] max-w-none group-hover:hidden group-aria-expanded:hidden\" style=\"--width:16;--height:16\" decoding=\"async\"\/><img loading=\"lazy\" src=\"https:\/\/aachen.t-online.de\/s\/paper\/_next\/static\/media\/font-sizes-dark-mode.e382645c.svg\" alt=\"\" title=\"\" class=\"block h-[calc(var(--height)_\/_16_*_1rem)] w-[calc(var(--width)_\/_16_*_1rem)] max-w-none hidden group-hover:block group-aria-expanded:block\" style=\"--width:16;--height:16\" decoding=\"async\"\/><img loading=\"lazy\" src=\"https:\/\/aachen.t-online.de\/s\/paper\/_next\/static\/media\/sharing-menu-icon.1eb71368.svg\" alt=\"\" title=\"\" class=\"block h-[calc(var(--height)_\/_16_*_1rem)] w-[calc(var(--width)_\/_16_*_1rem)] max-w-none group-hover:brightness-0 group-hover:invert\" style=\"--width:16;--height:16\" decoding=\"async\"\/>Artikel teilen<\/p>\n<p class=\"font-bold text-18 leading-17 user-text-lg:text-22 user-text-xl:text-24\">In M\u00f6nchengladbach wird eine Teenagerin von der Polizei angeschossen. Die genauen Umst\u00e4nde sind noch unklar. Aus Neutralit\u00e4tsgr\u00fcnden ermittelt jetzt die Aachener Beh\u00f6rde.<\/p>\n<p class=\"text-18 leading-17 user-text-lg:text-22 user-text-xl:text-24\">Nach Polizeisch\u00fcssen im M\u00f6nchengladbacher Stadtteil Rheydt ermittelt jetzt die Aachener Polizei. Eine Frau war dort am Donnerstagabend gegen 23 Uhr von Beamten angeschossen worden. Dabei handele sich um eine 18-J\u00e4hrige, wie ein Sprecher der Polizei M\u00f6nchengladbach der Aachener Lokalredaktion von t-online mitteilte.<\/p>\n<p class=\"text-18 leading-17 user-text-lg:text-22 user-text-xl:text-24\">Die Teenagerin schwebte zwischenzeitlich in Lebensgefahr, ihr Zustand sei mittlerweile aber stabil, teilte die Aachener Polizei sp\u00e4ter mit. Die Beh\u00f6rde ermittelt aus Neutralit\u00e4tsgr\u00fcnden in dem Fall.<\/p>\n<p>Polizei Aachen: Keine Hinweise auf geplantes Raubdelikt<\/p>\n<p class=\"text-18 leading-17 user-text-lg:text-22 user-text-xl:text-24\">Nach bisherigen Erkenntnissen wurde die Polizei M\u00f6nchengladbach auf eine verd\u00e4chtige Person auf einem Tankstellengel\u00e4nde hingewiesen. Beamte seien vor Ort auf eine Person getroffen, die ein Messer in der Hand gehalten haben soll. Anschlie\u00dfend sei es zum &#8222;polizeilichen Schusswaffengebrauch&#8220; gekommen, so die Beh\u00f6rde.<\/p>\n<p class=\"text-18 leading-17 user-text-lg:text-22 user-text-xl:text-24\">Die Frau wurde von einem Rettungsteam medizinisch erstversorgt und in ein Krankenhaus gebracht. Kriminalbeamte aus Aachen seien noch in der Nacht eingetroffen und h\u00e4tten am Einsatzort m\u00f6gliche Spuren gesichert. Die genauen Umst\u00e4nde sowie der Ablauf des Schusswaffengebrauchs w\u00fcrden zurzeit ermittelt. Die Polizei Aachen erg\u00e4nzte dazu: &#8222;Nach aktuellem Ermittlungsstand gibt es keine Hinweise darauf, dass an der Tankstelle ein Raubdelikt geplant oder durchgef\u00fchrt werden sollte.&#8220;<\/p>\n","protected":false},"excerpt":{"rendered":"18-J\u00e4hrige schwebte in Lebensgefahr Aachener Polizei ermittelt nach Sch\u00fcssen von Beamten Aktualisiert am 19.06.2026Lesedauer: 1 Min. Polizei (Symbolbild):&hellip;\n","protected":false},"author":2,"featured_media":1111233,"comment_status":"","ping_status":"","sticky":false,"template":"","format":"standard","meta":{"footnotes":"","_share_on_mastodon":"0"},"categories":[1853],"tags":[1424,3364,29,548,663,3934,30,13,5517,4455,14,235077,15,1209,121,16264,29330,12,226],"class_list":["post-1111232","post","type-post","status-publish","format-standard","has-post-thumbnail","category-aachen","tag-aachen","tag-de","tag-deutschland","tag-eu","tag-europa","tag-europe","tag-germany","tag-headlines","tag-lebensgefahr","tag-moenchengladbach","tag-nachrichten","tag-neutralitaetsgrund","tag-news","tag-nordrhein-westfalen","tag-polizei","tag-polizeischuss","tag-rheydt","tag-schlagzeilen","tag-t-online"],"share_on_mastodon":{"url":"https:\/\/pubeurope.com\/@de\/116788834045840552","error":""},"_links":{"self":[{"href":"https:\/\/www.europesays.com\/de\/wp-json\/wp\/v2\/posts\/1111232","targetHints":{"allow":["GET"]}}],"collection":[{"href":"https:\/\/www.europesays.com\/de\/wp-json\/wp\/v2\/posts"}],"about":[{"href":"https:\/\/www.europesays.com\/de\/wp-json\/wp\/v2\/types\/post"}],"author":[{"embeddable":true,"href":"https:\/\/www.europesays.com\/de\/wp-json\/wp\/v2\/users\/2"}],"replies":[{"embeddable":true,"href":"https:\/\/www.europesays.com\/de\/wp-json\/wp\/v2\/comments?post=1111232"}],"version-history":[{"count":0,"href":"https:\/\/www.europesays.com\/de\/wp-json\/wp\/v2\/posts\/1111232\/revisions"}],"wp:featuredmedia":[{"embeddable":true,"href":"https:\/\/www.europesays.com\/de\/wp-json\/wp\/v2\/media\/1111233"}],"wp:attachment":[{"href":"https:\/\/www.europesays.com\/de\/wp-json\/wp\/v2\/media?parent=1111232"}],"wp:term":[{"taxonomy":"category","embeddable":true,"href":"https:\/\/www.europesays.com\/de\/wp-json\/wp\/v2\/categories?post=1111232"},{"taxonomy":"post_tag","embeddable":true,"href":"https:\/\/www.europesays.com\/de\/wp-json\/wp\/v2\/tags?post=1111232"}],"curies":[{"name":"wp","href":"https:\/\/api.w.org\/{rel}","templated":true}]}}