{"id":1111284,"date":"2026-06-21T16:04:19","date_gmt":"2026-06-21T16:04:19","guid":{"rendered":"https:\/\/www.europesays.com\/de\/1111284\/"},"modified":"2026-06-21T16:04:19","modified_gmt":"2026-06-21T16:04:19","slug":"krieg-in-nahost-pistorius-sieht-trump-in-der-schuld-fuer-hormus-krise","status":"publish","type":"post","link":"https:\/\/www.europesays.com\/de\/1111284\/","title":{"rendered":"Krieg in Nahost: Pistorius sieht Trump in der Schuld f\u00fcr Hormus-Krise"},"content":{"rendered":"<p>Iran: Verhandlungen mit USA auf einen Tag begrenzt<\/p>\n<p class=\"text-18 leading-17 user-text-lg:text-22 user-text-xl:text-24\">Die Verhandlungen zwischen dem Iran und den USA im schweizerischen B\u00fcrgenstock sollen nach Angaben aus Teheran nur einen Tag dauern. Au\u00dfenamtssprecher Ismail Baghai sagte im Staatsfernsehen IRIB, es sei nicht geplant, die Gespr\u00e4che \u00fcber den heutigen Termin hinaus fortzusetzen. Zun\u00e4chst st\u00fcnden bilaterale Treffen mit den pakistanischen und katarischen Vermittlerdelegationen an, am Nachmittag folge dann die Runde mit der US-Delegation.<\/p>\n<p class=\"text-18 leading-17 user-text-lg:text-22 user-text-xl:text-24\">Neben den politischen Gespr\u00e4chen sind auch Arbeitsrunden auf Expertenebene geplant. Die sollen sich unter anderem um die Freigabe blockierter iranischer Bankkonten und m\u00f6gliche Sanktionserleichterungen drehen. Der iranische Zentralbankgouverneur Nasser Hemmati reiste daf\u00fcr eigens in die Schweiz.<\/p>\n<p>Iranischer Agenturbericht: Stra\u00dfe von Hormus bleibt vorerst gesperrt<\/p>\n<p class=\"text-18 leading-17 user-text-lg:text-22 user-text-xl:text-24\">Kurz vor Beginn US-iranischer Gespr\u00e4che in der Schweiz bleibt die Stra\u00dfe von Hormus nach Berichten aus dem Iran weiter f\u00fcr die Schifffahrt gesperrt. Die Marine der Revolutionsgarden habe bislang keine Durchfahrtsgenehmigungen f\u00fcr die Meerenge erteilt, meldet die Nachrichtenagentur Fars unter Berufung auf einen Insider. Die USA und der Iran hatten sich auf eine 60-t\u00e4gige Waffenruhe geeinigt, um \u00fcber ein Friedensabkommen zu verhandeln. Als Reaktion auf israelische Angriffe im <a href=\"https:\/\/www.t-online.de\/themen\/libanon\/\" class=\"transition-colors cursor-pointer no-underline md:hover:text-magenta md:focus:text-magenta border-b border-solid border-current text-salemsfur md:hover:border-magenta\" data-tracking=\"{&quot;action&quot;:&quot;click&quot;,&quot;category&quot;:&quot;intextLink&quot;,&quot;label&quot;:&quot;\/themen\/libanon\/&quot;}\" data-sctrack=\"BodyAnchor\" rel=\"nofollow noopener\" target=\"_blank\">Libanon<\/a> hatten die iranischen Revolutionsgarden die Meerenge jedoch am Samstag f\u00fcr geschlossen erkl\u00e4rt. Das US-Milit\u00e4r hatte dagegen mitgeteilt, dass weiterhin Handelsschiffe in der Wasserstra\u00dfe unterwegs seien.<\/p>\n<p>Bericht: Sieben Tote bei neuen Angriffen Israels im Libanon<\/p>\n<p class=\"text-18 leading-17 user-text-lg:text-22 user-text-xl:text-24\">Bei erneuten israelischen Luftangriffen im Libanon sind nach dortigen offiziellen Angaben mindestens sieben Menschen get\u00f6tet worden. Bei einem Angriff in der Bekaa-Ebene im Osten des Landes seien f\u00fcnf Menschen get\u00f6tet worden, darunter ein Kind, eine Frau und zwei \u00e4ltere Menschen, berichtete die Staatsagentur NNA am Morgen. In der N\u00e4he der s\u00fcdlichen K\u00fcstenstadt Tyrus seien zudem zwei Pal\u00e4stinenser ums Leben gekommen. Israels Armee \u00e4u\u00dferte sich zun\u00e4chst nicht zu den Berichten.<\/p>\n<p class=\"text-18 leading-17 user-text-lg:text-22 user-text-xl:text-24\">Laut libanesischen Sicherheitskreisen \u00fcberwachen israelische Bodentruppen einen strategisch wichtigen H\u00fcgel nahe der Stadt Nabatija genau, auch wenn sie dort noch nicht die Kontrolle \u00fcbernommen haben. Die Hisbollah soll hier mehrere Tunnel und H\u00f6hlen nutzen, wo sich auch Hisbollah-K\u00e4mpfer und Kommandeure von Irans Revolutionsgarde verstecken sollen.<\/p>\n<p>US-Vizepr\u00e4sident Vance f\u00fcr Gespr\u00e4che mit dem Iran in der Schweiz angekommen<\/p>\n<p class=\"text-18 leading-17 user-text-lg:text-22 user-text-xl:text-24\">US-Vizepr\u00e4sident JD Vance ist f\u00fcr die Friedensverhandlungen mit dem Iran in der Schweiz angekommen. Das Flugzeug von Vance landete am Sonntagmorgen auf dem Luftwaffenst\u00fctzpunkt Emmen nahe Luzern, wie der Sprecher des Stellvertreters von US-Pr\u00e4sident Donald Trump mitteilte. Bereits am Samstagabend war die iranische Delegation in der Schweiz angekommen, wie das Schweizer Au\u00dfenministerium mitgeteilt hat.<\/p>\n<p><a href=\"#focus-3\" class=\"transition-colors block text-current relative\" data-sctrack=\"FocusGalleryImage.Reference\"><img   loading=\"lazy\" src=\"https:\/\/www.europesays.com\/de\/wp-content\/uploads\/2026\/06\/jd-vance-zeigt-sich-vor-den-gespraechen-vorsichtig-optimistisch.jpg\" alt=\"US-Vize Vance\" title=\"US-Vize Vance\" width=\"2048\" height=\"1152\" class=\"h-full w-full max-w-full rounded-8\" decoding=\"async\"\/><img loading=\"lazy\" src=\"https:\/\/www.t-online.de\/s\/paper\/_next\/static\/media\/zoom-in.f7dae02f.svg\" alt=\"Vergr\u00f6\u00dfern des Bildes\" title=\"Vergr\u00f6\u00dfern des Bildes\" class=\"block h-[calc(var(--height)_\/_16_*_1rem)] w-[calc(var(--width)_\/_16_*_1rem)] max-w-none absolute right-8 bottom-8 rounded-4 bg-snow p-8\" style=\"--width:32;--height:32\" decoding=\"async\"\/>JD Vance zeigt sich vor den Gespr\u00e4chen vorsichtig optimistisch. (Quelle: Elizabeth Frantz\/POOL REUTERS\/AP\/dpa\/dpa-bilder)<\/a><\/p>\n","protected":false},"excerpt":{"rendered":"Iran: Verhandlungen mit USA auf einen Tag begrenzt Die Verhandlungen zwischen dem Iran und den USA im schweizerischen&hellip;\n","protected":false},"author":2,"featured_media":1111285,"comment_status":"","ping_status":"","sticky":false,"template":"","format":"standard","meta":{"footnotes":"","_share_on_mastodon":"0"},"categories":[5],"tags":[1217,326,174096,848,331,332,223,296,1179,1180,685,235056,3364,29,106,514,30,13,345,186871,448,120304,30730,579,669,7296,14,15,3129,15643,10670,12,293,184,29839,9976,5162,64],"class_list":["post-1111284","post","type-post","status-publish","format-standard","has-post-thumbnail","category-nachrichten","tag-1217","tag-326","tag-174096","tag-aa","tag-aktuelle-nachrichten","tag-aktuelle-news","tag-ard","tag-berlin","tag-boris-pistorius","tag-bundestag","tag-bundeswehr","tag-buergenstock","tag-de","tag-deutschland","tag-donald-trump","tag-fahrzeug","tag-germany","tag-headlines","tag-iran","tag-iran-krieg","tag-j-d-vance","tag-jared-kushner","tag-jerusalem","tag-katar","tag-krise","tag-libanon","tag-nachrichten","tag-news","tag-newsblog","tag-oman","tag-pakistan","tag-schlagzeilen","tag-schweiz","tag-spd","tag-strasse-von-hormus","tag-teheran","tag-universitaet","tag-usa"],"share_on_mastodon":{"url":"https:\/\/pubeurope.com\/@de\/116788951264150378","error":""},"_links":{"self":[{"href":"https:\/\/www.europesays.com\/de\/wp-json\/wp\/v2\/posts\/1111284","targetHints":{"allow":["GET"]}}],"collection":[{"href":"https:\/\/www.europesays.com\/de\/wp-json\/wp\/v2\/posts"}],"about":[{"href":"https:\/\/www.europesays.com\/de\/wp-json\/wp\/v2\/types\/post"}],"author":[{"embeddable":true,"href":"https:\/\/www.europesays.com\/de\/wp-json\/wp\/v2\/users\/2"}],"replies":[{"embeddable":true,"href":"https:\/\/www.europesays.com\/de\/wp-json\/wp\/v2\/comments?post=1111284"}],"version-history":[{"count":0,"href":"https:\/\/www.europesays.com\/de\/wp-json\/wp\/v2\/posts\/1111284\/revisions"}],"wp:featuredmedia":[{"embeddable":true,"href":"https:\/\/www.europesays.com\/de\/wp-json\/wp\/v2\/media\/1111285"}],"wp:attachment":[{"href":"https:\/\/www.europesays.com\/de\/wp-json\/wp\/v2\/media?parent=1111284"}],"wp:term":[{"taxonomy":"category","embeddable":true,"href":"https:\/\/www.europesays.com\/de\/wp-json\/wp\/v2\/categories?post=1111284"},{"taxonomy":"post_tag","embeddable":true,"href":"https:\/\/www.europesays.com\/de\/wp-json\/wp\/v2\/tags?post=1111284"}],"curies":[{"name":"wp","href":"https:\/\/api.w.org\/{rel}","templated":true}]}}