{"id":1111322,"date":"2026-06-21T16:32:15","date_gmt":"2026-06-21T16:32:15","guid":{"rendered":"https:\/\/www.europesays.com\/de\/1111322\/"},"modified":"2026-06-21T16:32:15","modified_gmt":"2026-06-21T16:32:15","slug":"2500-radler-strampeln-bei-grossdemo-aus-allen-richtungen-nach-stuttgart-nachrichten-aus-dem-rems-murr-kreis","status":"publish","type":"post","link":"https:\/\/www.europesays.com\/de\/1111322\/","title":{"rendered":"2500 Radler strampeln bei Gro\u00dfdemo aus allen Richtungen nach Stuttgart &#8211; Nachrichten aus dem Rems-Murr-Kreis"},"content":{"rendered":"<p><strong>Rems-Murr-Kreis. <\/strong> Sie kamen aus  Heidelberg via Rosensteintunnel, aus Freiburg durch den Heslacher Tunnel, aus G\u00f6ppingen \u00fcber die B10 \u2013 und auch von Waiblingen aus rollte am Sonntag (21.06.) eine Radlergruppe gen Stuttgart  zur gro\u00dfen Demo f\u00fcr bessere Radwege: via B14. Es war ein Volksfest auf R\u00e4dern mit klarer verkehrspolitischer Botschaft: Baden-W\u00fcrttemberg braucht endlich Radschnellwege. 2500 Menschen waren trotz sengender Hitze am Sonntag laut ADFC unterwegs. <\/p>\n<p>Von<\/p>\n","protected":false},"excerpt":{"rendered":"Rems-Murr-Kreis. Sie kamen aus Heidelberg via Rosensteintunnel, aus Freiburg durch den Heslacher Tunnel, aus G\u00f6ppingen \u00fcber die B10&hellip;\n","protected":false},"author":2,"featured_media":1111323,"comment_status":"","ping_status":"","sticky":false,"template":"","format":"standard","meta":{"footnotes":"","_share_on_mastodon":"0"},"categories":[1830],"tags":[7380,52396,18000,1634,3364,29,30,235102,2465,8760,1441,191400,9887],"class_list":["post-1111322","post","type-post","status-publish","format-standard","has-post-thumbnail","category-stuttgart","tag-adfc","tag-radschnellweg","tag-radwege","tag-baden-wuerttemberg","tag-de","tag-deutschland","tag-germany","tag-radfahrenn","tag-radfahrer","tag-rems-murr-kreis","tag-stuttgart","tag-un_was-gibt-es-neues","tag-waiblingen"],"share_on_mastodon":{"url":"https:\/\/pubeurope.com\/@de\/116789061165515781","error":""},"_links":{"self":[{"href":"https:\/\/www.europesays.com\/de\/wp-json\/wp\/v2\/posts\/1111322","targetHints":{"allow":["GET"]}}],"collection":[{"href":"https:\/\/www.europesays.com\/de\/wp-json\/wp\/v2\/posts"}],"about":[{"href":"https:\/\/www.europesays.com\/de\/wp-json\/wp\/v2\/types\/post"}],"author":[{"embeddable":true,"href":"https:\/\/www.europesays.com\/de\/wp-json\/wp\/v2\/users\/2"}],"replies":[{"embeddable":true,"href":"https:\/\/www.europesays.com\/de\/wp-json\/wp\/v2\/comments?post=1111322"}],"version-history":[{"count":0,"href":"https:\/\/www.europesays.com\/de\/wp-json\/wp\/v2\/posts\/1111322\/revisions"}],"wp:featuredmedia":[{"embeddable":true,"href":"https:\/\/www.europesays.com\/de\/wp-json\/wp\/v2\/media\/1111323"}],"wp:attachment":[{"href":"https:\/\/www.europesays.com\/de\/wp-json\/wp\/v2\/media?parent=1111322"}],"wp:term":[{"taxonomy":"category","embeddable":true,"href":"https:\/\/www.europesays.com\/de\/wp-json\/wp\/v2\/categories?post=1111322"},{"taxonomy":"post_tag","embeddable":true,"href":"https:\/\/www.europesays.com\/de\/wp-json\/wp\/v2\/tags?post=1111322"}],"curies":[{"name":"wp","href":"https:\/\/api.w.org\/{rel}","templated":true}]}}