{"id":1111392,"date":"2026-06-21T17:10:12","date_gmt":"2026-06-21T17:10:12","guid":{"rendered":"https:\/\/www.europesays.com\/de\/1111392\/"},"modified":"2026-06-21T17:10:12","modified_gmt":"2026-06-21T17:10:12","slug":"grosseinsatz-auf-dem-rhein-hubschrauber-dlrg-und-feuerwehr","status":"publish","type":"post","link":"https:\/\/www.europesays.com\/de\/1111392\/","title":{"rendered":"Gro\u00dfeinsatz auf dem Rhein: Hubschrauber, DLRG und Feuerwehr"},"content":{"rendered":"<p><img loading=\"lazy\" decoding=\"async\" src=\"https:\/\/www.europesays.com\/de\/wp-content\/uploads\/2026\/06\/Polizei-beim-Sonntagsausflug.jpg\" alt=\"Polizei beim Sonntagsausflug\" width=\"900\" height=\"501\" class=\"alignnone size-full wp-image-642485\"  \/>Mannheim \/ Ludwigshafen \/ Metropolregion Rhein-Neckar \u2013 Person im Rhein vermisst \u2013 Umfangreiche Suchaktion zwischen Mannheim und Ludwigshafen Ein Gro\u00dfaufgebot von Rettungskr\u00e4ften sucht derzeit nach einer mutma\u00dflich in Not geratenen Person im Rhein. Neben Kr\u00e4ften der Wasserschutzpolizei Mannheim und Ludwigshafen sind auch Feuerwehr, DLRG sowie ein Polizeihubschrauber im Einsatz.<\/p>\n<p>Nach bisherigen Erkenntnissen meldete ein Passant gegen 15 Uhr eine Person, die offenbar im Rhein schwamm. Kurz darauf sei der Kopf der Person nicht mehr sichtbar gewesen. Aufgrund der geschilderten Umst\u00e4nde gehen die Einsatzkr\u00e4fte derzeit davon aus, dass sich die Person m\u00f6glicherweise in einer hilflosen Lage befinden k\u00f6nnte.<\/p>\n<p>Unmittelbar nach Eingang der Meldung wurde eine gro\u00df angelegte Suchaktion eingeleitet. Mehrere Boote der Rettungskr\u00e4fte durchsuchen den Rhein, w\u00e4hrend ein Polizeihubschrauber die Suche aus der Luft unterst\u00fctzt.<\/p>\n<p><strong>Polizei bittet um Hinweise<\/strong><\/p>\n<p>Die Ermittler bitten m\u00f6gliche Zeugen, die Beobachtungen im Bereich des Rheins gemacht haben oder Angaben zu der vermissten Person machen k\u00f6nnen, sich bei jeder Polizeidienststelle oder \u00fcber den Polizeinotruf 110 zu melden.<\/p>\n<p>Die Suchma\u00dfnahmen dauern aktuell an.<\/p>\n<p>MRN-News wird nachberichten.<\/p>\n<p>Quelle: Polizeipr\u00e4sidium Mannheim<\/p>\n<p class=\"post-modified-info\">Zuletzt aktualisiert am 21. Juni 2026, 19:05<\/p>\n","protected":false},"excerpt":{"rendered":"Mannheim \/ Ludwigshafen \/ Metropolregion Rhein-Neckar \u2013 Person im Rhein vermisst \u2013 Umfangreiche Suchaktion zwischen Mannheim und Ludwigshafen&hellip;\n","protected":false},"author":2,"featured_media":1111393,"comment_status":"","ping_status":"","sticky":false,"template":"","format":"standard","meta":{"footnotes":"","_share_on_mastodon":"0"},"categories":[1845],"tags":[36617,1634,18412,3364,29,588,9032,22314,548,663,3934,30,3786,13,14996,25476,2096,25488,25489,81901,14,14480,15,235116,121,64435,9804,11413,149263,5206,28951,12,11730,235117,120,13100,4996],"class_list":["post-1111392","post","type-post","status-publish","format-standard","has-post-thumbnail","category-mannheim","tag-dlrg","tag-baden-wuerttemberg","tag-bereich","tag-de","tag-deutschland","tag-einsatz","tag-einsatzkraefte","tag-ermittler","tag-eu","tag-europa","tag-europe","tag-germany","tag-grosseinsatz","tag-headlines","tag-hinweise","tag-ludwigshafen","tag-mannheim","tag-metropolregion","tag-metropolregion-rhein-neckar","tag-mrn-news","tag-nachrichten","tag-neckar","tag-news","tag-person-vermisst","tag-polizei","tag-polizeidienststelle","tag-polizeihubschrauber","tag-polizeipraesidium","tag-polizeipraesidium-mannheim","tag-rhein","tag-rhein-neckar","tag-schlagzeilen","tag-suche","tag-suche-im-rhein","tag-vermisst","tag-wasserschutzpolizei","tag-zeugen"],"share_on_mastodon":{"url":"","error":"Validation failed: Text character limit of 500 exceeded"},"_links":{"self":[{"href":"https:\/\/www.europesays.com\/de\/wp-json\/wp\/v2\/posts\/1111392","targetHints":{"allow":["GET"]}}],"collection":[{"href":"https:\/\/www.europesays.com\/de\/wp-json\/wp\/v2\/posts"}],"about":[{"href":"https:\/\/www.europesays.com\/de\/wp-json\/wp\/v2\/types\/post"}],"author":[{"embeddable":true,"href":"https:\/\/www.europesays.com\/de\/wp-json\/wp\/v2\/users\/2"}],"replies":[{"embeddable":true,"href":"https:\/\/www.europesays.com\/de\/wp-json\/wp\/v2\/comments?post=1111392"}],"version-history":[{"count":0,"href":"https:\/\/www.europesays.com\/de\/wp-json\/wp\/v2\/posts\/1111392\/revisions"}],"wp:featuredmedia":[{"embeddable":true,"href":"https:\/\/www.europesays.com\/de\/wp-json\/wp\/v2\/media\/1111393"}],"wp:attachment":[{"href":"https:\/\/www.europesays.com\/de\/wp-json\/wp\/v2\/media?parent=1111392"}],"wp:term":[{"taxonomy":"category","embeddable":true,"href":"https:\/\/www.europesays.com\/de\/wp-json\/wp\/v2\/categories?post=1111392"},{"taxonomy":"post_tag","embeddable":true,"href":"https:\/\/www.europesays.com\/de\/wp-json\/wp\/v2\/tags?post=1111392"}],"curies":[{"name":"wp","href":"https:\/\/api.w.org\/{rel}","templated":true}]}}