{"id":1111467,"date":"2026-06-21T17:54:22","date_gmt":"2026-06-21T17:54:22","guid":{"rendered":"https:\/\/www.europesays.com\/de\/1111467\/"},"modified":"2026-06-21T17:54:22","modified_gmt":"2026-06-21T17:54:22","slug":"duesseldorf-polizeihubschrauber-kreist-im-tiefflug-ueber-dem-sueden-der-stadt","status":"publish","type":"post","link":"https:\/\/www.europesays.com\/de\/1111467\/","title":{"rendered":"D\u00fcsseldorf: Polizeihubschrauber kreist im Tiefflug \u00fcber dem S\u00fcden der Stadt"},"content":{"rendered":"<p class=\"text_ohne_einzug richtext text-em-55 !leading-serif mx-6 desktop:mx-0\"> Eins\u00e4tze von Polizeihubschraubern sorgen immer f\u00fcr Aufmerksamkeit bei Anwohnern. Besonders dann, wenn sie nachts stattfinden und die Maschinen l\u00e4ngere Zeit \u00fcber einem Gebiet kreisen. Genau das ist jetzt im D\u00fcsseldorfer S\u00fcden passiert.<\/p>\n<p class=\"richtext text-em-55 !leading-serif mx-6 desktop:mx-0\">Bewohner in den Stadtteilen Urdenbach, Garath und Hellerhof d\u00fcrften in der Nacht zu Freitag ein lautes Brummen \u00fcber sich am Himmel geh\u00f6rt haben. Knapp 20 Minuten lang kreiste dort ein Polizeihubschrauber.<\/p>\n<p class=\"richtext text-em-55 !leading-serif mx-6 desktop:mx-0\">Der Flieger mit der Kennung \u201eHummel 1\u201c war laut der Seite \u201eFlightaware\u201c um 23.43 Uhr in <a href=\"https:\/\/rp-online.de\/thema\/dortmund\/\" rel=\"nofollow noopener\" target=\"_blank\">Dortmund<\/a> gestartet. Von dort ging es in geradem Flug bis Hasslinghausen, einem Stadtteil von Sprockh\u00f6vel nahe <a href=\"https:\/\/rp-online.de\/thema\/wuppertal\/\" rel=\"nofollow noopener\" target=\"_blank\">Wuppertal<\/a>. Dort drehte der Helikopter in Richtung Norden ab, flog bis Waltrop. Dann ging es weiter nach Essen und schlie\u00dflich erreichte die \u201eHummel 1\u201c gegen 0.50 Uhr den S\u00fcden D\u00fcsseldorfs. Dort kreiste der <a href=\"https:\/\/rp-online.de\/thema\/hubschrauber\/\" rel=\"nofollow noopener\" target=\"_blank\">Hubschrauber<\/a> 20 Minuten lang \u00fcber Urdenbach, Hellerhof und Garath, bevor er abdrehte und auf direktem Weg zur\u00fcck nach Dortmund flog. Nach einer Gesamtflugzeit von einer Stunde und 44 Minuten landete die Hummel dort um 1.28 Uhr.<\/p>\n<p class=\"richtext text-em-55 !leading-serif mx-6 desktop:mx-0\">Warum drehte der Hubschrauber mitten in der Nacht seine Runden \u00fcber D\u00fcsseldorf? Ein Sprecher der Polizei sagte auf Anfrage unserer Redaktion, es habe in Hellerhof einen Fall von h\u00e4uslicher Gewalt gegeben. Eine beteiligte Person sei dann verschwunden. \u201eWeil suizidale Absichten nicht ausgeschlossen werden konnten, wurde der Hubschrauber zur Unterst\u00fctzung angefordert\u201c, sagte der Sprecher. Die vermisste Person sei sp\u00e4ter lebend gefunden worden.<\/p>\n<p class=\"richtext text-em-55 !leading-serif mx-6 desktop:mx-0\">Die in D\u00fcsseldorf und Dortmund stationierte Fliegerstaffel NRW verf\u00fcgt \u00fcber sechs <a href=\"https:\/\/rp-online.de\/thema\/airbus\/\" rel=\"nofollow noopener\" target=\"_blank\">Airbus<\/a> H145 \u2013 den nach eigenen Angaben modernsten Polizeihubschrauber auf dem Weltmarkt. Die Maschinen erreichen mit ihren zwei Turbinen eine H\u00f6chstgeschwindigkeit von 260 Kilometer pro Stunde und k\u00f6nnen bis zu drei Stunden in der Luft bleiben. Jeder Ort in NRW kann von dort aus innerhalb von 30 Minuten erreicht werden.<\/p>\n<p class=\"italic dark:text-white-solid richtext text-em-55 !leading-serif mx-6 desktop:mx-0\">Kreisen Ihre Gedanken darum, sich das Leben zu nehmen? Sprechen Sie mit anderen Menschen dar\u00fcber. Die Telefonseelsorge ist anonym, kostenlos und rund um die Uhr erreichbar. Die Telefonnummern sind 0800 1110111 und 0800 1110222.<\/p>\n","protected":false},"excerpt":{"rendered":"Eins\u00e4tze von Polizeihubschraubern sorgen immer f\u00fcr Aufmerksamkeit bei Anwohnern. Besonders dann, wenn sie nachts stattfinden und die Maschinen&hellip;\n","protected":false},"author":2,"featured_media":1111468,"comment_status":"","ping_status":"","sticky":false,"template":"","format":"standard","meta":{"footnotes":"","_share_on_mastodon":"0"},"categories":[1831],"tags":[3364,29,217,3405,30,20792,2954,90804,6564,3480,1209,9804,14947,27083],"class_list":["post-1111467","post","type-post","status-publish","format-standard","has-post-thumbnail","category-duesseldorf","tag-de","tag-deutschland","tag-dortmund","tag-duesseldorf","tag-germany","tag-hellerhof-duesseldorf","tag-hubschrauber","tag-hummel","tag-maschinen","tag-minuten","tag-nordrhein-westfalen","tag-polizeihubschrauber","tag-stunde","tag-sueden"],"share_on_mastodon":{"url":"https:\/\/pubeurope.com\/@de\/116789383516300992","error":""},"_links":{"self":[{"href":"https:\/\/www.europesays.com\/de\/wp-json\/wp\/v2\/posts\/1111467","targetHints":{"allow":["GET"]}}],"collection":[{"href":"https:\/\/www.europesays.com\/de\/wp-json\/wp\/v2\/posts"}],"about":[{"href":"https:\/\/www.europesays.com\/de\/wp-json\/wp\/v2\/types\/post"}],"author":[{"embeddable":true,"href":"https:\/\/www.europesays.com\/de\/wp-json\/wp\/v2\/users\/2"}],"replies":[{"embeddable":true,"href":"https:\/\/www.europesays.com\/de\/wp-json\/wp\/v2\/comments?post=1111467"}],"version-history":[{"count":0,"href":"https:\/\/www.europesays.com\/de\/wp-json\/wp\/v2\/posts\/1111467\/revisions"}],"wp:featuredmedia":[{"embeddable":true,"href":"https:\/\/www.europesays.com\/de\/wp-json\/wp\/v2\/media\/1111468"}],"wp:attachment":[{"href":"https:\/\/www.europesays.com\/de\/wp-json\/wp\/v2\/media?parent=1111467"}],"wp:term":[{"taxonomy":"category","embeddable":true,"href":"https:\/\/www.europesays.com\/de\/wp-json\/wp\/v2\/categories?post=1111467"},{"taxonomy":"post_tag","embeddable":true,"href":"https:\/\/www.europesays.com\/de\/wp-json\/wp\/v2\/tags?post=1111467"}],"curies":[{"name":"wp","href":"https:\/\/api.w.org\/{rel}","templated":true}]}}