{"id":1111533,"date":"2026-06-21T18:32:15","date_gmt":"2026-06-21T18:32:15","guid":{"rendered":"https:\/\/www.europesays.com\/de\/1111533\/"},"modified":"2026-06-21T18:32:15","modified_gmt":"2026-06-21T18:32:15","slug":"willich-eine-person-bei-unfall-in-anrath-verletzt","status":"publish","type":"post","link":"https:\/\/www.europesays.com\/de\/1111533\/","title":{"rendered":"Willich: Eine Person bei Unfall in Anrath verletzt"},"content":{"rendered":"<p class=\"text_ohne_einzug richtext text-em-55 !leading-serif mx-6 desktop:mx-0\"> Auf der Kreuzung der Schottelstra\u00dfe mit der Kempener Stra\u00dfe in Willich-Anrath hat sich am Sonntag (21. Juni) gegen 13.10 Uhr ein Unfall ereignet. Zwei Fahrzeuge stie\u00dfen auf der Kreuzung zusammen, in den Autos befanden sich zwei Erwachsene und ein Kind. Nach ersten Erkenntnissen wurde eine Person leicht verletzt ins Krankenhaus gebracht. Mehr konnte die <a href=\"https:\/\/rp-online.de\/thema\/polizei\/\" rel=\"nofollow noopener\" target=\"_blank\">Polizei<\/a> am Sonntag noch nicht sagen, die Ermittlungen zur Unfallursache dauern an. Die Feuerwehr war ebenfalls im Einsatz, unter anderem, um auslaufende Betriebsstoffe aufzunehmen. F\u00fcr die Zeit der Unfallaufnahme war der Kreuzungsbereich gesperrt. An der Kreuzung kommt es immer wieder zu Unf\u00e4llen.<\/p>\n","protected":false},"excerpt":{"rendered":"Auf der Kreuzung der Schottelstra\u00dfe mit der Kempener Stra\u00dfe in Willich-Anrath hat sich am Sonntag (21. Juni) gegen&hellip;\n","protected":false},"author":2,"featured_media":1111534,"comment_status":"","ping_status":"","sticky":false,"template":"","format":"standard","meta":{"footnotes":"","_share_on_mastodon":"0"},"categories":[1849],"tags":[61899,3985,3364,29,548,663,3934,30,5783,13,83350,18491,25549,4455,14,15,1209,10321,12,235151,524,1284,24863,32679,2625,5185,17289],"class_list":["post-1111533","post","type-post","status-publish","format-standard","has-post-thumbnail","category-moenchengladbach","tag-anrath","tag-autos","tag-de","tag-deutschland","tag-eu","tag-europa","tag-europe","tag-germany","tag-gesperrt","tag-headlines","tag-kempener","tag-kreuzung","tag-kreuzungsbereich","tag-moenchengladbach","tag-nachrichten","tag-news","tag-nordrhein-westfalen","tag-person","tag-schlagzeilen","tag-schottelstrasse","tag-strasse","tag-unfall","tag-unfallaufnahme","tag-unfaellen","tag-unfallursache","tag-verletzt","tag-willich"],"share_on_mastodon":{"url":"https:\/\/pubeurope.com\/@de\/116789532927598631","error":""},"_links":{"self":[{"href":"https:\/\/www.europesays.com\/de\/wp-json\/wp\/v2\/posts\/1111533","targetHints":{"allow":["GET"]}}],"collection":[{"href":"https:\/\/www.europesays.com\/de\/wp-json\/wp\/v2\/posts"}],"about":[{"href":"https:\/\/www.europesays.com\/de\/wp-json\/wp\/v2\/types\/post"}],"author":[{"embeddable":true,"href":"https:\/\/www.europesays.com\/de\/wp-json\/wp\/v2\/users\/2"}],"replies":[{"embeddable":true,"href":"https:\/\/www.europesays.com\/de\/wp-json\/wp\/v2\/comments?post=1111533"}],"version-history":[{"count":0,"href":"https:\/\/www.europesays.com\/de\/wp-json\/wp\/v2\/posts\/1111533\/revisions"}],"wp:featuredmedia":[{"embeddable":true,"href":"https:\/\/www.europesays.com\/de\/wp-json\/wp\/v2\/media\/1111534"}],"wp:attachment":[{"href":"https:\/\/www.europesays.com\/de\/wp-json\/wp\/v2\/media?parent=1111533"}],"wp:term":[{"taxonomy":"category","embeddable":true,"href":"https:\/\/www.europesays.com\/de\/wp-json\/wp\/v2\/categories?post=1111533"},{"taxonomy":"post_tag","embeddable":true,"href":"https:\/\/www.europesays.com\/de\/wp-json\/wp\/v2\/tags?post=1111533"}],"curies":[{"name":"wp","href":"https:\/\/api.w.org\/{rel}","templated":true}]}}