{"id":1111671,"date":"2026-06-21T19:51:17","date_gmt":"2026-06-21T19:51:17","guid":{"rendered":"https:\/\/www.europesays.com\/de\/1111671\/"},"modified":"2026-06-21T19:51:17","modified_gmt":"2026-06-21T19:51:17","slug":"ukrainer-geben-massenhaft-polnische-orden-zurueck-wie-ein-weltkriegsstreit-wichtige-verbuendete-spaltet","status":"publish","type":"post","link":"https:\/\/www.europesays.com\/de\/1111671\/","title":{"rendered":"Ukrainer geben massenhaft polnische Orden zur\u00fcck: Wie ein Weltkriegsstreit wichtige Verb\u00fcndete spaltet"},"content":{"rendered":"<p class=\"tspBMlx tspBMly\">Der <a href=\"https:\/\/www.tagesspiegel.de\/dpa-streit-um-geschichte-polen-entzieht-selenskyj-auszeichnung-15735625.html?icid=in-text-link_15739067\" class=\"link link--internal\" data-gtm-class=\"article-text-link\" data-gtm-val=\"internal\" rel=\"nofollow noopener\" target=\"_blank\">Geschichtsstreit zwischen Polen und der Ukraine<\/a> eskaliert. Polens Pr\u00e4sident Karol Nawrocki hat dem ukrainischen Staatsoberhaupt Wolodymyr Selenskyj die h\u00f6chste polnische Auszeichnung, den \u201eOrden des Wei\u00dfen Adlers\u201c, entzogen. Der schickte ihn prompt nach Warschau zur\u00fcck.<\/p>\n<p class=\"tspBMlx\">Dennoch kehrt kein Frieden ein. Aus Solidarit\u00e4t mit Selenskyj geben weitere ukrainische Spitzenpolitiker polnische Orden zur\u00fcck, darunter <a href=\"https:\/\/tvn24.pl\/swiat\/leonid-kuczma-wiktor-juszczenko-i-petro-poroszenko-zrzekli-sie-orderu-orla-bialego-st9106212\" target=\"_blank\" rel=\"noopener nofollow\" class=\"link link--external\" data-gtm-class=\"article-text-link\" data-gtm-val=\"external\" aria-describedby=\"message-target-blank\">die Ex-Pr\u00e4sidenten Petro Poroschenko, Viktor Juschtschenko und Leonid Kutschma<\/a>.<\/p>\n<blockquote class=\"tspCIo1\">\n<p>Selenskyj wusste, wie heikel Fragen der UPA im Verh\u00e4ltnis zu Polen sind. Aber innenpolitische Erw\u00e4gungen haben f\u00fcr ihn Vorrang.<\/p>\n<\/blockquote>\n<p class=\"tspCIo2\"><strong>Kai-Olaf Lang<\/strong>, Experte f\u00fcr Polen und Osteuropa bei der Stiftung Wissenschaft und Politik (SWP)<\/p>\n<p><img decoding=\"async\" src=\"https:\/\/www.europesays.com\/de\/wp-content\/uploads\/2025\/05\/1746781152_740_kai-olaf-download.jpeg\"   alt=\"Kai-Olaf Lang\" width=\"80\" height=\"80\" loading=\"lazy\" class=\"tspAVil\"\/><\/p>\n<p class=\"tspB0nk\"><strong>Kai-Olaf Lang<\/strong> ist Experte f\u00fcr Polen und Osteuropa der Stiftung f\u00fcr Wissenschaft und Politik (SWP) in Berlin.<\/p>\n<p class=\"tspBMlx\">Eigentlich sind die Nachbarn enge <a href=\"https:\/\/www.tagesspiegel.de\/meinung\/selenskyj-in-berlin-trotz-iran-krieg-bleibt-die-ukraine-die-schicksalsfrage-15471999.html?icid=in-text-link_15739067\" class=\"link link--internal\" data-gtm-class=\"article-text-link\" data-gtm-val=\"internal\" rel=\"nofollow noopener\" target=\"_blank\">Verb\u00fcndete bei der Abwehr des russischen Angriffskriegs<\/a>. Der Gro\u00dfteil der westlichen Milit\u00e4rhilfe kommt \u00fcber Polen in die Ukraine.<\/p>\n<p class=\"tspBMlx\">Doch der Streit um die K\u00e4mpfer der Ukrainischen Aufstandsarmee (UPA) im Zweiten Weltkrieg ist f\u00fcr beide Nationen identit\u00e4tsstiftend. F\u00fcr die Ukraine sind sie Helden, die f\u00fcr die Befreiung ukrainischer Gebiete gek\u00e4mpft haben, unter anderem in Wolhynien.<\/p>\n<p> Massaker an Polen im Zweiten Weltkrieg <\/p>\n<p class=\"tspBMlx\">F\u00fcr Polen sind sie Massenm\u00f6rder, die die dort lebende polnische Bev\u00f6lkerung mit Massakern terrorisiert und an die 100.000 Polen get\u00f6tet haben. Durch den <a href=\"https:\/\/www.tagesspiegel.de\/kultur\/wie-geht-es-polnischen-filmemachern-unter-kaczynski-3766687.html?icid=in-text-link_15739067\" class=\"link link--internal\" data-gtm-class=\"article-text-link\" data-gtm-val=\"internal\" rel=\"nofollow noopener\" target=\"_blank\">Film \u201eWolyn\u201c (Wolhynien) von 2016<\/a> hat der Konflikt auch unter j\u00fcngeren Polen breite Aufmerksamkeit gefunden.<\/p>\n<p class=\"tspBMlx\">Selenskyj hat einer Milit\u00e4reinheit k\u00fcrzlich den Ehrentitel \u201eHelden der UPA\u201c verliehen. Ziel sei die \u201eWiederherstellung der historischen Traditionen der nationalen Armee\u201c und die \u201evorbildliche Erf\u00fcllung der \u00fcbertragenen Aufgaben bei der Verteidigung der territorialen Integrit\u00e4t der Ukraine\u201c.<\/p>\n<p class=\"tspBMlx\">In Polen l\u00f6ste das Emp\u00f6rung aus. <a href=\"https:\/\/www.tagesspiegel.de\/internationales\/blockade-gegen-richter-und-eu-kredite-in-polen-karol-nawrocki-profiliert-sich-als-veto-prasident-15458573.html?icid=in-text-link_15739067\" class=\"link link--internal\" data-gtm-class=\"article-text-link\" data-gtm-val=\"internal\" rel=\"nofollow noopener\" target=\"_blank\">Pr\u00e4sident Nawrocki<\/a>, der sich auf die nationalpopulistische Partei PiS st\u00fctzt, hat Selenskyj den \u201eOrden des Wei\u00dfen Adlers\u201c aberkannt, den der ebenfalls PiS-nahe <a href=\"https:\/\/www.tagesspiegel.de\/internationales\/prasidentschaftswahl-offenbart-generationenkonflikt-polens-rechte-erfahrt-erhebliche-unterstutzung-13714225.html?icid=in-text-link_15739067\" class=\"link link--internal\" data-gtm-class=\"article-text-link\" data-gtm-val=\"internal\" rel=\"nofollow noopener\" target=\"_blank\">Vorg\u00e4nger Andrzej Duda<\/a> Selenskyj 2023 verliehen hatte.<\/p>\n<blockquote class=\"tspCIo1\">\n<p>Der Konflikt zwischen Polen und der Ukraine freut Putin und schockiert unsere Verb\u00fcndeten.<\/p>\n<\/blockquote>\n<p class=\"tspCIo2\"><strong>Donald Tusk<\/strong>, Polens Regierungschef.<\/p>\n<p class=\"tspBMlx\">Polens liberalkonservativer <a href=\"https:\/\/www.tagesspiegel.de\/internationales\/von-donald-tusk-lernen-warum-ungarns-neuer-ministerprasident-erst-einmal-polen-besucht-15620741.html?icid=in-text-link_15739067\" class=\"link link--internal\" data-gtm-class=\"article-text-link\" data-gtm-val=\"internal\" rel=\"nofollow noopener\" target=\"_blank\">Premier Donald Tusk<\/a> hatte beide Staatsoberh\u00e4upter <a href=\"https:\/\/www.tagesschau.de\/ausland\/europa\/polen-ukraine-112.html\" target=\"_blank\" rel=\"noopener nofollow\" class=\"link link--external\" data-gtm-class=\"article-text-link\" data-gtm-val=\"external\" aria-describedby=\"message-target-blank\">um M\u00e4\u00dfigung gebeten<\/a>. \u201eDer Konflikt zwischen Polen und der Ukraine freut Putin und schockiert unsere Verb\u00fcndeten.\u201c<\/p>\n<p class=\"tspBMlx\">Selenskyj kommentierte die R\u00fcckgabe des Ordens jedoch s\u00fcffisant: Wenn Polen ihm den Orden entziehe, aber Prominente, die gegen Polens Interessen gehandelt haben, wie Zarin Katharina II., Italiens Diktator Benito Mussolini und Ex-Bundeskanzler Gerhard Schr\u00f6der ihn behalten d\u00fcrfen, haben \u201ewir in der Ukraine dem nichts entgegenzusetzen\u201c.<\/p>\n<p> Aufbaukonferenz am Freitag in Danzig <\/p>\n<p class=\"tspBMlx\">Er f\u00fcgte vers\u00f6hnlich hinzu, er sei \u201eoffen f\u00fcr alle sinnvollen Formate der Zusammenarbeit\u201c. Am Freitag soll in Danzig eine Konferenz \u00fcber Wiederaufbauhilfe f\u00fcr die Ukraine beraten.<\/p>\n<p class=\"tspBMlx\">Der Streit eskaliert, weil \u201einnenpolitische Fragen Vorrang haben\u201c, meint Kai-Olaf Lang, Experte f\u00fcr Polen und Osteuropa bei der Stiftung Wissenschaft und Politik (SWP) in Berlin. Selenskyj habe \u201egewusst, wie heikel Fragen der UPA im Verh\u00e4ltnis zu Polen sind\u201c.<\/p>\n<blockquote class=\"tspCIo1\">\n<p>Selenskyj muss seine Unterst\u00fctzung nach diversen Aff\u00e4ren ausbauen und braucht daf\u00fcr auch ,patriotische\u2018 Kr\u00e4fte.<\/p>\n<\/blockquote>\n<p class=\"tspCIo2\">Kai-Olaf Lang, Experte f\u00fcr Polen und Osteuropa der SWP.<\/p>\n<p class=\"tspBMlx\">Selenskyj muss jedoch \u201eseine Unterst\u00fctzung im Land <a href=\"https:\/\/www.tagesspiegel.de\/internationales\/umerow-soll-fur-resnikow-kommen-prasident-selenskyj-wechselt-seinen-verteidigungsminister-aus-10410697.html?icid=in-text-link_15739067\" class=\"link link--internal\" data-gtm-class=\"article-text-link\" data-gtm-val=\"internal\" rel=\"nofollow noopener\" target=\"_blank\">nach diversen Aff\u00e4ren<\/a> ausbauen und braucht daf\u00fcr auch ,patriotische\u2018 Kr\u00e4fte\u201c. Eine auf Heldentum ausgerichtete \u201eErinnerungspolitik in der Ukraine\u201c gilt als \u201eHilfe in ihrem heroischen <a href=\"https:\/\/www.tagesspiegel.de\/internationales\/gefahrliche-folge-des-iran-konflikts-fuhrt-trump-krieg-fehlt-europa-und-der-ukraine-die-munition-15727775.html?icid=in-text-link_15739067\" class=\"link link--internal\" data-gtm-class=\"article-text-link\" data-gtm-val=\"internal\" rel=\"nofollow noopener\" target=\"_blank\">Kampf gegen Russland<\/a> und Ausdruck nationaler Souver\u00e4nit\u00e4t\u201c, analysiert Lang. \u201eDie Folgen f\u00fcr die Au\u00dfenpolitik werden dabei ausgeblendet.\u201c \u00a0<\/p>\n<p class=\"tspBMlx\">In Polen \u201eist die Ablehnung immens. Kaum jemand hat Verst\u00e4ndnis f\u00fcr die Entscheidungen in Kiew\u201c, meint Lang zu Premier Tusks Bem\u00fchen, den Streit abzumildern. \u201eEs gibt nur noch wenige Stimmen, die zu Besonnenheit mahnen. Die warnen, dass polnisch-ukrainische Konflikte Russland nutzen. Und dazu raten, historische Streitfragen nicht auszutragen, solange der Ukraine-Krieg nicht beendet ist.\u201c\u00a0<\/p>\n<p class=\"tspBMlx\">Der Konflikt eskaliert in einer Kriegsphase, in der <a href=\"https:\/\/www.tagesspiegel.de\/internationales\/ukraine-greift-verstarkt-strassen-auf-der-krim-an-wir-mussen-wohl-auf-pferde-umsteigen-15695018.html?icid=in-text-link_15739067\" class=\"link link--internal\" data-gtm-class=\"article-text-link\" data-gtm-val=\"internal\" rel=\"nofollow noopener\" target=\"_blank\">Putins Russland \u00f6konomisch und milit\u00e4risch st\u00e4rker unter Druck<\/a> ger\u00e4t. \u201eDie Ukraine versp\u00fcrt neues Selbstbewusstsein und ist wenig gewillt, ihre Gedenkpolitik zu korrigieren\u201c, sagt Lang. 2027 stehen in beiden L\u00e4ndern Wahlen an. Angesichts der politischen Polarisierung bleiben die Geschichte und die bilateralen Beziehungen \u201eThemen mit wachsender Relevanz\u201c.<\/p>\n<p>Mehr zum Thema<a href=\"https:\/\/www.tagesspiegel.de\/peinlicher-streit-beim-eu-gipfel-wer-soll-fur-europa-mit-putin-reden-derzeit-niemand-15732817.html?icid=topic-list_15739067___\" data-gtm-class=\"article-mzt-link\" data-hydrate-fingerprint=\"09740a54944caac75fd2c0c63fd5c5df\" data-hydrate-props=\"{&amp;escapedquot;element&amp;escapedquot;:{&amp;escapedquot;type&amp;escapedquot;:&amp;escapedquot;relatedContent&amp;escapedquot;,&amp;escapedquot;fieldMap&amp;escapedquot;:{},&amp;escapedquot;relation&amp;escapedquot;:{&amp;escapedquot;fields&amp;escapedquot;:{&amp;escapedquot;isPaid&amp;escapedquot;:false},&amp;escapedquot;href&amp;escapedquot;:&amp;escapedquot;\/peinlicher-streit-beim-eu-gipfel-wer-soll-fur-europa-mit-putin-reden-derzeit-niemand-15732817.html&amp;escapedquot;,&amp;escapedquot;teaserTitle&amp;escapedquot;:{&amp;escapedquot;kicker&amp;escapedquot;:&amp;escapedquot;Peinlicher Streit beim EU-Gipfel&amp;escapedquot;,&amp;escapedquot;headline&amp;escapedquot;:&amp;escapedquot;Wer soll f\u00fcr Europa mit Putin reden? Derzeit niemand!&amp;escapedquot;},&amp;escapedquot;id&amp;escapedquot;:&amp;escapedquot;15732817&amp;escapedquot;,&amp;escapedquot;type&amp;escapedquot;:&amp;escapedquot;story&amp;escapedquot;},&amp;escapedquot;isPartOfList&amp;escapedquot;:true,&amp;escapedquot;topicListType&amp;escapedquot;:&amp;escapedquot;topic-list&amp;escapedquot;},&amp;escapedquot;showArrow&amp;escapedquot;:true}\" data-hydrate-slots=\"{&#039;default&#039;:[]}\" class=\"tspCQph tspCLo6\" rel=\"nofollow noopener\" target=\"_blank\">Peinlicher Streit beim EU-Gipfel Wer soll f\u00fcr Europa mit Putin reden? Derzeit niemand! <\/a><a href=\"https:\/\/www.tagesspiegel.de\/internationales\/gefahrliche-folge-des-iran-konflikts-fuhrt-trump-krieg-fehlt-europa-und-der-ukraine-die-munition-15727775.html?icid=topic-list_15739067___\" data-gtm-class=\"article-mzt-link\" data-hydrate-fingerprint=\"09740a54944caac75fd2c0c63fd5c5df\" data-hydrate-props=\"{&amp;escapedquot;element&amp;escapedquot;:{&amp;escapedquot;type&amp;escapedquot;:&amp;escapedquot;relatedContent&amp;escapedquot;,&amp;escapedquot;fieldMap&amp;escapedquot;:{},&amp;escapedquot;relation&amp;escapedquot;:{&amp;escapedquot;fields&amp;escapedquot;:{&amp;escapedquot;isPaid&amp;escapedquot;:true},&amp;escapedquot;href&amp;escapedquot;:&amp;escapedquot;\/internationales\/gefahrliche-folge-des-iran-konflikts-fuhrt-trump-krieg-fehlt-europa-und-der-ukraine-die-munition-15727775.html&amp;escapedquot;,&amp;escapedquot;teaserTitle&amp;escapedquot;:{&amp;escapedquot;kicker&amp;escapedquot;:&amp;escapedquot;Gef\u00e4hrliche Folge des Iran-Konflikts&amp;escapedquot;,&amp;escapedquot;headline&amp;escapedquot;:&amp;escapedquot;F\u00fchrt Trump Krieg, fehlt Europa und der Ukraine die Munition&amp;escapedquot;},&amp;escapedquot;id&amp;escapedquot;:&amp;escapedquot;15727775&amp;escapedquot;,&amp;escapedquot;type&amp;escapedquot;:&amp;escapedquot;story&amp;escapedquot;},&amp;escapedquot;isPartOfList&amp;escapedquot;:true,&amp;escapedquot;topicListType&amp;escapedquot;:&amp;escapedquot;topic-list&amp;escapedquot;},&amp;escapedquot;showArrow&amp;escapedquot;:true}\" data-hydrate-slots=\"{&#039;default&#039;:[]}\" class=\"tspCQph tspCLo6\" rel=\"nofollow noopener\" target=\"_blank\">Gef\u00e4hrliche Folge des Iran-Konflikts F\u00fchrt Trump Krieg, fehlt Europa und der Ukraine die Munition <\/a><a href=\"https:\/\/www.tagesspiegel.de\/internationales\/blockade-gegen-richter-und-eu-kredite-in-polen-karol-nawrocki-profiliert-sich-als-veto-prasident-15458573.html?icid=topic-list_15739067___\" data-gtm-class=\"article-mzt-link\" data-hydrate-fingerprint=\"09740a54944caac75fd2c0c63fd5c5df\" data-hydrate-props=\"{&amp;escapedquot;element&amp;escapedquot;:{&amp;escapedquot;type&amp;escapedquot;:&amp;escapedquot;relatedContent&amp;escapedquot;,&amp;escapedquot;fieldMap&amp;escapedquot;:{},&amp;escapedquot;relation&amp;escapedquot;:{&amp;escapedquot;fields&amp;escapedquot;:{&amp;escapedquot;isPaid&amp;escapedquot;:true},&amp;escapedquot;href&amp;escapedquot;:&amp;escapedquot;\/internationales\/blockade-gegen-richter-und-eu-kredite-in-polen-karol-nawrocki-profiliert-sich-als-veto-prasident-15458573.html&amp;escapedquot;,&amp;escapedquot;teaserTitle&amp;escapedquot;:{&amp;escapedquot;kicker&amp;escapedquot;:&amp;escapedquot;Blockade gegen Richter und EU-Kredite in Polen&amp;escapedquot;,&amp;escapedquot;headline&amp;escapedquot;:&amp;escapedquot;Karol Nawrocki profiliert sich als Veto-Pr\u00e4sident&amp;escapedquot;},&amp;escapedquot;id&amp;escapedquot;:&amp;escapedquot;15458573&amp;escapedquot;,&amp;escapedquot;type&amp;escapedquot;:&amp;escapedquot;story&amp;escapedquot;},&amp;escapedquot;isPartOfList&amp;escapedquot;:true,&amp;escapedquot;topicListType&amp;escapedquot;:&amp;escapedquot;topic-list&amp;escapedquot;},&amp;escapedquot;showArrow&amp;escapedquot;:true}\" data-hydrate-slots=\"{&#039;default&#039;:[]}\" class=\"tspCQph tspCLo6\" rel=\"nofollow noopener\" target=\"_blank\">Blockade gegen Richter und EU-Kredite in Polen Karol Nawrocki profiliert sich als Veto-Pr\u00e4sident <\/a><\/p>\n<p class=\"tspBMlx\">\u201ePr\u00e4sident Nawrocki und nationalistische Kr\u00e4fte werden Druck auf die Regierung Tusk aus\u00fcben, eine harte Linie gegen\u00fcber Kiew zu fahren\u201c, prognostiziert Lang. Bei den<a href=\"https:\/\/www.tagesspiegel.de\/internationales\/nach-ende-der-blockade-ungarns-eu-beginnt-beitrittsverhandlungen-mit-ukraine-15717477.html?icid=in-text-link_15739067\" class=\"link link--internal\" data-gtm-class=\"article-text-link\" data-gtm-val=\"internal\" rel=\"nofollow noopener\" target=\"_blank\"> EU-Beitrittsverhandlungen<\/a> ergibt sich weiteres Konfliktpotenzial, etwa bei der Landwirtschaft.<\/p>\n<p class=\"tspBMlx\">Zugleich \u201ewissen beide Seiten, dass sie sich brauchen\u201c, w\u00e4gt Lang ab. \u201eBei der Wiederaufbaukonferenz in Danzig werden beide Seiten ihre Gespr\u00e4chsbereitschaft zeigen\u201c, vorausgesetzt, dass Selenskyj nicht absagt.<\/p>\n","protected":false},"excerpt":{"rendered":"Der Geschichtsstreit zwischen Polen und der Ukraine eskaliert. Polens Pr\u00e4sident Karol Nawrocki hat dem ukrainischen Staatsoberhaupt Wolodymyr Selenskyj&hellip;\n","protected":false},"author":2,"featured_media":1111672,"comment_status":"","ping_status":"","sticky":false,"template":"","format":"standard","meta":{"footnotes":"","_share_on_mastodon":"0"},"categories":[5],"tags":[45814,37829,548,2989,13,46823,1435,14,1159,15,235164,3918,3917,307,12,10,8,9,11,317,312,306,107,2657,103983],"class_list":["post-1111671","post","type-post","status-publish","format-standard","has-post-thumbnail","category-nachrichten","tag-andrzej-duda","tag-donald-tusk","tag-eu","tag-geschichte","tag-headlines","tag-karol-nawrocki","tag-krieg-in-der-ukraine","tag-nachrichten","tag-nato","tag-news","tag-petro-poroschenko","tag-pis","tag-polen","tag-russland","tag-schlagzeilen","tag-top-news","tag-top-meldungen","tag-topmeldungen","tag-topnews","tag-ukraine","tag-ukrainekrieg","tag-wladimir-putin","tag-wolodymyr-selenskyj","tag-zweiter-weltkrieg","tag-zweiter-weltkrieg-und-kriegsende"],"share_on_mastodon":{"url":"https:\/\/pubeurope.com\/@de\/116789845032081244","error":""},"_links":{"self":[{"href":"https:\/\/www.europesays.com\/de\/wp-json\/wp\/v2\/posts\/1111671","targetHints":{"allow":["GET"]}}],"collection":[{"href":"https:\/\/www.europesays.com\/de\/wp-json\/wp\/v2\/posts"}],"about":[{"href":"https:\/\/www.europesays.com\/de\/wp-json\/wp\/v2\/types\/post"}],"author":[{"embeddable":true,"href":"https:\/\/www.europesays.com\/de\/wp-json\/wp\/v2\/users\/2"}],"replies":[{"embeddable":true,"href":"https:\/\/www.europesays.com\/de\/wp-json\/wp\/v2\/comments?post=1111671"}],"version-history":[{"count":0,"href":"https:\/\/www.europesays.com\/de\/wp-json\/wp\/v2\/posts\/1111671\/revisions"}],"wp:featuredmedia":[{"embeddable":true,"href":"https:\/\/www.europesays.com\/de\/wp-json\/wp\/v2\/media\/1111672"}],"wp:attachment":[{"href":"https:\/\/www.europesays.com\/de\/wp-json\/wp\/v2\/media?parent=1111671"}],"wp:term":[{"taxonomy":"category","embeddable":true,"href":"https:\/\/www.europesays.com\/de\/wp-json\/wp\/v2\/categories?post=1111671"},{"taxonomy":"post_tag","embeddable":true,"href":"https:\/\/www.europesays.com\/de\/wp-json\/wp\/v2\/tags?post=1111671"}],"curies":[{"name":"wp","href":"https:\/\/api.w.org\/{rel}","templated":true}]}}