{"id":1111781,"date":"2026-06-21T21:00:27","date_gmt":"2026-06-21T21:00:27","guid":{"rendered":"https:\/\/www.europesays.com\/de\/1111781\/"},"modified":"2026-06-21T21:00:27","modified_gmt":"2026-06-21T21:00:27","slug":"fc-bayern-basketballer-verspielen-meisterschaft-gegen-berlin-dramatisch","status":"publish","type":"post","link":"https:\/\/www.europesays.com\/de\/1111781\/","title":{"rendered":"FC Bayern: Basketballer verspielen Meisterschaft gegen Berlin dramatisch"},"content":{"rendered":"<p>Showdown um den Titel <\/p>\n<p>Drama in M\u00fcnchen: Bayern verspielt Meisterschaft<\/p>\n<ul class=\"grid grid-flow-col gap-4\" aria-label=\"Autorenbilder\">\n<li class=\"leading-0\"><img data-tb-author-image=\"\"  loading=\"lazy\" src=\"https:\/\/www.europesays.com\/de\/wp-content\/uploads\/2026\/06\/1781316379_17_image.jpg\" alt=\"\" title=\"\" width=\"40\" height=\"40\" class=\"\" decoding=\"async\"\/><\/li>\n<\/ul>\n<p>Aktualisiert am 21.06.2026 &#8211; 19:00 UhrLesedauer: 2 Min.<\/p>\n<p><a href=\"#focus-0\" class=\"transition-colors block text-current relative\" data-sctrack=\"FocusGalleryImage.Reference\"><img fetchpriority=\"high\" data-testid=\"Opener.Image\"   loading=\"eager\" src=\"https:\/\/www.europesays.com\/de\/wp-content\/uploads\/2026\/06\/fassungslos-andreas-obst-und-der-fc-bayern-basketball-haben-die-deutsche-meisterschaft-noch-verspiel.jpeg\" alt=\"Fassungslos: Andreas Obst und der FC Bayern Basketball haben die Deutsche Meisterschaft noch verspielt.\" title=\"Fassungslos: Andreas Obst und der FC Bayern Basketball haben die Deutsche Meisterschaft noch verspielt.\" width=\"3000\" height=\"1687\" class=\"bg-[url:var(--lqipURL)] bg-cover bg-center flex h-full w-full max-w-full\" style=\"--lqipURL:url('https:\/\/images.t-online.de\/2026\/06\/4wchJSGz7OcU\/0x69:3000x1687\/fit-in\/150x0\/filters:blur(25)\/fassungslos-andreas-obst-und-der-fc-bayern-basketball-haben-die-deutsche-meisterschaft-noch-verspielt.jpg')\" decoding=\"async\"\/><img loading=\"lazy\" src=\"https:\/\/www.t-online.de\/s\/paper\/_next\/static\/media\/zoom-in.f7dae02f.svg\" alt=\"Vergr\u00f6\u00dfern des Bildes\" title=\"Vergr\u00f6\u00dfern des Bildes\" class=\"block h-[calc(var(--height)_\/_16_*_1rem)] w-[calc(var(--width)_\/_16_*_1rem)] max-w-none absolute right-8 bottom-8 rounded-4 bg-snow p-8\" style=\"--width:32;--height:32\" decoding=\"async\"\/><\/a><\/p>\n<p>Fassungslos: Andreas Obst und der FC Bayern Basketball haben die Deutsche Meisterschaft noch verspielt. (Quelle: IMAGO\/Oryk HAIST\/imago-images-bilder)<\/p>\n<p><img loading=\"lazy\" src=\"https:\/\/www.t-online.de\/s\/paper\/_next\/static\/media\/audio-volume.6689034c.svg\" alt=\"\" title=\"\" class=\"block h-[calc(var(--height)_\/_16_*_1rem)] w-[calc(var(--width)_\/_16_*_1rem)] max-w-none group-hover:brightness-0 group-hover:invert\" style=\"--width:16;--height:16\" decoding=\"async\"\/>Vorlesen<\/p>\n<p>Aktuelle Zeit:0:00Gesamtdauer:0:00<\/p>\n<p>1x<\/p>\n<p class=\"text-center\">Jetzt neu bei t-online:<\/p>\n<p class=\"text-center\">Schriftgr\u00f6\u00dfe anpassen!<\/p>\n<p><img loading=\"lazy\" src=\"https:\/\/www.t-online.de\/s\/paper\/_next\/static\/media\/font-sizes.32942e33.svg\" alt=\"\" title=\"\" class=\"block h-[calc(var(--height)_\/_16_*_1rem)] w-[calc(var(--width)_\/_16_*_1rem)] max-w-none group-hover:hidden group-aria-expanded:hidden\" style=\"--width:16;--height:16\" decoding=\"async\"\/><img loading=\"lazy\" src=\"https:\/\/www.t-online.de\/s\/paper\/_next\/static\/media\/font-sizes-dark-mode.e382645c.svg\" alt=\"\" title=\"\" class=\"block h-[calc(var(--height)_\/_16_*_1rem)] w-[calc(var(--width)_\/_16_*_1rem)] max-w-none hidden group-hover:block group-aria-expanded:block\" style=\"--width:16;--height:16\" decoding=\"async\"\/><img loading=\"lazy\" src=\"https:\/\/www.t-online.de\/s\/paper\/_next\/static\/media\/sharing-menu-icon.1eb71368.svg\" alt=\"\" title=\"\" class=\"block h-[calc(var(--height)_\/_16_*_1rem)] w-[calc(var(--width)_\/_16_*_1rem)] max-w-none group-hover:brightness-0 group-hover:invert\" style=\"--width:16;--height:16\" decoding=\"async\"\/>Artikel teilen<\/p>\n<p class=\"font-bold text-18 leading-17 user-text-lg:text-22 user-text-xl:text-24\">Der FC Bayern Basketball und Alba Berlin liefern sich eine packende Finalserie um die Meisterschaft. Nun steht der Champion fest. Die M\u00fcnchner erleben ein Spiel zum Vergessen.<\/p>\n<p class=\"text-18 leading-17 user-text-lg:text-22 user-text-xl:text-24\">Aus M\u00fcnchen berichtet Julian Buhl<\/p>\n<p class=\"text-18 leading-17 user-text-lg:text-22 user-text-xl:text-24\">Nach einem dramatischen f\u00fcnften Finalspiel und einer 81:84-Niederlage gegen Alba Berlin hat der <a href=\"https:\/\/www.t-online.de\/themen\/fc-bayern-muenchen\/\" class=\"transition-colors cursor-pointer no-underline md:hover:text-magenta md:focus:text-magenta border-b border-solid border-current text-salemsfur md:hover:border-magenta\" data-tracking=\"{&quot;action&quot;:&quot;click&quot;,&quot;category&quot;:&quot;intextLink&quot;,&quot;label&quot;:&quot;\/themen\/fc-bayern-muenchen\/&quot;}\" data-sctrack=\"BodyAnchor\" rel=\"nofollow noopener\" target=\"_blank\">FC Bayern<\/a> Basketball den deutschen Meistertitel in der Basketball-Bundesliga (BBL) noch verspielt.<\/p>\n<p class=\"text-18 leading-17 user-text-lg:text-22 user-text-xl:text-24\">Die Bayern hatten in der Best-of-five-Serie eigentlich bereits mit 2:1 gef\u00fchrt. Nach dem zweiten vergebenen Meistermatchball in Folge vergaben die M\u00fcnchner den Meistertitel im finalen Showdown im M\u00fcnchner <a href=\"https:\/\/www.t-online.de\/themen\/sap\/\" class=\"transition-colors cursor-pointer no-underline md:hover:text-magenta md:focus:text-magenta border-b border-solid border-current text-salemsfur md:hover:border-magenta\" data-tracking=\"{&quot;action&quot;:&quot;click&quot;,&quot;category&quot;:&quot;intextLink&quot;,&quot;label&quot;:&quot;\/themen\/sap\/&quot;}\" data-sctrack=\"BodyAnchor\" rel=\"nofollow noopener\" target=\"_blank\">SAP<\/a> Garden aber doch noch.<\/p>\n<p><a href=\"#focus-1\" class=\"transition-colors block text-current relative\" data-sctrack=\"FocusGalleryImage.Reference\"><img   loading=\"lazy\" src=\"https:\/\/www.europesays.com\/de\/wp-content\/uploads\/2026\/06\/uebergluecklich-die-spieler-von-alba-berlin-jubeln.jpg\" alt=\"\u00dcbergl\u00fccklich: Die Spieler von Alba Berlin jubeln.\" title=\"\u00dcbergl\u00fccklich: Die Spieler von Alba Berlin jubeln.\" width=\"5303\" height=\"2983\" class=\"h-full w-full max-w-full rounded-8\" decoding=\"async\"\/><img loading=\"lazy\" src=\"https:\/\/www.t-online.de\/s\/paper\/_next\/static\/media\/zoom-in.f7dae02f.svg\" alt=\"Vergr\u00f6\u00dfern des Bildes\" title=\"Vergr\u00f6\u00dfern des Bildes\" class=\"block h-[calc(var(--height)_\/_16_*_1rem)] w-[calc(var(--width)_\/_16_*_1rem)] max-w-none absolute right-8 bottom-8 rounded-4 bg-snow p-8\" style=\"--width:32;--height:32\" decoding=\"async\"\/>\u00dcbergl\u00fccklich: Die Spieler von Alba Berlin jubeln. (Quelle: IMAGO\/Frank Hoermann \/ SVEN SIMON\/imago-images-bilder)<\/a><\/p>\n<p class=\"text-18 leading-17 user-text-lg:text-22 user-text-xl:text-24\">Damit endet die Saison f\u00fcr die Bayern-Basketballer komplett titellos und damit endg\u00fcltig in einem Debakel. Den Titel im BBL-Pokal hatten sie im Fr\u00fchjahr nach einem krachenden Halbfinalaus ebenfalls in eigener Halle vergeben. Und auch die Euroleague-Saison, in der die Playoffs deutlich verpasst wurden, konnte der FCBB seine hohen internationalen Anspr\u00fcche nicht erf\u00fcllen.<\/p>\n<p>Die Bayern hatten schon 20 Punkte Vorsprung<\/p>\n<p class=\"text-18 leading-17 user-text-lg:text-22 user-text-xl:text-24\">Die Bayern f\u00fchrten zur Halbzeitpause eigentlich bereits mit 20 Punkten Vorsprung 47:27. Nach einem guten Start der Berliner ins dritte Viertel kippte die Partie dann aber komplett. Im Schlussviertel \u00fcbernahm Alba knapp f\u00fcnf Minuten vor dem Ende dann erstmals wieder die F\u00fchrung (72:70) und baute die direkt auf f\u00fcnf Z\u00e4hler aus (75:70.). In den Schlusssekunden entwickelte sich ein echter Basketballkrimi \u2013 mit dem besseren Ende f\u00fcr Berlin.<\/p>\n<p class=\"text-18 leading-17 user-text-lg:text-22 user-text-xl:text-24\">Bayern-Pr\u00e4sident Herbert Hainer und dessen Vorg\u00e4nger <a href=\"https:\/\/www.t-online.de\/themen\/uli-hoeness\/\" class=\"transition-colors cursor-pointer no-underline md:hover:text-magenta md:focus:text-magenta border-b border-solid border-current text-salemsfur md:hover:border-magenta\" data-tracking=\"{&quot;action&quot;:&quot;click&quot;,&quot;category&quot;:&quot;intextLink&quot;,&quot;label&quot;:&quot;\/themen\/uli-hoeness\/&quot;}\" data-sctrack=\"BodyAnchor\" rel=\"nofollow noopener\" target=\"_blank\">Uli Hoene\u00df<\/a> verfolgten das Drama in erster Reihe direkt am Spielfeldrand. Topscorer war mit 24 Punkten einmal mehr der \u00fcberragende Kapit\u00e4n, Welt- und Europameister Andreas Obst. Es half nichts. Mit ihm wollen die Bayern in der kommenden Saison in allen Wettbewerben aber wieder neu angreifen. Mit dem ehemaligen Meisterkapit\u00e4n Anton Gavel soll daf\u00fcr auch ein neuer Chefcoach von Bamberg nach M\u00fcnchen wechseln. Er soll den 76 Jahre alten Svetislav Pesic abl\u00f6sen, der sich ohne den Meistertitel nun wieder in seinen Ruhestand verabschiedet. Daf\u00fcr gilt es allerdings zun\u00e4chst noch eine L\u00f6sung im <a href=\"https:\/\/www.t-online.de\/sport\/mehr-sport\/basketball\/id_101302812\/anton-gavel-bambergs-maezen-erhebt-schwere-vorwuerfe-gegen-trainer.html\" class=\"transition-colors cursor-pointer no-underline md:hover:text-magenta md:focus:text-magenta border-b border-solid border-current text-salemsfur md:hover:border-magenta\" data-tracking=\"{&quot;action&quot;:&quot;click&quot;,&quot;category&quot;:&quot;intextLink&quot;,&quot;label&quot;:&quot;\/sport\/mehr-sport\/basketball\/id_101302812\/anton-gavel-bambergs-maezen-erhebt-schwere-vorwuerfe-gegen-trainer.html&quot;}\" data-sctrack=\"BodyAnchor\" rel=\"nofollow noopener\" target=\"_blank\">Zoff um eine m\u00f6gliche Abl\u00f6sesumme f\u00fcr Gavel<\/a> zu finden.<\/p>\n","protected":false},"excerpt":{"rendered":"Showdown um den Titel Drama in M\u00fcnchen: Bayern verspielt Meisterschaft Aktualisiert am 21.06.2026 &#8211; 19:00 UhrLesedauer: 2 Min.&hellip;\n","protected":false},"author":2,"featured_media":1111782,"comment_status":"","ping_status":"","sticky":false,"template":"","format":"standard","meta":{"footnotes":"","_share_on_mastodon":"0"},"categories":[1825],"tags":[1941,1939,2471,772,2696,2472,296,1937,29,458,24452,30,145550,235178,18826,24144,1268,1940,1938,867,63225,59702],"class_list":["post-1111781","post","type-post","status-publish","format-standard","has-post-thumbnail","category-berlin","tag-aktuelle-nachrichten-aus-berlin","tag-aktuelle-news-aus-berlin","tag-alba-berlin","tag-bayern","tag-bb","tag-bbl","tag-berlin","tag-berlin-news","tag-deutschland","tag-fc-bayern-muenchen","tag-finalserie","tag-germany","tag-julian-buhl","tag-meisterplayoff","tag-meisterschaft","tag-meistertitel","tag-muenchen","tag-nachrichten-aus-berlin","tag-news-aus-berlin","tag-obst","tag-sap-garden","tag-showdown"],"share_on_mastodon":{"url":"https:\/\/pubeurope.com\/@de\/116790115717508493","error":""},"_links":{"self":[{"href":"https:\/\/www.europesays.com\/de\/wp-json\/wp\/v2\/posts\/1111781","targetHints":{"allow":["GET"]}}],"collection":[{"href":"https:\/\/www.europesays.com\/de\/wp-json\/wp\/v2\/posts"}],"about":[{"href":"https:\/\/www.europesays.com\/de\/wp-json\/wp\/v2\/types\/post"}],"author":[{"embeddable":true,"href":"https:\/\/www.europesays.com\/de\/wp-json\/wp\/v2\/users\/2"}],"replies":[{"embeddable":true,"href":"https:\/\/www.europesays.com\/de\/wp-json\/wp\/v2\/comments?post=1111781"}],"version-history":[{"count":0,"href":"https:\/\/www.europesays.com\/de\/wp-json\/wp\/v2\/posts\/1111781\/revisions"}],"wp:featuredmedia":[{"embeddable":true,"href":"https:\/\/www.europesays.com\/de\/wp-json\/wp\/v2\/media\/1111782"}],"wp:attachment":[{"href":"https:\/\/www.europesays.com\/de\/wp-json\/wp\/v2\/media?parent=1111781"}],"wp:term":[{"taxonomy":"category","embeddable":true,"href":"https:\/\/www.europesays.com\/de\/wp-json\/wp\/v2\/categories?post=1111781"},{"taxonomy":"post_tag","embeddable":true,"href":"https:\/\/www.europesays.com\/de\/wp-json\/wp\/v2\/tags?post=1111781"}],"curies":[{"name":"wp","href":"https:\/\/api.w.org\/{rel}","templated":true}]}}