{"id":1111810,"date":"2026-06-21T21:17:16","date_gmt":"2026-06-21T21:17:16","guid":{"rendered":"https:\/\/www.europesays.com\/de\/1111810\/"},"modified":"2026-06-21T21:17:16","modified_gmt":"2026-06-21T21:17:16","slug":"verhandlungen-in-der-schweiz-drohungen-erschweren-erste-gespraeche-zwischen-usa-und-iran","status":"publish","type":"post","link":"https:\/\/www.europesays.com\/de\/1111810\/","title":{"rendered":"Verhandlungen in der Schweiz: Drohungen erschweren erste Gespr\u00e4che zwischen USA und Iran"},"content":{"rendered":"<p class=\"paragraph article__item\">Neue Drohungen von US-Pr\u00e4sident <a href=\"https:\/\/www.zeit.de\/thema\/donald-trump\" target=\"_blank\" rel=\"nofollow noopener\">Donald Trump<\/a> haben die ersten Gespr\u00e4che zwischen dem <a class=\"rtr-entity\" href=\"https:\/\/www.zeit.de\/thema\/iran\" rel=\"nofollow noopener\" target=\"_blank\">Iran<\/a> und den USA \u00fcber ein Kriegsende gepr\u00e4gt. Auf seiner Plattform drohte Trump dem Iran w\u00e4hrend dem Treffen. Der Iran m\u00fcsse die Hisbollah-Miliz im Libanon davon abhalten, Unruhe zu sch\u00fcren. \u00bbAndernfalls werden wir \u2060den Iran wieder sehr hart angreifen, so wie letzte Woche, nur h\u00e4rter\u00ab, schrieb Trump. Dem Sender Fox News sagte Trump, er habe dem Iran wegen der Stra\u00dfe von Hormus eine dringende Warnung \u00fcbermittelt. \u00bbWenn ihr sie schlie\u00dft, habt<br \/>\nihr kein Land mehr\u00ab, sagte Trump laut Fox News. \u00bbIhr werdet nicht<br \/>\n einmal mehr in euer verdammtes Land zur\u00fcckkehren k\u00f6nnen\u00ab, sagte Trump demnach weiter.\n<\/p>\n<p class=\"paragraph article__item\">Die iranischen Unterh\u00e4ndler verlie\u00dfen laut der staatlichen Nachrichtenagentur Irna nach Trumps Drohung das Schweizer Hotel, in dem die Gespr\u00e4che stattfanden. Die Drohung Trumps sei als \u00bbbeleidigend\u00ab aufgefasst worden. Die<br \/>\nunter Vermittlung <a href=\"https:\/\/www.zeit.de\/thema\/pakistan\" target=\"_blank\" rel=\"nofollow noopener\">Pakistans<\/a> und Katars gef\u00fchrten Gespr\u00e4che seien \u00bbnach<br \/>\n80 Minuten Gespr\u00e4ch und einer Unterbrechung infolge der Ver\u00f6ffentlichung<br \/>\n einer beleidigenden Nachricht des US-Pr\u00e4sidenten in eine schwierige<br \/>\nPhase eingetreten\u00ab, hie\u00df es. Das iranische Fernsehen berichtete, \u200bder Iran habe bei den <a class=\"rtr-entity\" href=\"https:\/\/www.zeit.de\/thema\/usa\" rel=\"nofollow noopener\" target=\"_blank\">USA<\/a> wegen der Drohungen protestiert und pr\u00fcfe nun seine n\u00e4chsten Schritte.\n<\/p>\n<p class=\"paragraph article__item\">Zuvor hatte US-Vizepr\u00e4sident <a href=\"https:\/\/www.zeit.de\/thema\/james-david-vance\" target=\"_blank\" rel=\"nofollow noopener\">JD Vance<\/a> am Verhandlungsort auf dem<br \/>\nSchweizer B\u00fcrgenstock gesagt, man habe \u00bbgro\u00dfe Fortschritte erzielt\u00ab und<br \/>\nTrump wolle ein \u00bbneues Kapitel\u00ab in den gegenseitigen Beziehungen<br \/>\naufschlagen. Vance sagte zudem, \u200bman sehe jetzt \u00bbeine<br \/>\ngemeinsame Zukunft, in der alle zusammenarbeiten k\u00f6nnen, um<br \/>\nFrieden und Wohlstand zu f\u00f6rdern\u00ab.\n<\/p>\n<p>            Israel hebt Einschr\u00e4nkungen im Libanon auf            <\/p>\n<p class=\"paragraph article__item\">Die Gespr\u00e4che auf dem<br \/>\nB\u00fcrgenstock in der Schweiz folgen auf die vor<br \/>\neiner Woche vereinbarte Absichtserkl\u00e4rung zwischen dem Iran und den USA. Diese sieht unter<br \/>\nanderem die Wiederer\u00f6ffnung der Stra\u00dfe von Hormus sowie die Einstellung<br \/>\naller Feindseligkeiten vor, auch die zwischen Israel und der Hisbollah-Miliz im <a class=\"rtr-entity\" href=\"https:\/\/www.zeit.de\/thema\/libanon\" rel=\"nofollow noopener\" target=\"_blank\">Libanon<\/a>.\n<\/p>\n<p>                            \u00a9\u00a0Lea Dohle<\/p>\n<p>\n                                        Newsletter<br \/>\n                                        Was jetzt? \u2013 Der t\u00e4gliche Morgen\u00fcberblick<\/p>\n<p class=\"newsletter-signup__text\">Starten Sie mit unserem kurzen Nachrichten-Newsletter in den Tag. Erhalten Sie zudem freitags das digitale Magazin ZEIT am Wochenende.<\/p>\n<p class=\"newsletter-signup__datapolicy\" hidden=\"\">\n            Mit Ihrer Registrierung nehmen Sie die <a href=\"https:\/\/datenschutz.zeit.de\/zon#Newsletter\" target=\"_blank\" rel=\"nofollow noopener\">Datenschutzerkl\u00e4rung<\/a> zur Kenntnis.\n        <\/p>\n<p>    Vielen Dank! Wir haben Ihnen eine E-Mail geschickt.<\/p>\n<p>Pr\u00fcfen Sie Ihr Postfach und best\u00e4tigen Sie das Newsletter-Abonnement.<\/p>\n<p class=\"paragraph article__item\">Der Iran hatte am Wochenende verk\u00fcndet, wegen erneuter<br \/>\nisraelischer Angriffe im Libanon die <a href=\"https:\/\/www.zeit.de\/politik\/2026-06\/iranisches-militaerkommando-verkuendet-schliessung-der-strasse-von-hormus\" target=\"_blank\" rel=\"nofollow noopener\">Stra\u00dfe von Hormus \u200cwieder<br \/>\n\u2060geschlossen<\/a> zu haben. Die US-Regierung widersprach dieser Aussage. In<br \/>\nden vergangenen 24 Stunden h\u00e4tten 67 Schiffe die Meerenge passiert,<br \/>\nsagte Energieminister Chris Wright dem Sender Fox News. Trump hatte zuvor auch erw\u00e4gt, <a href=\"https:\/\/www.zeit.de\/politik\/ausland\/2026-06\/donald-trump-maut-strasse-von-hormus-friedensverhandlungen-iran-gxe\" target=\"_blank\" rel=\"nofollow noopener\">Mautgeb\u00fchren f\u00fcr die Stra\u00dfe von Hormus<\/a> einzuf\u00fchren.\n<\/p>\n<p class=\"paragraph article__item\">Zeitgleich k\u00fcndigte <a href=\"https:\/\/www.zeit.de\/thema\/israel\" target=\"_blank\" rel=\"nofollow noopener\">Israel<\/a> an, alle Einschr\u00e4nkungen im Nordlibanon aufzuheben, die wegen des Konflikts mit der Hisbollah-Miliz eingef\u00fchrt worden waren. Ab Montag fr\u00fch w\u00fcrden \u00bballe Beschr\u00e4nkungen im Gebiet der Konfrontationslinie aufgehoben\u00ab, teilte die israelische Armee mit. Es gelte wieder \u00bbuneingeschr\u00e4nkte Aktivit\u00e4t ohne jegliche Einschr\u00e4nkungen\u00ab. Die Anpassung der Vorschriften f\u00fcr die Bev\u00f6lkerung sei nach einer Lagebeurteilung beschlossen worden.\n<\/p>\n<p>Mehr zum Thema<\/p>\n<p>            Rahmenabkommen        <\/p>\n<p>                <a href=\"https:\/\/www.zeit.de\/politik\/ausland\/2026-06\/rahmenabkommen-irankrieg-usa-iran-einigung-was-bekannt-ist-faq\" data-ct-label=\"Rahmenabkommen im Irankrieg: Was \u00fcber die Einigung zwischen den USA und dem Iran bekannt ist\" data-uuid=\"1e2bd85e-fe43-443b-bea7-2e7ff32d4854\" rel=\"nofollow noopener\" target=\"_blank\"><\/p>\n<p>                        Rahmenabkommen im Irankrieg:<br \/>\n                        Was \u00fcber die Einigung zwischen den USA und dem Iran bekannt ist<\/p>\n<p>                <\/a><\/p>\n<p>                <a href=\"https:\/\/www.zeit.de\/politik\/ausland\/2026-06\/iran-abkommen-usa-memorandum-of-understanding-krieg\" data-ct-label=\"Abkommen zwischen Iran und USA: Zeile f\u00fcr Zeile ein schwieriger Deal\" data-uuid=\"6f0b5358-3226-4370-8182-7412fc064ac3\" rel=\"nofollow noopener\" target=\"_blank\"><\/p>\n<p>        Z+ (abopflichtiger Inhalt);<\/p>\n<p>    Abkommen zwischen Iran und USA:<br \/>\n                        Zeile f\u00fcr Zeile ein schwieriger Deal<\/p>\n<p>                <\/a><\/p>\n<p>                <a href=\"https:\/\/www.zeit.de\/politik\/2026-06\/iran-abkommen-usa-wirtschaft-sanktionen-krieg\" data-ct-label=\"Iran-Abkommen: Dieses Abkommen birgt auch Hoffnung f\u00fcr die iranische Gesellschaft\" data-uuid=\"21f0b06e-bbc5-4207-baa8-be77bee987c3\" rel=\"nofollow noopener\" target=\"_blank\"><\/p>\n<p>        Z+ (abopflichtiger Inhalt);<\/p>\n<p>    Iran-Abkommen:<br \/>\n                        Dieses Abkommen birgt auch Hoffnung f\u00fcr die iranische Gesellschaft<\/p>\n<p>                <\/a><\/p>\n","protected":false},"excerpt":{"rendered":"Neue Drohungen von US-Pr\u00e4sident Donald Trump haben die ersten Gespr\u00e4che zwischen dem Iran und den USA \u00fcber ein&hellip;\n","protected":false},"author":2,"featured_media":1111811,"comment_status":"","ping_status":"","sticky":false,"template":"","format":"standard","meta":{"footnotes":"","_share_on_mastodon":"0"},"categories":[3],"tags":[221254,235056,106,1660,13,345,7296,14,15,16,12,25293,10,8,9,11,64,235179,103,104],"class_list":["post-1111810","post","type-post","status-publish","format-standard","has-post-thumbnail","category-welt","tag-artikelhuelle","tag-buergenstock","tag-donald-trump","tag-drohung","tag-headlines","tag-iran","tag-libanon","tag-nachrichten","tag-news","tag-politik","tag-schlagzeilen","tag-teaser","tag-top-news","tag-top-meldungen","tag-topmeldungen","tag-topnews","tag-usa","tag-verhandlungen-in-der-schweiz","tag-welt","tag-world"],"share_on_mastodon":{"url":"https:\/\/pubeurope.com\/@de\/116790181659957900","error":""},"_links":{"self":[{"href":"https:\/\/www.europesays.com\/de\/wp-json\/wp\/v2\/posts\/1111810","targetHints":{"allow":["GET"]}}],"collection":[{"href":"https:\/\/www.europesays.com\/de\/wp-json\/wp\/v2\/posts"}],"about":[{"href":"https:\/\/www.europesays.com\/de\/wp-json\/wp\/v2\/types\/post"}],"author":[{"embeddable":true,"href":"https:\/\/www.europesays.com\/de\/wp-json\/wp\/v2\/users\/2"}],"replies":[{"embeddable":true,"href":"https:\/\/www.europesays.com\/de\/wp-json\/wp\/v2\/comments?post=1111810"}],"version-history":[{"count":0,"href":"https:\/\/www.europesays.com\/de\/wp-json\/wp\/v2\/posts\/1111810\/revisions"}],"wp:featuredmedia":[{"embeddable":true,"href":"https:\/\/www.europesays.com\/de\/wp-json\/wp\/v2\/media\/1111811"}],"wp:attachment":[{"href":"https:\/\/www.europesays.com\/de\/wp-json\/wp\/v2\/media?parent=1111810"}],"wp:term":[{"taxonomy":"category","embeddable":true,"href":"https:\/\/www.europesays.com\/de\/wp-json\/wp\/v2\/categories?post=1111810"},{"taxonomy":"post_tag","embeddable":true,"href":"https:\/\/www.europesays.com\/de\/wp-json\/wp\/v2\/tags?post=1111810"}],"curies":[{"name":"wp","href":"https:\/\/api.w.org\/{rel}","templated":true}]}}