{"id":1111981,"date":"2026-06-21T23:00:54","date_gmt":"2026-06-21T23:00:54","guid":{"rendered":"https:\/\/www.europesays.com\/de\/1111981\/"},"modified":"2026-06-21T23:00:54","modified_gmt":"2026-06-21T23:00:54","slug":"kohlenmonoxid-feuerwehr-rettet-bewusstlose-person-nach-gasunfall-2","status":"publish","type":"post","link":"https:\/\/www.europesays.com\/de\/1111981\/","title":{"rendered":"Kohlenmonoxid: Feuerwehr rettet bewusstlose Person nach Gasunfall"},"content":{"rendered":"<p class=\"mb-6 text-xs-varying md:text-m lg:text-l font-serif group-[.font-sans]:font-sans \">\n    Die Feuerwehr hat in <a href=\"https:\/\/www.ka-news.de\/karlsruhe\" target=\"_self\" class=\"underline \" rel=\"nofollow noopener\">Karlsruhe<\/a> einen bewusstlosen Menschen aus einem Mehrfamilienhaus gerettet. In der Wohnung des Verletzten sei Kohlenmonoxid ausgetreten, teilte die Feuerwehr mit.\n  <\/p>\n<p class=\"mb-6 text-xs-varying md:text-m lg:text-l font-serif group-[.font-sans]:font-sans \">\n    Demnach brachten am Samstag zwei Trupps die Person unter Atemschutz aus der Wohnung und \u00fcbergaben sie an den Rettungsdienst. Mit Symptomen einer Kohlenmonoxidvergiftung wurde sie in eine Klinik eingeliefert.\n  <\/p>\n<p class=\"mb-6 text-xs-varying md:text-m lg:text-l font-serif group-[.font-sans]:font-sans \">\n    Die Einsatzkr\u00e4fte r\u00e4umten das Geb\u00e4ude und kontrollierten benachbarte Wohnungen. Weitere Bewohner mussten laut Feuerwehr nicht medizinisch behandelt werden. Zu Alter und Geschlecht der verletzten Person machte die Polizei vorerst keine Angaben.\n  <\/p>\n<p class=\"mb-6 text-xs-varying md:text-m lg:text-l font-serif group-[.font-sans]:font-sans \">\n    Grund f\u00fcr das Austreten von Kohlenmonoxid war eine Gastherme in der Wohnung, hie\u00df es von den Stadtwerken Karlsruhe. Die Anlage wurde au\u00dfer Betrieb genommen. Die Stadtwerke weisen darauf hin, dass bei den derzeit hohen Au\u00dfentemperaturen Abgase von Gasthermen schlechter abziehen k\u00f6nnen. Duschen oder Baden mit gr\u00f6\u00dferen Mengen Warmwasser sollte deshalb m\u00f6glichst in die k\u00fchleren Morgen- oder Abendstunden verlegt werden.\n  <\/p>\n","protected":false},"excerpt":{"rendered":"Die Feuerwehr hat in Karlsruhe einen bewusstlosen Menschen aus einem Mehrfamilienhaus gerettet. In der Wohnung des Verletzten sei&hellip;\n","protected":false},"author":2,"featured_media":1111695,"comment_status":"","ping_status":"","sticky":false,"template":"","format":"standard","meta":{"footnotes":"","_share_on_mastodon":"0"},"categories":[1844],"tags":[1634,3364,29,985,92181,135864,30,11607,8903,40563,121,6397,135708,5337],"class_list":["post-1111981","post","type-post","status-publish","format-standard","has-post-thumbnail","category-karlsruhe","tag-baden-wuerttemberg","tag-de","tag-deutschland","tag-feuerwehr","tag-gasanlage","tag-gasunfall","tag-germany","tag-hitze","tag-karlsruhe","tag-kohlenmonoxid","tag-polizei","tag-stadtwerke","tag-stadtwerke-karlsruhe","tag-wohnungen"],"share_on_mastodon":{"url":"https:\/\/pubeurope.com\/@de\/116790590534551847","error":""},"_links":{"self":[{"href":"https:\/\/www.europesays.com\/de\/wp-json\/wp\/v2\/posts\/1111981","targetHints":{"allow":["GET"]}}],"collection":[{"href":"https:\/\/www.europesays.com\/de\/wp-json\/wp\/v2\/posts"}],"about":[{"href":"https:\/\/www.europesays.com\/de\/wp-json\/wp\/v2\/types\/post"}],"author":[{"embeddable":true,"href":"https:\/\/www.europesays.com\/de\/wp-json\/wp\/v2\/users\/2"}],"replies":[{"embeddable":true,"href":"https:\/\/www.europesays.com\/de\/wp-json\/wp\/v2\/comments?post=1111981"}],"version-history":[{"count":0,"href":"https:\/\/www.europesays.com\/de\/wp-json\/wp\/v2\/posts\/1111981\/revisions"}],"wp:featuredmedia":[{"embeddable":true,"href":"https:\/\/www.europesays.com\/de\/wp-json\/wp\/v2\/media\/1111695"}],"wp:attachment":[{"href":"https:\/\/www.europesays.com\/de\/wp-json\/wp\/v2\/media?parent=1111981"}],"wp:term":[{"taxonomy":"category","embeddable":true,"href":"https:\/\/www.europesays.com\/de\/wp-json\/wp\/v2\/categories?post=1111981"},{"taxonomy":"post_tag","embeddable":true,"href":"https:\/\/www.europesays.com\/de\/wp-json\/wp\/v2\/tags?post=1111981"}],"curies":[{"name":"wp","href":"https:\/\/api.w.org\/{rel}","templated":true}]}}