{"id":111221,"date":"2025-05-15T00:20:11","date_gmt":"2025-05-15T00:20:11","guid":{"rendered":"https:\/\/www.europesays.com\/de\/111221\/"},"modified":"2025-05-15T00:20:11","modified_gmt":"2025-05-15T00:20:11","slug":"filmstar-statt-finanzminister-bayaz-wird-zum-schauspieler-suedwest","status":"publish","type":"post","link":"https:\/\/www.europesays.com\/de\/111221\/","title":{"rendered":"Filmstar statt Finanzminister? Bayaz wird zum Schauspieler &#8211; S\u00fcdwest"},"content":{"rendered":"<p class=\"article-site__ressore | pb-400\">Baden-W\u00fcrttemberg<\/p>\n<p class=\"article-site__topic article-site-plr | mb-1000\">\n<p>\t\t\t<strong><br \/>\n\t\t\t\t\t\t\t\t\t\t\t\t\tBaden-W\u00fcrttembergs Finanzminister Danyal Bayaz ist bekennender Filmfan. Sein Lieblingsstreifen: &#8222;Der Pate&#8220;. Nun schnuppert er selbst in das Metier hinein &#8211; in einer \u00fcberraschenden Rolle.<br \/>\n\t\t\t\t\t\t\t<\/strong><br \/>\n\t\t\t\u00a0<\/p>\n<p>        Wir ben\u00f6tigen Ihre Zustimmung um BotTalk anzuzeigen<\/p>\n<p class=\"mb-400\">Unter Umst\u00e4nden sammelt BotTalk personenbezogene Daten f\u00fcr eigene Zwecke und verarbeitet diese in einem Land mit nach EU-Standards nicht ausreichenden Datenschutzniveau.<\/p>\n<p class=\"mb-900\">Durch Klick auf &#8222;Akzeptieren&#8220; geben Sie Ihre Einwilligung f\u00fcr die Daten\u00fcbermittlung, die Sie jederzeit \u00fcber Cookie-Einstellungen widerrufen k\u00f6nnen.<\/p>\n<p>        <a data-cmp-servicename=\"BotTalk\" href=\"#\" class=\"cmpButtonAccept btn | bg-primary-400 fc-neutral-100\">Akzeptieren<\/a><br \/>\n        <a href=\"#\" onclick=\"UC_UI.showSecondLayer(); return false;\" class=\"fs-300\">Mehr Informationen<\/a><\/p>\n<p>\t\t\t\t\t\t\t\t\t\t<img decoding=\"async\"  src=\"https:\/\/www.europesays.com\/de\/wp-content\/uploads\/2025\/05\/433291337-w-640.jpg\" title=\"Bekennender Hip-Hop-Fan: Daniel Bayaz  | Foto: Marijan Murat (dpa)\" alt=\"Bekennender Hip-Hop-Fan: Daniel Bayaz  | Foto: Marijan Murat (dpa)\" aria-labelledby=\"imgLabel1\" width=\"980\" height=\"653\" fetchpriority=\"high\" class=\"artImg artImg-as32\"\/><\/p>\n<p>\t\t\t\t\t\t\t\t\t\t\t\tBekennender Hip-Hop-Fan: Daniel Bayaz\t\t\t\t\t\t\t\t\t\t\t\tFoto: Marijan\u00a0Murat\u00a0(dpa)\t\t\t\t\t\t\t\t\t\t\t<\/p>\n<p>Markus S\u00f6der (CSU) hat sich in einer bayerischen Seifenoper selbst gespielt, Armin Laschet (CDU) ist bereits im &#8222;Tatort&#8220; aufgetreten, Gerhard Schr\u00f6der (SPD) in der &#8222;Lindenstra\u00dfe&#8220; und Frank-Walter Steinmeier (SPD) hat es sogar in den &#8222;Stromberg&#8220;-Film geschafft. \u00dcber Parteigrenzen hinweg haben sich Politiker schon in Gastrollen in Film und Fernsehen ausprobiert. Nun steht Landesfinanzminister Danyal Bayaz (Gr\u00fcne) vor einem kleinen Auftritt.<\/p>\n<p>Denn: Der 41-j\u00e4hrige Minister stammt aus Heidelberg und ist bekennender Hip-Hop-Fan &#8211; zwei Eigenschaften, die den Regisseur Sedat Aslan dazu brachten, den Politiker anzurufen. &#8222;Er hat mich aus heiterem Himmel kontaktiert&#8220;, erz\u00e4hlt Bayaz. Aslan dreht gerade seinen neuen Spielfilm &#8222;Nichtsnutze&#8220; &#8211; eine vom SWR mitproduzierte und vom Land gef\u00f6rderte Kinokom\u00f6die \u00fcber ein turbulentes Wochenende dreier Freunde. Es geht darin um Heidelberg und Hip-Hop. Da habe Aslan etwas Unterst\u00fctzung bei der Recherche gewollt, so Bayaz. Bei dem Gespr\u00e4ch sei die Idee eines kurzen Gastauftritts des Ministers entstanden.<\/p>\n<p class=\"ngZwiti\">Mittelm\u00e4\u00dfiges Talent<\/p>\n<p>Bayaz sagt, er wisse noch gar nicht genau, was er machen m\u00fcsse in der Szene. Er sei noch nie an einem Filmset gewesen, auch wenn er einst die Theater-AG an seiner Schule besucht habe. Sein schauspielerisches Talent sch\u00e4tzt er selbst als mittelm\u00e4\u00dfig ein. &#8222;Ich habe gesagt: Gebt mir eine Rolle, die authentisch ist und die m\u00f6glichst wenig Text hat, dann kann ich nichts vermasseln.&#8220; Er sei nicht gut darin, Leuten etwas vorzumachen &#8211; Bayaz weist auch den Stammtisch-Vorwurf von sich, dass alle Politiker Schauspieler seien.<\/p>\n<p>Der Minister, der sonst den Haushalt aufstellt und mit Milliarden jongliert, spielt sich jedenfalls nicht selbst &#8211; er hat erfahren, dass er in die Rolle eines Polizeibeamten schl\u00fcpfen darf. Bayaz freut sich auf die Erfahrung. &#8222;Die Uniform werde ich mit viel Respekt und Demut tragen&#8220;, sagt er. &#8222;Ich hoffe, ich bin der Good Cop.&#8220;<\/p>\n<p>\t\t\t\t\t\t\t\t\t\t<strong>Schlagworte:<\/strong>\u00a0<a href=\"https:\/\/www.badische-zeitung.de\/person\/Danyal+Bayaz\" title=\"Danyal Bayaz\" style=\"white-space: nowrap;\" itemscope=\"\" itemtype=\"https:\/\/schema.org\/Person\" target=\"_blank\" rel=\"noopener\">Danyal Bayaz<\/a>, <a href=\"https:\/\/www.badische-zeitung.de\/person\/Sedat+Aslan\" title=\"Sedat Aslan\" style=\"white-space: nowrap;\" itemscope=\"\" itemtype=\"https:\/\/schema.org\/Person\" target=\"_blank\" rel=\"noopener\">Sedat Aslan<\/a>, <a href=\"https:\/\/www.badische-zeitung.de\/person\/Mittelm%C3%A4%C3%9Figes+Talent+Bayaz\" title=\"Mittelm\u00e4\u00dfiges Talent Bayaz\" style=\"white-space: nowrap;\" itemscope=\"\" itemtype=\"https:\/\/schema.org\/Person\" target=\"_blank\" rel=\"noopener\">Mittelm\u00e4\u00dfiges Talent Bayaz<\/a><\/p>\n","protected":false},"excerpt":{"rendered":"Baden-W\u00fcrttemberg Baden-W\u00fcrttembergs Finanzminister Danyal Bayaz ist bekennender Filmfan. Sein Lieblingsstreifen: &#8222;Der Pate&#8220;. Nun schnuppert er selbst in das&hellip;\n","protected":false},"author":2,"featured_media":111222,"comment_status":"","ping_status":"","sticky":false,"template":"","format":"standard","meta":{"footnotes":""},"categories":[1776],"tags":[5587,41020,1801,29,214,3240,33017,30,1802,935,43376,215],"class_list":{"0":"post-111221","1":"post","2":"type-post","3":"status-publish","4":"format-standard","5":"has-post-thumbnail","7":"category-prominente","8":"tag-baden","9":"tag-bayaz","10":"tag-celebrities","11":"tag-deutschland","12":"tag-entertainment","13":"tag-filmstar","14":"tag-finanzminister","15":"tag-germany","16":"tag-prominente","17":"tag-schauspieler","18":"tag-statt","19":"tag-unterhaltung"},"share_on_mastodon":{"url":"https:\/\/pubeurope.com\/@de\/114508989903593663","error":""},"_links":{"self":[{"href":"https:\/\/www.europesays.com\/de\/wp-json\/wp\/v2\/posts\/111221","targetHints":{"allow":["GET"]}}],"collection":[{"href":"https:\/\/www.europesays.com\/de\/wp-json\/wp\/v2\/posts"}],"about":[{"href":"https:\/\/www.europesays.com\/de\/wp-json\/wp\/v2\/types\/post"}],"author":[{"embeddable":true,"href":"https:\/\/www.europesays.com\/de\/wp-json\/wp\/v2\/users\/2"}],"replies":[{"embeddable":true,"href":"https:\/\/www.europesays.com\/de\/wp-json\/wp\/v2\/comments?post=111221"}],"version-history":[{"count":0,"href":"https:\/\/www.europesays.com\/de\/wp-json\/wp\/v2\/posts\/111221\/revisions"}],"wp:featuredmedia":[{"embeddable":true,"href":"https:\/\/www.europesays.com\/de\/wp-json\/wp\/v2\/media\/111222"}],"wp:attachment":[{"href":"https:\/\/www.europesays.com\/de\/wp-json\/wp\/v2\/media?parent=111221"}],"wp:term":[{"taxonomy":"category","embeddable":true,"href":"https:\/\/www.europesays.com\/de\/wp-json\/wp\/v2\/categories?post=111221"},{"taxonomy":"post_tag","embeddable":true,"href":"https:\/\/www.europesays.com\/de\/wp-json\/wp\/v2\/tags?post=111221"}],"curies":[{"name":"wp","href":"https:\/\/api.w.org\/{rel}","templated":true}]}}