{"id":1112213,"date":"2026-06-22T01:38:22","date_gmt":"2026-06-22T01:38:22","guid":{"rendered":"https:\/\/www.europesays.com\/de\/1112213\/"},"modified":"2026-06-22T01:38:22","modified_gmt":"2026-06-22T01:38:22","slug":"das-dutzend-ist-voll-alba-berlin-schockt-die-bayern-und-ist-deutscher-meister","status":"publish","type":"post","link":"https:\/\/www.europesays.com\/de\/1112213\/","title":{"rendered":"Das Dutzend ist voll: Alba Berlin schockt die Bayern und ist deutscher Meister"},"content":{"rendered":"<p>Das Dutzend ist vollAlba Berlin schockt die Bayern und ist deutscher Meister<\/p>\n<p>Artikel anh\u00f6ren (04:16 min)<\/p>\n<p>21.06.2026 | 18:42 Uhr <\/p>\n<p>Alba Berlin ist deutscher Basketball-Meister. Die Hauptst\u00e4dter gewinnen in der Finalserie das entscheidende f\u00fcnfte Spiel beim FC Bayern M\u00fcnchen dank einer irren Aufholjagd und sichern sich ihren zw\u00f6lften Bundesliga-Titel.<\/p>\n<p class=\"Typography_text-default__P3otY Typography_weight-normal__pqUbH StorylineParagraph_p__4mkZU\">Die Basketballer von Alba Berlin haben die Sensation geschafft und gegen Topfavorit Bayern M\u00fcnchen den Meistertitel gewonnen. Dank einer atemberaubenden Aufholjagd gewannen die Hauptst\u00e4dter Spiel f\u00fcnf der Finalserie ausw\u00e4rts beim Titelverteidiger mit 84:81 (27:47). Alba feierte nicht nur den zw\u00f6lften Meistertitel, sondern vermieste Bayerns Trainer-Veteran Svetislav Pesic in dessen letztem Spiel vor der Basketball-Rente auch noch den letzten Pokal. W\u00e4hrend f\u00fcr die M\u00fcnchner eine Saison zum Vergessen damit ohne Titel zu Ende geht, sind die &#8222;Albatrosse&#8220; um Jungstar Jack Kayil die gro\u00dfe \u00dcberraschung. Der 20-J\u00e4hrige steht wohl vor einer Zukunft in der NBA.<\/p>\n<p class=\"Typography_text-default__P3otY Typography_weight-normal__pqUbH StorylineParagraph_p__4mkZU\">20 Punkte lag Berlin zur Halbzeit zur\u00fcck, ehe die Aufholjagd losging. Angef\u00fchrt von den Pr\u00e4zisionssch\u00fctzen Jonas Mattisseck und Justin Bean (jeweils 18 Punkte) k\u00e4mpften sich die G\u00e4ste tats\u00e4chlich zum Happy End. Den Bayern reichten derweil 24 Punkte von Welt- und Europameister Andreas Obst nicht.\u00a0&#8222;Es ist superschwer, das in Worte zu fassen&#8220;, sagte Albas Jonas Mattisseck bei Dyn. &#8222;In so einem Spiel, zur Halbzeit mit 20 Punkten zur\u00fcckzuliegen und dann zur\u00fcckzukommen, das kann ich nicht beschreiben. Ich wei\u00df nicht, wie das funktioniert hat.&#8220;<\/p>\n<p>Bayern-Einbruch schon in Spiel Nummer vier<\/p>\n<p class=\"Typography_text-default__P3otY Typography_weight-normal__pqUbH StorylineParagraph_p__4mkZU\">Dass es \u00fcberhaupt zum Showdown kam, lag an einer kapitalen Schw\u00e4chephase der Bayern in Partie Nummer vier: Am Freitag f\u00fchrten die M\u00fcnchner in Berlin noch im dritten Viertel mit zehn Punkten, die erfolgreiche Titelverteidigung war nah. Dann aber kassierten die G\u00e4ste einen schier unglaublichen 2:26-Lauf von Alba und verloren am Ende mit 61:71. Nur einmal gelangen dem deutschen Branchen-Primus in der Saison so wenig Punkte &#8211; im Oktober ebenfalls in Berlin. <\/p>\n<p class=\"Typography_text-default__P3otY Typography_weight-normal__pqUbH StorylineParagraph_p__4mkZU\">Woran das lag, konnte Trainer Pesic nicht erkl\u00e4ren. &#8222;Ich habe bisher in meiner Zeit bei den Bayern noch nie diese Situation gehabt, dass wir unser Konzept verloren haben&#8220;, sagte er. &#8222;Wir haben komplett den Faden verloren&#8220;, schilderte Welt- und Europameister Justus Hollatz bei Dyn. &#8222;Wir haben uns zu sehr in die Spirale reinlaufen lassen und sind dann nicht mehr rausgekommen.&#8220; Alba witterte indes die Chance vom gro\u00dfen Coup. &#8222;Wir m\u00fcssen jetzt den Sack zumachen&#8220;, forderte Fl\u00fcgelspieler Michael Rataj. Wie man in Bayern feiert, das wissen die Berliner eigentlich: Ihre bis dato letzten drei Meisterschaften 2020, 2021 und 2022 gewannen die Hauptst\u00e4dter jeweils ausw\u00e4rts in M\u00fcnchen.<\/p>\n<p class=\"Typography_text-default__P3otY Typography_weight-normal__pqUbH StorylineParagraph_p__4mkZU\">Von gro\u00dfer Partylaune war bei den G\u00e4sten und den mitgereisten Fans vor der Pause nichts zu sp\u00fcren. Nach einem 20:25 im ersten Viertel erlebte Alba einen \u00e4hnlichen Einbruch wie zwei Tage zuvor die Bayern, ganze sieben Z\u00e4hler brachte das Team von Coach Pedro Calles im zweiten Abschnitt zustande. Das bestraften die Bayern und bauten ihre F\u00fchrung auf 20 Punkte aus. Dabei lie\u00dfen die Gastgeber etliche Chancen auf einen noch gr\u00f6\u00dferen Vorsprung liegen. <\/p>\n<p>Bayern haben Stress mit Bamberg wegen Coach Gavel<\/p>\n<p class=\"Typography_text-default__P3otY Typography_weight-normal__pqUbH StorylineParagraph_p__4mkZU\">M\u00fcnchens Pesic tigerte in seiner Coaching-Zone auf und ab, auch im letzten Spiel seiner langen Trainerkarriere war der Serbe mit voller Energie dabei. \u00dcber dessen Nachfolge war in dieser Woche ein heftiger Streit entbrannt: Die Bayern buhlen um Anton Gavel aus Bamberg, auch der fr\u00fchere M\u00fcnchner Profi will.<\/p>\n<p class=\"Typography_text-default__P3otY Typography_weight-normal__pqUbH StorylineParagraph_p__4mkZU\">Weil dem Vernehmen nach aber Bayern keine Abl\u00f6sesumme bezahlen m\u00f6chte, reichte der Trainer die K\u00fcndigung in Franken wegen eines Formfehlers bei seinem noch bis 2027 laufenden Kontrakt ein. Vereinsm\u00e4zen Michael Stoschek z\u00fcrnte und kritisierte Gavel sowie die Bayern hart. Bambergs Gesch\u00e4ftsf\u00fchrer Philipp H\u00f6hne pocht beschwichtigend auf &#8222;eine faire L\u00f6sung f\u00fcr alle Seiten&#8220;. <\/p>\n<p class=\"Typography_text-default__P3otY Typography_weight-normal__pqUbH StorylineParagraph_p__4mkZU\">Die Bayern schwiegen zuletzt zu dem Thema. In der Halbzeitpause von Spiel f\u00fcnf sagte Vereinspatron Uli Hoene\u00df dann bei Dyn, dass er zwar nicht involviert sei. Er klang aber entspannt. &#8222;Ich pers\u00f6nlich glaube, dass wir n\u00e4chstes Jahr den Anton Gavel hier als Trainer haben.&#8220;<\/p>\n<p class=\"Typography_text-default__P3otY Typography_weight-normal__pqUbH StorylineParagraph_p__4mkZU\">Diese Entspannung wich, als Bayern wie schon in Spiel vier pl\u00f6tzlich gar nichts mehr gelang und die Berliner Punkt um Punkt aufholten. Sieben Minuten vor Schluss ging Alba dann sogar in F\u00fchrung (67:66). Es kam zur Zitterpartie im Finish &#8211; mit dem besseren Ende f\u00fcr Berlin.<\/p>\n<p>Verwendete Quellen: ntv.de, mar\/dpa<\/p>\n","protected":false},"excerpt":{"rendered":"Das Dutzend ist vollAlba Berlin schockt die Bayern und ist deutscher Meister Artikel anh\u00f6ren (04:16 min) 21.06.2026 |&hellip;\n","protected":false},"author":2,"featured_media":1112214,"comment_status":"","ping_status":"","sticky":false,"template":"","format":"standard","meta":{"footnotes":"","_share_on_mastodon":"0"},"categories":[1825],"tags":[2471,2493,2472,296,29,458,30],"class_list":["post-1112213","post","type-post","status-publish","format-standard","has-post-thumbnail","category-berlin","tag-alba-berlin","tag-basketball","tag-bbl","tag-berlin","tag-deutschland","tag-fc-bayern-muenchen","tag-germany"],"share_on_mastodon":{"url":"https:\/\/pubeurope.com\/@de\/116791207968732349","error":""},"_links":{"self":[{"href":"https:\/\/www.europesays.com\/de\/wp-json\/wp\/v2\/posts\/1112213","targetHints":{"allow":["GET"]}}],"collection":[{"href":"https:\/\/www.europesays.com\/de\/wp-json\/wp\/v2\/posts"}],"about":[{"href":"https:\/\/www.europesays.com\/de\/wp-json\/wp\/v2\/types\/post"}],"author":[{"embeddable":true,"href":"https:\/\/www.europesays.com\/de\/wp-json\/wp\/v2\/users\/2"}],"replies":[{"embeddable":true,"href":"https:\/\/www.europesays.com\/de\/wp-json\/wp\/v2\/comments?post=1112213"}],"version-history":[{"count":0,"href":"https:\/\/www.europesays.com\/de\/wp-json\/wp\/v2\/posts\/1112213\/revisions"}],"wp:featuredmedia":[{"embeddable":true,"href":"https:\/\/www.europesays.com\/de\/wp-json\/wp\/v2\/media\/1112214"}],"wp:attachment":[{"href":"https:\/\/www.europesays.com\/de\/wp-json\/wp\/v2\/media?parent=1112213"}],"wp:term":[{"taxonomy":"category","embeddable":true,"href":"https:\/\/www.europesays.com\/de\/wp-json\/wp\/v2\/categories?post=1112213"},{"taxonomy":"post_tag","embeddable":true,"href":"https:\/\/www.europesays.com\/de\/wp-json\/wp\/v2\/tags?post=1112213"}],"curies":[{"name":"wp","href":"https:\/\/api.w.org\/{rel}","templated":true}]}}