{"id":1112258,"date":"2026-06-22T02:06:33","date_gmt":"2026-06-22T02:06:33","guid":{"rendered":"https:\/\/www.europesays.com\/de\/1112258\/"},"modified":"2026-06-22T02:06:33","modified_gmt":"2026-06-22T02:06:33","slug":"neuer-bauabschnitt-entenfang-startet-alle-sperrungen-und-umleitungen-in-der-uebersicht","status":"publish","type":"post","link":"https:\/\/www.europesays.com\/de\/1112258\/","title":{"rendered":"Neuer Bauabschnitt Entenfang startet &#8211; alle Sperrungen und Umleitungen in der \u00dcbersicht"},"content":{"rendered":"<p class=\"mb-6 text-xs-varying md:text-m lg:text-l font-serif group-[.font-sans]:font-sans \">\n    Auf der <a href=\"https:\/\/www.ka-news.de\/karlsruhe\/verkehr\/baustellen-entenfang-fuehren-zu-sev-und-umleitungen-im-oepnv-karlsruhe-bis-sommer-13-5-26-113977670\" target=\"_self\" class=\"underline \" rel=\"nofollow noopener\">Gro\u00dfbaustelle am Entenfang<\/a> erneuern die <a href=\"https:\/\/www.ka-news.de\/region\/karlsruhe\/der-karlsruher-verkehrsverbund-kvv-alles-wichtige-auf-einen-blick-art-2834049\" target=\"_self\" class=\"underline \" rel=\"nofollow noopener\">Verkehrsbetriebe Karlsruhe<\/a> (VBK) seit dem Fr\u00fchjahr die Gleisanlagen. Am Sonntag, 21. Juni, beginnt die n\u00e4chste Bauphase.\u00a0<strong class=\"font-bold\">Die Arbeiten dauern voraussichtlich bis zum 30. Juli 2026.<\/strong>\n  <\/p>\n<p>            Umleitung auf den Linien S2, 3 und 5<\/p>\n<p class=\"mb-6 text-xs-varying md:text-m lg:text-l font-serif group-[.font-sans]:font-sans \">\n    Mit Beginn der neuen Bauphase gelten f\u00fcr die Stadtbahnlinie S2 sowie f\u00fcr die Tramlinien 3 und 5 neue Routen.\u00a0\n  <\/p>\n<ul rel=\"\" class=\"[&amp;&gt;li]:relative list-none  [&amp;&gt;li]:pl-[1.2em] [&amp;&gt;li]:marker:text-[0] [&amp;&gt;li]:relative [&amp;&gt;li]:before:absolute [&amp;&gt;li]:before:w-3 [&amp;&gt;li]:before:h-3 [&amp;&gt;li]:before:bg-brand [&amp;&gt;li]:before:left-0 [&amp;&gt;li]:before:top-[8px] [&amp;&gt;li]:before:rounded-full  my-5\">\n<li class=\" mb-3 text-xs md:text-m lg:text-l\">S2: Umleitung\u00a0ab Entenfang nach Knielingen Rheinbergstra\u00dfe. SEV auf dem Streckenabschnitt zur Rheinstrandsiedlung und nach Rheinstetten.<\/li>\n<li class=\" mb-3 text-xs md:text-m lg:text-l\">Linie 5: Weil der Streckenabschnitt \u00fcber den K\u00fchlen Krug wegen der Bauarbeiten gesperrt ist, f\u00e4hrt die\u00a0Linie 5\u00a0zwischen Weinbrennerplatz und Entenfang in beiden Richtungen eine Umleitung \u00fcber Schillerstra\u00dfe und Kaiserallee.<\/li>\n<li class=\" mb-3 text-xs md:text-m lg:text-l\">Linie 3:\u00a0Beginnt und endet bis 30. Juli bereits am Europaplatz. SEV der Linie 13 f\u00e4hrt ab Weinbrennerplatz zum K\u00fchlen Krug nach Daxlanden.<\/li>\n<li class=\" mb-3 text-xs md:text-m lg:text-l\">Rheinstandbad: Zus\u00e4tzliche Busse am Samstag- und Sonntagabend von Rappenw\u00f6rt zum Entenfang.\u00a0<\/li>\n<\/ul>\n<p>    <img decoding=\"async\" src=\"https:\/\/images.mgpd.de\/img\/114216124\/crop\/c16_9-w100\/1202099653\/563289462\/img5639-1.jpg\" alt=\"Dauerbaustelle am Entenfang am 12. Mai 2026. (Archivbild)\" title=\"Dauerbaustelle am Entenfang am 12. Mai 2026. (Archivbild)\" loading=\"lazy\" class=\"h-full w-full object-cover\"\/><\/p>\n<p>      Icon vergr\u00f6\u00dfern<\/p>\n<p>    Dauerbaustelle am Entenfang am 12. Mai 2026. (Archivbild)<br \/>\n    Foto: Thomas Riedel<\/p>\n<p>        Schlie\u00dfen <\/p>\n<p>      Icon Schlie\u00dfen<\/p>\n<p>        Icon vergr\u00f6\u00dfern<\/p>\n<p>        Icon verkleinern<\/p>\n<p>      Icon Pfeil bewegen<\/p>\n<p>    Dauerbaustelle am Entenfang am 12. Mai 2026. (Archivbild)<br \/>\n    Foto: Thomas Riedel<\/p>\n<p>            Was \u00e4ndert sich f\u00fcr Autofahrer?<\/p>\n<p class=\"mb-6 text-xs-varying md:text-m lg:text-l font-serif group-[.font-sans]:font-sans \">\n    Es gelten folgende \u00c4nderungen:\u00a0\n  <\/p>\n<ul rel=\"\" class=\"[&amp;&gt;li]:relative list-none  [&amp;&gt;li]:pl-[1.2em] [&amp;&gt;li]:marker:text-[0] [&amp;&gt;li]:relative [&amp;&gt;li]:before:absolute [&amp;&gt;li]:before:w-3 [&amp;&gt;li]:before:h-3 [&amp;&gt;li]:before:bg-brand [&amp;&gt;li]:before:left-0 [&amp;&gt;li]:before:top-[8px] [&amp;&gt;li]:before:rounded-full  my-5\">\n<li class=\" mb-3 text-xs md:text-m lg:text-l\">Von der Anschlussstelle 7\/M\u00fchlburg auf der S\u00fcdtangente ist nur die Rheinstra\u00dfe\u00a0in M\u00fchlburg erreichbar. Die Fahrtrichtungen geradeaus in die Lameystra\u00dfe Richtung Knielingen und links zur B 36 (Michelinstra\u00dfe) werden gesperrt.<\/li>\n<li class=\" mb-3 text-xs md:text-m lg:text-l\">Am Entenfang kann man Richtung S\u00fcden nur nach rechts in die Lameystra\u00dfe abbiegen. Die Durchfahrt zur B 36 (Michelinstra\u00dfe) ist gesperrt.<\/li>\n<li class=\" mb-3 text-xs md:text-m lg:text-l\">Umleitung von B36 von der Neureuter Stra\u00dfe kommend, in Fahrtrichtung S\u00fcden: \u00dcber die Honsellstra\u00dfe, Rheinhafenstra\u00dfe und Daxlander Stra\u00dfe. Von dort geht es zur\u00fcck zur B36\/Eckenerstra\u00dfe.<\/li>\n<li class=\" mb-3 text-xs md:text-m lg:text-l\">In Fahrtrichtung M\u00fchlburg ist die B 36 am Entenfang komplett gesperrt. Der Verkehr wird auf die S\u00fcdtangente in Fahrtrichtung K\u00fchler Krug geleitet. Da die S\u00fcdtangente\u00a0allerdings eine Schnellstra\u00dfe ist, m\u00fcssen hierf\u00fcr nicht zugelassene Fahrzeuge bereits an der Blohnstra\u00dfe die B 36 verlassen. Das Ziel M\u00fchlburg ist von der Blohnstra\u00dfe \u00fcber die Durmersheimer- und Zeppelinstra\u00dfe erreichbar.<\/li>\n<li class=\" mb-3 text-xs md:text-m lg:text-l\">Auf der Lameystra\u00dfe kann vom Rheinhafen kommend am Entenfang nur rechts auf die B 36 (Michelinstra\u00dfe) abgebogen werden.\u00a0Das Ziel M\u00fchlburg wird \u00fcber die Siemensallee\/Moltkestra\u00dfe, Bl\u00fccherstra\u00dfe und Kaiserallee ausgeschildert.<\/li>\n<\/ul>\n<p>    <img decoding=\"async\" src=\"https:\/\/images.mgpd.de\/img\/114216120\/crop\/c16_9-w100\/1431316035\/1774453002\/img5641-2.jpg\" alt=\"Dauerbaustelle am Entenfang am 12. Mai 2026. (Archivbild)\" title=\"Dauerbaustelle am Entenfang am 12. Mai 2026. (Archivbild)\" loading=\"lazy\" class=\"h-full w-full object-cover\"\/><\/p>\n<p>      Icon vergr\u00f6\u00dfern<\/p>\n<p>    Dauerbaustelle am Entenfang am 12. Mai 2026. (Archivbild)<br \/>\n    Foto: Thomas Riedel<\/p>\n<p>        Schlie\u00dfen <\/p>\n<p>      Icon Schlie\u00dfen<\/p>\n<p>        Icon vergr\u00f6\u00dfern<\/p>\n<p>        Icon verkleinern<\/p>\n<p>      Icon Pfeil bewegen<\/p>\n<p>    Dauerbaustelle am Entenfang am 12. Mai 2026. (Archivbild)<br \/>\n    Foto: Thomas Riedel<\/p>\n<p>            Was \u00e4ndert sich f\u00fcr Fu\u00dfg\u00e4nger und Radfahrer?<\/p>\n<p class=\"mb-6 text-xs-varying md:text-m lg:text-l font-serif group-[.font-sans]:font-sans \">\n    Der Fu\u00dfverkehr wird an den Baufeldern vorbeigef\u00fchrt. Kreuzungsnahe Stra\u00dfenquerungen stehen im Bereich der Abfahrt von der S\u00fcdtangente und auf der Michelinstra\u00dfe nicht zur Verf\u00fcgung. Die ge\u00e4nderten Wegef\u00fchrungen werden ausgeschildert.\n  <\/p>\n<p class=\"mb-6 text-xs-varying md:text-m lg:text-l font-serif group-[.font-sans]:font-sans \">\n    Der Radverkehr aus M\u00fchlburg Richtung Daxlanden wird an der Einm\u00fcndung zur \u201ekleinen\u201c Rheinstra\u00dfe nach Westen zur Hardtstra\u00dfe und weiter an die Lameystra\u00dfe umgeleitet. Eine Querung der Michelinstra\u00dfe ist nur durch die Unterf\u00fchrung von der Stra\u00dfe Am Entenfang aus m\u00f6glich.\u00a0\n  <\/p>\n","protected":false},"excerpt":{"rendered":"Auf der Gro\u00dfbaustelle am Entenfang erneuern die Verkehrsbetriebe Karlsruhe (VBK) seit dem Fr\u00fchjahr die Gleisanlagen. Am Sonntag, 21.&hellip;\n","protected":false},"author":2,"featured_media":1112259,"comment_status":"","ping_status":"","sticky":false,"template":"","format":"standard","meta":{"footnotes":"","_share_on_mastodon":"0"},"categories":[1844],"tags":[1634,26805,3364,29,190995,30,8903,235237,634,83797],"class_list":["post-1112258","post","type-post","status-publish","format-standard","has-post-thumbnail","category-karlsruhe","tag-baden-wuerttemberg","tag-bauabschnitt","tag-de","tag-deutschland","tag-entenfang","tag-germany","tag-karlsruhe","tag-michelinstrasse","tag-strassenverkehr","tag-vbk"],"share_on_mastodon":{"url":"https:\/\/pubeurope.com\/@de\/116791319511078691","error":""},"_links":{"self":[{"href":"https:\/\/www.europesays.com\/de\/wp-json\/wp\/v2\/posts\/1112258","targetHints":{"allow":["GET"]}}],"collection":[{"href":"https:\/\/www.europesays.com\/de\/wp-json\/wp\/v2\/posts"}],"about":[{"href":"https:\/\/www.europesays.com\/de\/wp-json\/wp\/v2\/types\/post"}],"author":[{"embeddable":true,"href":"https:\/\/www.europesays.com\/de\/wp-json\/wp\/v2\/users\/2"}],"replies":[{"embeddable":true,"href":"https:\/\/www.europesays.com\/de\/wp-json\/wp\/v2\/comments?post=1112258"}],"version-history":[{"count":0,"href":"https:\/\/www.europesays.com\/de\/wp-json\/wp\/v2\/posts\/1112258\/revisions"}],"wp:featuredmedia":[{"embeddable":true,"href":"https:\/\/www.europesays.com\/de\/wp-json\/wp\/v2\/media\/1112259"}],"wp:attachment":[{"href":"https:\/\/www.europesays.com\/de\/wp-json\/wp\/v2\/media?parent=1112258"}],"wp:term":[{"taxonomy":"category","embeddable":true,"href":"https:\/\/www.europesays.com\/de\/wp-json\/wp\/v2\/categories?post=1112258"},{"taxonomy":"post_tag","embeddable":true,"href":"https:\/\/www.europesays.com\/de\/wp-json\/wp\/v2\/tags?post=1112258"}],"curies":[{"name":"wp","href":"https:\/\/api.w.org\/{rel}","templated":true}]}}