{"id":1112278,"date":"2026-06-22T02:20:38","date_gmt":"2026-06-22T02:20:38","guid":{"rendered":"https:\/\/www.europesays.com\/de\/1112278\/"},"modified":"2026-06-22T02:20:38","modified_gmt":"2026-06-22T02:20:38","slug":"electric-callboy-erweitern-tour-fuer-grossbritannien-und-europa-bis-2027","status":"publish","type":"post","link":"https:\/\/www.europesays.com\/de\/1112278\/","title":{"rendered":"Electric Callboy erweitern Tour f\u00fcr Gro\u00dfbritannien und Europa bis 2027"},"content":{"rendered":"\n<p>Electric Callboy haben die Tour f\u00fcr Europa und Gro\u00dfbritannien bis Anfang 2027 im Rahmen der Ver\u00f6ffentlichung ihres kommenden Albums \u201eTANZNEID\u201c erweitert.<\/p>\n<p>Die neu angek\u00fcndigten Termine der deutschen Electronicore-Band finden im Anschluss an die Ver\u00f6ffentlichung des Albums am 7. August 2026 statt.<\/p>\n<p>21.01. Dublin, IE @ 3Arena<br \/>23.01. Manchester, UK @ Co-op Live<br \/>24.01. Nottingham, UK @ Motorpoint Arena<br \/>26.01. Bournemouth, UK @ Bournemouth International Centre<br \/>27.01. Cardiff, UK @ Utilita Arena Cardiff<br \/>29.01. Toulouse, FR @ Z\u00e9nith Toulouse M\u00e9tropole<br \/>30.01. Bordeaux, FR @ Ark\u00e9a Arena<br \/>31.01. Nantes, FR @ Z\u00e9nith Nantes M\u00e9tropole<\/p>\n<p>15.02. Paris, FR @ Accor Arena<br \/>16.02. Br\u00fcssel, BE @ Forest National<br \/>18.02. Hannover, DE @ ZAG Arena<br \/>20.02. Mannheim, DE @ SAP Arena<br \/>22.02. Mailand, IT @ Unipol Forum<br \/>24.02. Prag, CZ @ O2 Arena<br \/>27.02. Dortmund, DE @ Westfalenhalle<br \/>28.02. N\u00fcrnberg, DE @ PSD Bank N\u00fcrnberg Arena<br \/>02.03. Leipzig, DE @ Quarterback Immobilien Arena<\/p>\n<p> <img title=\"Electric Callboy 2027 | Mindbreed\" fetchpriority=\"high\" decoding=\"async\" class=\"size-full wp-image-112846 lazyload\" alt=\"Electric Callboy 2027\" width=\"1080\" height=\"1440\" src=\"https:\/\/www.europesays.com\/de\/wp-content\/uploads\/2026\/06\/Electric-Callboy-2027.jpg\"  data- data-eio-rwidth=\"1080\" data-eio-rheight=\"1440\"\/><\/p>\n<p>Electric Callboy 2027<br \/>\nWerbung <a href=\"https:\/\/www.awin1.com\/cread.php?s=2481785&amp;v=14172&amp;q=372908&amp;r=364513\" rel=\"nofollow noopener\" target=\"_blank\"> <img border=\"0\" src=\"https:\/\/www.europesays.com\/de\/wp-content\/uploads\/2026\/06\/1782094838_196_cshow.gif\" decoding=\"async\" class=\"lazyload\"\/><\/p>\n<p><\/a>  <\/p>\n","protected":false},"excerpt":{"rendered":"Electric Callboy haben die Tour f\u00fcr Europa und Gro\u00dfbritannien bis Anfang 2027 im Rahmen der Ver\u00f6ffentlichung ihres kommenden&hellip;\n","protected":false},"author":2,"featured_media":1112279,"comment_status":"","ping_status":"","sticky":false,"template":"","format":"standard","meta":{"footnotes":"","_share_on_mastodon":"0"},"categories":[3976],"tags":[331,332,31124,13,14,15,12,206415,3992,3993,3994,3995,3996,3997],"class_list":["post-1112278","post","type-post","status-publish","format-standard","has-post-thumbnail","category-vereinigtes-koenigreich","tag-aktuelle-nachrichten","tag-aktuelle-news","tag-electric-callboy","tag-headlines","tag-nachrichten","tag-news","tag-schlagzeilen","tag-tanzneid","tag-uk","tag-united-kingdom","tag-united-kingdom-of-great-britain-and-northern-ireland","tag-vereinigtes-koenigreich","tag-vereinigtes-koenigreich-grossbritannien-und-nordirland","tag-vereinigtes-koenigreich-von-grossbritannien-und-nordirland"],"share_on_mastodon":{"url":"https:\/\/pubeurope.com\/@de\/116791373237299349","error":""},"_links":{"self":[{"href":"https:\/\/www.europesays.com\/de\/wp-json\/wp\/v2\/posts\/1112278","targetHints":{"allow":["GET"]}}],"collection":[{"href":"https:\/\/www.europesays.com\/de\/wp-json\/wp\/v2\/posts"}],"about":[{"href":"https:\/\/www.europesays.com\/de\/wp-json\/wp\/v2\/types\/post"}],"author":[{"embeddable":true,"href":"https:\/\/www.europesays.com\/de\/wp-json\/wp\/v2\/users\/2"}],"replies":[{"embeddable":true,"href":"https:\/\/www.europesays.com\/de\/wp-json\/wp\/v2\/comments?post=1112278"}],"version-history":[{"count":0,"href":"https:\/\/www.europesays.com\/de\/wp-json\/wp\/v2\/posts\/1112278\/revisions"}],"wp:featuredmedia":[{"embeddable":true,"href":"https:\/\/www.europesays.com\/de\/wp-json\/wp\/v2\/media\/1112279"}],"wp:attachment":[{"href":"https:\/\/www.europesays.com\/de\/wp-json\/wp\/v2\/media?parent=1112278"}],"wp:term":[{"taxonomy":"category","embeddable":true,"href":"https:\/\/www.europesays.com\/de\/wp-json\/wp\/v2\/categories?post=1112278"},{"taxonomy":"post_tag","embeddable":true,"href":"https:\/\/www.europesays.com\/de\/wp-json\/wp\/v2\/tags?post=1112278"}],"curies":[{"name":"wp","href":"https:\/\/api.w.org\/{rel}","templated":true}]}}