{"id":1112354,"date":"2026-06-22T03:09:11","date_gmt":"2026-06-22T03:09:11","guid":{"rendered":"https:\/\/www.europesays.com\/de\/1112354\/"},"modified":"2026-06-22T03:09:11","modified_gmt":"2026-06-22T03:09:11","slug":"neue-zahlen-zum-verkehr-in-berlin-immer-weniger-autos-und-trotzdem-immer-mehr-stau","status":"publish","type":"post","link":"https:\/\/www.europesays.com\/de\/1112354\/","title":{"rendered":"Neue Zahlen zum Verkehr in Berlin: Immer weniger Autos \u2013 und trotzdem immer mehr Stau"},"content":{"rendered":"<p class=\"tspBMlx tspBMly\">Obwohl in Berlin immer weniger Auto gefahren wird, stehen Autofahrer immer l\u00e4nger im Stau. Das zeigen aktuelle Vergleichszahlen f\u00fcr die Jahre seit 2023. Demnach nahm die Gesamtl\u00e4nge der Staus von 2023 bis 2025 um 48 Prozent zu, n\u00e4mlich von 115.278 auf 170.405 Kilometer. F\u00fcr 2026 deuten die Zahlen f\u00fcr die ersten f\u00fcnf Monate eine geringf\u00fcgige Besserung an.<\/p>\n","protected":false},"excerpt":{"rendered":"Obwohl in Berlin immer weniger Auto gefahren wird, stehen Autofahrer immer l\u00e4nger im Stau. Das zeigen aktuelle Vergleichszahlen&hellip;\n","protected":false},"author":2,"featured_media":1112355,"comment_status":"","ping_status":"","sticky":false,"template":"","format":"standard","meta":{"footnotes":"","_share_on_mastodon":"0"},"categories":[1825],"tags":[599,17655,296,29,94201,30,216403,601,225220],"class_list":["post-1112354","post","type-post","status-publish","format-standard","has-post-thumbnail","category-berlin","tag-a100","tag-baustellen","tag-berlin","tag-deutschland","tag-fahrrad-und-verkehr-in-berlin","tag-germany","tag-urbane-zukunft","tag-verkehr","tag-verkehr-berlin"],"share_on_mastodon":{"url":"https:\/\/pubeurope.com\/@de\/116791565830028356","error":""},"_links":{"self":[{"href":"https:\/\/www.europesays.com\/de\/wp-json\/wp\/v2\/posts\/1112354","targetHints":{"allow":["GET"]}}],"collection":[{"href":"https:\/\/www.europesays.com\/de\/wp-json\/wp\/v2\/posts"}],"about":[{"href":"https:\/\/www.europesays.com\/de\/wp-json\/wp\/v2\/types\/post"}],"author":[{"embeddable":true,"href":"https:\/\/www.europesays.com\/de\/wp-json\/wp\/v2\/users\/2"}],"replies":[{"embeddable":true,"href":"https:\/\/www.europesays.com\/de\/wp-json\/wp\/v2\/comments?post=1112354"}],"version-history":[{"count":0,"href":"https:\/\/www.europesays.com\/de\/wp-json\/wp\/v2\/posts\/1112354\/revisions"}],"wp:featuredmedia":[{"embeddable":true,"href":"https:\/\/www.europesays.com\/de\/wp-json\/wp\/v2\/media\/1112355"}],"wp:attachment":[{"href":"https:\/\/www.europesays.com\/de\/wp-json\/wp\/v2\/media?parent=1112354"}],"wp:term":[{"taxonomy":"category","embeddable":true,"href":"https:\/\/www.europesays.com\/de\/wp-json\/wp\/v2\/categories?post=1112354"},{"taxonomy":"post_tag","embeddable":true,"href":"https:\/\/www.europesays.com\/de\/wp-json\/wp\/v2\/tags?post=1112354"}],"curies":[{"name":"wp","href":"https:\/\/api.w.org\/{rel}","templated":true}]}}