{"id":1112391,"date":"2026-06-22T03:31:14","date_gmt":"2026-06-22T03:31:14","guid":{"rendered":"https:\/\/www.europesays.com\/de\/1112391\/"},"modified":"2026-06-22T03:31:14","modified_gmt":"2026-06-22T03:31:14","slug":"bildung-in-willich-vorgezogenes-anmeldeverfahren-fuer-weiterfuehrende-schulen-auch-2027","status":"publish","type":"post","link":"https:\/\/www.europesays.com\/de\/1112391\/","title":{"rendered":"Bildung in Willich: Vorgezogenes Anmeldeverfahren f\u00fcr weiterf\u00fchrende Schulen auch 2027?"},"content":{"rendered":"<p class=\"text_ohne_einzug richtext text-em-55 !leading-serif mx-6 desktop:mx-0\"> Die Willicher Schulverwaltung soll f\u00fcr das Schuljahr 2027\/2028 doch wieder ein \u201evorgezogenes Anmeldeverfahren\u201c f\u00fcr die weiterf\u00fchrenden Schulen durchf\u00fchren \u2013 und eine entsprechende Genehmigung daf\u00fcr bei der Bezirksregierung D\u00fcsseldorf beantragen. Das hat der Ausschuss f\u00fcr Schule und <a href=\"https:\/\/rp-online.de\/thema\/bildung\/\" rel=\"nofollow noopener\" target=\"_blank\">Bildung<\/a> am Dienstag mit den Stimmen der CDU und auf Antrag der CDU beschlossen. Der Hintergrund: F\u00fcr das Schuljahr 2026\/2027 hatte die Schulverwaltung nach Beschluss der Politik im Jahr 2025 schon ein solches vorgezogenes Verfahren durchgef\u00fchrt, war aber mit dem Ergebnis nicht zufrieden. Der Grund: Der Beschluss war nicht mit der Einschr\u00e4nkung versehen worden, dass \u00fcber sogenannte Schuleinzugsbereiche Willicher Sch\u00fclerinnen und Sch\u00fcler bei der Anmeldung bevorzugt ber\u00fccksichtigt werden k\u00f6nnen.<\/p>\n","protected":false},"excerpt":{"rendered":"Die Willicher Schulverwaltung soll f\u00fcr das Schuljahr 2027\/2028 doch wieder ein \u201evorgezogenes Anmeldeverfahren\u201c f\u00fcr die weiterf\u00fchrenden Schulen durchf\u00fchren&hellip;\n","protected":false},"author":2,"featured_media":1112392,"comment_status":"","ping_status":"","sticky":false,"template":"","format":"standard","meta":{"footnotes":"","_share_on_mastodon":"0"},"categories":[1849],"tags":[4453,42257,10339,32743,11860,752,3364,29,548,663,68011,3934,30,9022,9906,13,4455,14,15,1209,12,966,235253,16476,42260,52825,17289,22955],"class_list":["post-1112391","post","type-post","status-publish","format-standard","has-post-thumbnail","category-moenchengladbach","tag-4453","tag-anmeldeverfahren","tag-antrag","tag-beantragen","tag-bezirksregierung","tag-bildung","tag-de","tag-deutschland","tag-eu","tag-europa","tag-europaschule","tag-europe","tag-germany","tag-gesamtschule","tag-gesamtschulen","tag-headlines","tag-moenchengladbach","tag-nachrichten","tag-news","tag-nordrhein-westfalen","tag-schlagzeilen","tag-schule","tag-schuleinzugsbereiche","tag-verfahren","tag-vorgezogene","tag-weiterfuehrende","tag-willich","tag-willicher"],"share_on_mastodon":{"url":"https:\/\/pubeurope.com\/@de\/116791652448355605","error":""},"_links":{"self":[{"href":"https:\/\/www.europesays.com\/de\/wp-json\/wp\/v2\/posts\/1112391","targetHints":{"allow":["GET"]}}],"collection":[{"href":"https:\/\/www.europesays.com\/de\/wp-json\/wp\/v2\/posts"}],"about":[{"href":"https:\/\/www.europesays.com\/de\/wp-json\/wp\/v2\/types\/post"}],"author":[{"embeddable":true,"href":"https:\/\/www.europesays.com\/de\/wp-json\/wp\/v2\/users\/2"}],"replies":[{"embeddable":true,"href":"https:\/\/www.europesays.com\/de\/wp-json\/wp\/v2\/comments?post=1112391"}],"version-history":[{"count":0,"href":"https:\/\/www.europesays.com\/de\/wp-json\/wp\/v2\/posts\/1112391\/revisions"}],"wp:featuredmedia":[{"embeddable":true,"href":"https:\/\/www.europesays.com\/de\/wp-json\/wp\/v2\/media\/1112392"}],"wp:attachment":[{"href":"https:\/\/www.europesays.com\/de\/wp-json\/wp\/v2\/media?parent=1112391"}],"wp:term":[{"taxonomy":"category","embeddable":true,"href":"https:\/\/www.europesays.com\/de\/wp-json\/wp\/v2\/categories?post=1112391"},{"taxonomy":"post_tag","embeddable":true,"href":"https:\/\/www.europesays.com\/de\/wp-json\/wp\/v2\/tags?post=1112391"}],"curies":[{"name":"wp","href":"https:\/\/api.w.org\/{rel}","templated":true}]}}