{"id":111243,"date":"2025-05-15T00:33:18","date_gmt":"2025-05-15T00:33:18","guid":{"rendered":"https:\/\/www.europesays.com\/de\/111243\/"},"modified":"2025-05-15T00:33:18","modified_gmt":"2025-05-15T00:33:18","slug":"christian-lindner-ex-fdp-chef-meldet-neuen-job","status":"publish","type":"post","link":"https:\/\/www.europesays.com\/de\/111243\/","title":{"rendered":"Christian Lindner: Ex-FDP-Chef meldet neuen Job"},"content":{"rendered":"<p>Ex-FDP Chef <\/p>\n<p>Christian Lindner meldet neuen Job<\/p>\n<p>14.05.2025 &#8211; 18:54 UhrLesedauer: 1 Min.<\/p>\n<p><a href=\"#focus-0\" class=\"transition-colors duration-200 focus-within:text-magenta block text-current relative\" data-sctrack=\"FocusGalleryImage.Reference\"><img fetchpriority=\"high\" data-testid=\"Opener.Image\" style=\"--lqipURL:url('https:\/\/images.t-online.de\/2025\/05\/rUUcws6a1zzI\/709x129:3134x1763\/fit-in\/150x0\/filters:blur(25)\/christian-lindner-er-fehlte-beim-zapfenstreich-fuer-olaf-scholz.jpg')\"   loading=\"eager\" src=\"https:\/\/www.europesays.com\/de\/wp-content\/uploads\/2025\/05\/christian-lindner-er-fehlte-beim-zapfenstreich-fuer-olaf-scholz.jpg\" alt=\"Christian Lindner: Er fehlte beim Zapfenstreich f\u00fcr Olaf Scholz.\" title=\"Christian Lindner: Er fehlte beim Zapfenstreich f\u00fcr Olaf Scholz.\" width=\"3134\" height=\"1763\" class=\"bg-[url:var(--lqipURL)] bg-cover bg-center flex w-full max-w-full h-full\" decoding=\"async\"\/><img style=\"--width:32;--height:32\" loading=\"lazy\" src=\"https:\/\/www.europesays.com\/de\/wp-content\/uploads\/2025\/03\/zoom-in.f7dae02f.svg.svg+xml\" alt=\"Vergr\u00f6\u00dfern des Bildes\" title=\"Vergr\u00f6\u00dfern des Bildes\" class=\"&#10;        block&#10;        h-[calc(var(--height)_\/_16_*_1rem)]&#10;        w-[calc(var(--width)_\/_16_*_1rem)]&#10;        max-w-none&#10;        absolute bottom-8 right-8 rounded-4 bg-snow p-8\" decoding=\"async\"\/><\/a><\/p>\n<p>Christian Lindner: Er will in Zukunft Redner und Autor sein. (Quelle: IMAGO \/ Jens Schicke)<\/p>\n<p class=\"font-bold text-18 leading-17\">Was macht eigentlich Christian Lindner? Der Bundesminister a. D. hat der Bundesregierung rechtskonform angezeigt, was er beruflich vorhat.<\/p>\n<p class=\"text-18 leading-17\">Der fr\u00fchere Finanzminister und scheidende FDP-Vorsitzende <a class=\"transition-colors duration-200 cursor-pointer text-inherit no-underline text-salemsfur md:hover:text-magenta md:hover:border-magenta md:focus:text-magenta border-current border-b border-solid break-words\" href=\"https:\/\/www.t-online.de\/themen\/christian-lindner\/\" data-sctrack=\"BodyAnchor\" rel=\"nofollow noopener\" target=\"_blank\">Christian Lindner<\/a> hat gr\u00fcnes Licht f\u00fcr eine neue T\u00e4tigkeit. In einer Bekanntmachung im Bundesanzeiger hei\u00dft es, Lindner habe der <a class=\"transition-colors duration-200 cursor-pointer text-inherit no-underline text-salemsfur md:hover:text-magenta md:hover:border-magenta md:focus:text-magenta border-current border-b border-solid break-words\" href=\"https:\/\/www.t-online.de\/themen\/bundesregierung\/\" data-sctrack=\"BodyAnchor\" rel=\"nofollow noopener\" target=\"_blank\">Bundesregierung<\/a> nach \u00a7 6a des Bundesministergesetzes angezeigt, als freiberuflicher Redner und Autor zu verschiedenen Anl\u00e4ssen t\u00e4tig werden zu wollen.<\/p>\n<p class=\"text-18 leading-17\">Die Bundesregierung habe auf Empfehlung des beratenden Gremiums beschlossen, dass gegen die Aufnahme dieser T\u00e4tigkeiten &#8222;keine Bedenken bestehen&#8220;, wird weiter mitgeteilt.<\/p>\n<p class=\"text-18 leading-17\">&#8222;Herr Lindner hat Einladungen insbesondere von internationalen Kongressen angenommen, um globale Entwicklungen einzuordnen. Dies wurde der Bundesregierung angezeigt&#8220;, sagte ein Sprecher der Deutschen Presse-Agentur. Lindner wird demnach unter anderem in Wien, Sofia und Z\u00fcrich auftreten. Weitere berufliche Entscheidungen treffe Lindner zu einem sp\u00e4teren Zeitpunkt.<\/p>\n<p class=\"text-18 leading-17\">Nach dem Gesetz m\u00fcssen Mitglieder der Bundesregierung Erwerbst\u00e4tigkeiten innerhalb der ersten 18 Monate nach ihrem Ausscheiden aus dem Amt schriftlich anzeigen. Die Bundesregierung kann diese f\u00fcr die Zeit der ersten 18 Monate &#8222;ganz oder teilweise untersagen, soweit zu besorgen ist, dass durch die Besch\u00e4ftigung \u00f6ffentliche Interessen beeintr\u00e4chtigt werden&#8220;.<\/p>\n<p class=\"text-18 leading-17\">Nach dem verpassten Wiedereinzug seiner Partei in den Bundestag hatte Lindner erkl\u00e4rt, sich vom Amt des Bundesvorsitzenden zur\u00fcckzuziehen. Noch in dieser Woche soll in <a class=\"transition-colors duration-200 cursor-pointer text-inherit no-underline text-salemsfur md:hover:text-magenta md:hover:border-magenta md:focus:text-magenta border-current border-b border-solid break-words\" href=\"https:\/\/www.t-online.de\/region\/berlin\/\" data-sctrack=\"BodyAnchor\" rel=\"nofollow noopener\" target=\"_blank\">Berlin<\/a> auf einem Bundesparteitag eine neue FDP-Spitze gew\u00e4hlt werden.<\/p>\n","protected":false},"excerpt":{"rendered":"Ex-FDP Chef Christian Lindner meldet neuen Job 14.05.2025 &#8211; 18:54 UhrLesedauer: 1 Min. Christian Lindner: Er will in&hellip;\n","protected":false},"author":2,"featured_media":111244,"comment_status":"","ping_status":"","sticky":false,"template":"","format":"standard","meta":{"footnotes":""},"categories":[5],"tags":[326,19931,1173,833,13,14,15,12,10,8,9,11],"class_list":{"0":"post-111243","1":"post","2":"type-post","3":"status-publish","4":"format-standard","5":"has-post-thumbnail","7":"category-nachrichten","8":"tag-326","9":"tag-bundesminister","10":"tag-bundesregierung","11":"tag-christian-lindner","12":"tag-headlines","13":"tag-nachrichten","14":"tag-news","15":"tag-schlagzeilen","16":"tag-top-news","17":"tag-top-meldungen","18":"tag-topmeldungen","19":"tag-topnews"},"share_on_mastodon":{"url":"https:\/\/pubeurope.com\/@de\/114509041084899087","error":""},"_links":{"self":[{"href":"https:\/\/www.europesays.com\/de\/wp-json\/wp\/v2\/posts\/111243","targetHints":{"allow":["GET"]}}],"collection":[{"href":"https:\/\/www.europesays.com\/de\/wp-json\/wp\/v2\/posts"}],"about":[{"href":"https:\/\/www.europesays.com\/de\/wp-json\/wp\/v2\/types\/post"}],"author":[{"embeddable":true,"href":"https:\/\/www.europesays.com\/de\/wp-json\/wp\/v2\/users\/2"}],"replies":[{"embeddable":true,"href":"https:\/\/www.europesays.com\/de\/wp-json\/wp\/v2\/comments?post=111243"}],"version-history":[{"count":0,"href":"https:\/\/www.europesays.com\/de\/wp-json\/wp\/v2\/posts\/111243\/revisions"}],"wp:featuredmedia":[{"embeddable":true,"href":"https:\/\/www.europesays.com\/de\/wp-json\/wp\/v2\/media\/111244"}],"wp:attachment":[{"href":"https:\/\/www.europesays.com\/de\/wp-json\/wp\/v2\/media?parent=111243"}],"wp:term":[{"taxonomy":"category","embeddable":true,"href":"https:\/\/www.europesays.com\/de\/wp-json\/wp\/v2\/categories?post=111243"},{"taxonomy":"post_tag","embeddable":true,"href":"https:\/\/www.europesays.com\/de\/wp-json\/wp\/v2\/tags?post=111243"}],"curies":[{"name":"wp","href":"https:\/\/api.w.org\/{rel}","templated":true}]}}