{"id":1112627,"date":"2026-06-22T06:02:15","date_gmt":"2026-06-22T06:02:15","guid":{"rendered":"https:\/\/www.europesays.com\/de\/1112627\/"},"modified":"2026-06-22T06:02:15","modified_gmt":"2026-06-22T06:02:15","slug":"mobbing-und-diskriminierung-neue-studie-zeigt-ausmass-der-gewalt-an-berliner-schulen-3","status":"publish","type":"post","link":"https:\/\/www.europesays.com\/de\/1112627\/","title":{"rendered":"Mobbing und Diskriminierung: Neue Studie zeigt Ausma\u00df der Gewalt an Berliner Schulen"},"content":{"rendered":"<p class=\"paragraph article__item\">Eine neue Studie soll Antworten auf die Frage liefern, welchen Umfang und welche Ursachen Gewalt, Mobbing und Diskriminierungen an Berliner Schulen haben. <a class=\"rtr-entity\" href=\"https:\/\/www.zeit.de\/thema\/berlin\" rel=\"nofollow noopener\" target=\"_blank\">Berlins<\/a> Bildungssenatorin Katharina G\u00fcnther-W\u00fcnsch (CDU) stellt die Ergebnisse (10.00 Uhr) zusammen mit den Professoren Ullrich Bauer von der Universit\u00e4t Bielefeld und Marc Grimm von der Universit\u00e4t Wuppertal vor.\u00a0\n<\/p>\n<p>Aktuelles<\/p>\n<p>                <a href=\"https:\/\/www.zeit.de\/gesellschaft\/zeitgeschehen\/2026-06\/notre-dame-de-betharram-frankreich-missbrauch-katholische-schule\" data-ct-label=\"Notre-Dame de B\u00e9tharram: Bericht sieht systemische Gewalt an katholischer Schule in Frankreich\" data-uuid=\"136e7680-835f-4ad8-80a0-26f62aa9428c\" rel=\"nofollow noopener\" target=\"_blank\"><\/p>\n<p>                        Notre-Dame de B\u00e9tharram:<br \/>\n                        Bericht sieht systemische Gewalt an katholischer Schule in Frankreich<\/p>\n<p>                <\/a><\/p>\n<p>                <a href=\"https:\/\/www.zeit.de\/wirtschaft\/2026-05\/us-truppen-deutschland-abzug-wirtschaft-kommunen-arbeitsplaetze-gxe\" data-ct-label=\"ZEW-Studie: US-Truppenabzug k\u00f6nnte mehr als 2.500 Arbeitspl\u00e4tze kosten\" data-uuid=\"39e31e7d-afe6-41e0-b216-c23d78c19256\" rel=\"nofollow noopener\" target=\"_blank\"><\/p>\n<p>                        ZEW-Studie:<br \/>\n                        US-Truppenabzug k\u00f6nnte mehr als 2.500 Arbeitspl\u00e4tze kosten<\/p>\n<p>                <\/a><\/p>\n<p>                <a href=\"https:\/\/www.zeit.de\/2026\/27\/extremismus-radikalisierung-fundamentalismus-marc-helbling-studie\" data-ct-label=\"Extremismus: \u00bbSie empfinden sich als bedeutungslos\u00ab\" data-uuid=\"15cf5b26-4b8b-4ee1-b4ac-12805fc675e7\" rel=\"nofollow noopener\" target=\"_blank\"><\/p>\n<p>                        Extremismus:<br \/>\n                        \u00bbSie empfinden sich als bedeutungslos\u00ab<\/p>\n<p>                <\/a><\/p>\n<p class=\"paragraph article__item\">F\u00fcr die Untersuchung wurden unter anderem Berliner Sch\u00fclerinnen und Sch\u00fcler sowie Lehrkr\u00e4fte befragt. Nach Angaben der Bildungsverwaltung legt Berlin mit dem Konflikt- und Gewaltbarometer als erstes Bundesland eine umfassende wissenschaftliche Untersuchung zu diesem Thema vor.\u00a0\n<\/p>\n<p class=\"paragraph article__item\">\u00abDie Studie schafft erstmals eine fundierte Grundlage, um Ursachen und Herausforderungen sichtbar zu machen, Entwicklungen einzuordnen und den weiteren Handlungsbedarf zu bestimmen.\u00bb Ein Ziel sei, herauszufinden, wie Schulen in der Pr\u00e4vention von Gewalt wirksam unterst\u00fctzt werden k\u00f6nnten.\n<\/p>\n<p class=\"paragraph article__item\">\u00a9 dpa-infocom, dpa:260622-930-260048\/1<\/p>\n","protected":false},"excerpt":{"rendered":"Eine neue Studie soll Antworten auf die Frage liefern, welchen Umfang und welche Ursachen Gewalt, Mobbing und Diskriminierungen&hellip;\n","protected":false},"author":2,"featured_media":1112628,"comment_status":"","ping_status":"","sticky":false,"template":"","format":"standard","meta":{"footnotes":"","_share_on_mastodon":"0"},"categories":[1825],"tags":[1941,1939,296,1937,29,2650,30,66981,5473,235282,1940,15,1938],"class_list":["post-1112627","post","type-post","status-publish","format-standard","has-post-thumbnail","category-berlin","tag-aktuelle-nachrichten-aus-berlin","tag-aktuelle-news-aus-berlin","tag-berlin","tag-berlin-news","tag-deutschland","tag-diskriminierung","tag-germany","tag-katharina-guenther-wuensch","tag-mobbing","tag-mobbing-und-diskriminierung","tag-nachrichten-aus-berlin","tag-news","tag-news-aus-berlin"],"share_on_mastodon":{"url":"https:\/\/pubeurope.com\/@de\/116792246071447927","error":""},"_links":{"self":[{"href":"https:\/\/www.europesays.com\/de\/wp-json\/wp\/v2\/posts\/1112627","targetHints":{"allow":["GET"]}}],"collection":[{"href":"https:\/\/www.europesays.com\/de\/wp-json\/wp\/v2\/posts"}],"about":[{"href":"https:\/\/www.europesays.com\/de\/wp-json\/wp\/v2\/types\/post"}],"author":[{"embeddable":true,"href":"https:\/\/www.europesays.com\/de\/wp-json\/wp\/v2\/users\/2"}],"replies":[{"embeddable":true,"href":"https:\/\/www.europesays.com\/de\/wp-json\/wp\/v2\/comments?post=1112627"}],"version-history":[{"count":0,"href":"https:\/\/www.europesays.com\/de\/wp-json\/wp\/v2\/posts\/1112627\/revisions"}],"wp:featuredmedia":[{"embeddable":true,"href":"https:\/\/www.europesays.com\/de\/wp-json\/wp\/v2\/media\/1112628"}],"wp:attachment":[{"href":"https:\/\/www.europesays.com\/de\/wp-json\/wp\/v2\/media?parent=1112627"}],"wp:term":[{"taxonomy":"category","embeddable":true,"href":"https:\/\/www.europesays.com\/de\/wp-json\/wp\/v2\/categories?post=1112627"},{"taxonomy":"post_tag","embeddable":true,"href":"https:\/\/www.europesays.com\/de\/wp-json\/wp\/v2\/tags?post=1112627"}],"curies":[{"name":"wp","href":"https:\/\/api.w.org\/{rel}","templated":true}]}}