{"id":111278,"date":"2025-05-15T00:52:12","date_gmt":"2025-05-15T00:52:12","guid":{"rendered":"https:\/\/www.europesays.com\/de\/111278\/"},"modified":"2025-05-15T00:52:12","modified_gmt":"2025-05-15T00:52:12","slug":"neue-hinweise-nach-aktenzeichen-xy-in-cold-case","status":"publish","type":"post","link":"https:\/\/www.europesays.com\/de\/111278\/","title":{"rendered":"Neue Hinweise nach &#8222;Aktenzeichen XY&#8220; in Cold Case"},"content":{"rendered":"<p>M\u00f6glicher Durchbruch in Cold Case <\/p>\n<p>Hinweise nach &#8222;Aktenzeichen XY&#8220;-Sendung zu Mordfall aus 1983<\/p>\n<p>15.05.2025 &#8211; 02:40 UhrLesedauer: 2 Min.<\/p>\n<p><a href=\"#focus-0\" class=\"transition-colors duration-200 focus-within:text-magenta block text-current relative\" data-sctrack=\"FocusGalleryImage.Reference\"><img fetchpriority=\"high\" data-testid=\"Opener.Image\" style=\"--lqipURL:url('https:\/\/images.t-online.de\/2024\/08\/9CL8mKv1Ieu2\/0x209:4000x2250\/fit-in\/150x0\/filters:blur(25)\/zdf-moderator-rudi-cerne-in-seinem-tv-studio-archivfoto-eine-vergewaltigung-aus-wilhelmsburg-erschuettert-den-moderator.jpg')\"   loading=\"eager\" src=\"https:\/\/www.europesays.com\/de\/wp-content\/uploads\/2025\/05\/zdf-moderator-rudi-cerne-in-seinem-tv-studio-archivfoto-eine-vergewaltigung-aus-wilhelmsburg-erschue.jpeg\" alt=\"ZDF-Moderator Rudi Cerne in seinem TV-Studio (Archivfoto): Eine Vergewaltigung aus Wilhelmsburg ersch\u00fcttert den Moderator.\" title=\"ZDF-Moderator Rudi Cerne in seinem TV-Studio (Archivfoto): Eine Vergewaltigung aus Wilhelmsburg ersch\u00fcttert den Moderator.\" width=\"4000\" height=\"2250\" class=\"bg-[url:var(--lqipURL)] bg-cover bg-center flex w-full max-w-full h-full\" decoding=\"async\"\/><img style=\"--width:32;--height:32\" loading=\"lazy\" src=\"https:\/\/www.europesays.com\/de\/wp-content\/uploads\/2025\/03\/zoom-in.f7dae02f.svg.svg+xml\" alt=\"Vergr\u00f6\u00dfern des Bildes\" title=\"Vergr\u00f6\u00dfern des Bildes\" class=\"&#10;        block&#10;        h-[calc(var(--height)_\/_16_*_1rem)]&#10;        w-[calc(var(--width)_\/_16_*_1rem)]&#10;        max-w-none&#10;        absolute bottom-8 right-8 rounded-4 bg-snow p-8\" decoding=\"async\"\/><\/a><\/p>\n<p>ZDF-Moderator Rudi Cerne (Archivbild): Die Kripo Bochum stuft die neuen Hinweise als vielversprechend ein. (Quelle: Uwe Koch\/Eibner-Pressefoto via www.imago-images.de\/imago)<\/p>\n<p class=\"font-bold text-18 leading-17\">Der Mord an Reiner Pommerening 1983 in Bochum war fast vergessen \u2013 bis jetzt. Zwei Zuschauer von &#8222;Aktenzeichen XY&#8220; haben offenbar denselben Mann erkannt.<\/p>\n<p class=\"text-18 leading-17\">Nach vier Jahrzehnten k\u00f6nnte sich ein grausamer Mordfall aus <a class=\"transition-colors duration-200 cursor-pointer text-inherit no-underline text-salemsfur md:hover:text-magenta md:hover:border-magenta md:focus:text-magenta border-current border-b border-solid break-words\" href=\"https:\/\/www.t-online.de\/themen\/bochum\/\" data-sctrack=\"BodyAnchor\" target=\"_blank\" rel=\"noopener\">Bochum<\/a> endlich aufkl\u00e4ren. Zwei Zuschauer meldeten sich unabh\u00e4ngig voneinander nach der Ausstrahlung des Falls in der ZDF-Sendung &#8222;Aktenzeichen XY&#8230; ungel\u00f6st&#8220;. Beide erkannten mutma\u00dflich einen Mann wieder, der dem gesuchten Begleiter des Opfers \u00e4hnelt \u2013 und beide erinnerten sich an dasselbe markante Detail.<\/p>\n<p class=\"text-18 leading-17\">Am 1. September 1983 hatte ein Sch\u00fcler auf einem Brachgel\u00e4nde an einer Bochumer Realschule eine verst\u00f6rende Entdeckung gemacht: In einem offenen Sickerschacht lag die Leiche eines unbekleideten Mannes. Das Opfer wies massive Verletzungen auf, darunter Brandflecken und Schnittwunden. Die Obduktion ergab zudem schwerste Verletzungen im Unterleib sowie Strangulationsmale. Nach Erkenntnissen der Ermittler war der 30-j\u00e4hrige Reiner-Josef Pommerening aus <a class=\"transition-colors duration-200 cursor-pointer text-inherit no-underline text-salemsfur md:hover:text-magenta md:hover:border-magenta md:focus:text-magenta border-current border-b border-solid break-words\" href=\"https:\/\/www.t-online.de\/region\/koeln\/\" data-sctrack=\"BodyAnchor\" target=\"_blank\" rel=\"noopener\">K\u00f6ln<\/a> vermutlich noch lebend in den Schacht geworfen worden.<\/p>\n<p class=\"text-18 leading-17\">Die Mordkommission rekonstruierte die letzten Tage des Opfers: Pommerening hatte im August 1983 bei einem Bekannten in K\u00f6ln \u00fcbernachtet und war in der Bahnhofsgegend auf den Strich gegangen. Ab dem 29. August wurde er mehrfach in der Homosexuellen-Szene gesehen \u2013 stets in Begleitung eines unbekannten Mannes. Dieser war damals etwa 30 bis 35 Jahre alt und trug eine auff\u00e4llige T\u00e4towierung am linken Unterarm: ein blaues Herz mit gekreuzten Schwertern.<\/p>\n<p class=\"text-18 leading-17\">Warum Pommerening drei Tage sp\u00e4ter tot in Bochum aufgefunden wurde, blieb unklar. Von seinem mysteri\u00f6sen Begleiter fehlte jahrzehntelang jede Spur \u2013 trotz vorhandener Phantombilder.<\/p>\n<p class=\"text-18 leading-17\">Die Kripo Bochum stuft die neuen Hinweise als vielversprechend ein. Erste Ermittlungen sind angelaufen. F\u00fcr sachdienliche Hinweise, die zur Ergreifung des T\u00e4ters f\u00fchren, ist eine Belohnung von 5.000 Euro ausgesetzt.<\/p>\n","protected":false},"excerpt":{"rendered":"M\u00f6glicher Durchbruch in Cold Case Hinweise nach &#8222;Aktenzeichen XY&#8220;-Sendung zu Mordfall aus 1983 15.05.2025 &#8211; 02:40 UhrLesedauer: 2&hellip;\n","protected":false},"author":2,"featured_media":111279,"comment_status":"","ping_status":"","sticky":false,"template":"","format":"standard","meta":{"footnotes":""},"categories":[1839],"tags":[14579,722,3176,7507,14466,3364,29,6373,3688,30,1420,983,2183,19613,1209,43385,15131,1448],"class_list":{"0":"post-111278","1":"post","2":"type-post","3":"status-publish","4":"format-standard","5":"has-post-thumbnail","7":"category-bochum","8":"tag-aktenzeichen-xy","9":"tag-722","10":"tag-3176","11":"tag-bochum","12":"tag-cold-case","13":"tag-de","14":"tag-deutschland","15":"tag-durchbruch","16":"tag-essen","17":"tag-germany","18":"tag-koeln","19":"tag-kripo","20":"tag-mord","21":"tag-mordfall","22":"tag-nordrhein-westfalen","23":"tag-reiner-pommerening","24":"tag-rudi-cerne","25":"tag-zdf"},"share_on_mastodon":{"url":"https:\/\/pubeurope.com\/@de\/114509115878348750","error":""},"_links":{"self":[{"href":"https:\/\/www.europesays.com\/de\/wp-json\/wp\/v2\/posts\/111278","targetHints":{"allow":["GET"]}}],"collection":[{"href":"https:\/\/www.europesays.com\/de\/wp-json\/wp\/v2\/posts"}],"about":[{"href":"https:\/\/www.europesays.com\/de\/wp-json\/wp\/v2\/types\/post"}],"author":[{"embeddable":true,"href":"https:\/\/www.europesays.com\/de\/wp-json\/wp\/v2\/users\/2"}],"replies":[{"embeddable":true,"href":"https:\/\/www.europesays.com\/de\/wp-json\/wp\/v2\/comments?post=111278"}],"version-history":[{"count":0,"href":"https:\/\/www.europesays.com\/de\/wp-json\/wp\/v2\/posts\/111278\/revisions"}],"wp:featuredmedia":[{"embeddable":true,"href":"https:\/\/www.europesays.com\/de\/wp-json\/wp\/v2\/media\/111279"}],"wp:attachment":[{"href":"https:\/\/www.europesays.com\/de\/wp-json\/wp\/v2\/media?parent=111278"}],"wp:term":[{"taxonomy":"category","embeddable":true,"href":"https:\/\/www.europesays.com\/de\/wp-json\/wp\/v2\/categories?post=111278"},{"taxonomy":"post_tag","embeddable":true,"href":"https:\/\/www.europesays.com\/de\/wp-json\/wp\/v2\/tags?post=111278"}],"curies":[{"name":"wp","href":"https:\/\/api.w.org\/{rel}","templated":true}]}}