{"id":1112808,"date":"2026-06-22T07:47:23","date_gmt":"2026-06-22T07:47:23","guid":{"rendered":"https:\/\/www.europesays.com\/de\/1112808\/"},"modified":"2026-06-22T07:47:23","modified_gmt":"2026-06-22T07:47:23","slug":"schnellere-hilfe-bei-herzstillstand-euregio-aktuell","status":"publish","type":"post","link":"https:\/\/www.europesays.com\/de\/1112808\/","title":{"rendered":"Schnellere Hilfe bei Herzstillstand &#8211; Euregio Aktuell"},"content":{"rendered":"<p>St\u00e4dteRegion Aachen. Im Notfall z\u00e4hlt jede Sekunde: das wei\u00df auch Marcel Kaldenbach aus Alsdorf. Mit seinem Engagement als Corhelper-Ersthelfer in der St\u00e4dteRegion Aachen seit 2021 erreicht er einen Spitzenwert bei den Einsatzzahlen. \u00dcber die App wurde er bereits zu 83 Eins\u00e4tzen alarmiert. Seit Bestehen des Ersthelfersystems gab es in der St\u00e4dteRegion insgesamt bisher 2430 Eins\u00e4tze. Um in Notsituationen noch schneller helfen zu k\u00f6nnen, erhielt Marcel Kaldenbach nun einen Automatisierten Externen Defibrillator (AED) von der Firma Szkoluda-Renovierungen. \u201eF\u00fcr uns als Ersthelfer gibt es nichts Wichtigeres, als die M\u00f6glichkeit, im Notfall bestm\u00f6glich helfen zu k\u00f6nnen. Der AED schenkt uns genau diese M\u00f6glichkeit\u201c, so Kaldenbach.<\/p>\n<p>Firmenchef Dominik Szkoluda und Marcel Kaldenbach verbindet dabei nicht nur das Engagement f\u00fcr die Hilfe am Menschen: Beide sind Mitglieder der Freiwilligen Feuerwehr Alsdorf im L\u00f6schzug Hoengen. Da sich bislang kein AED in unmittelbarer N\u00e4he befindet, stellt das Ger\u00e4t eine wichtige Unterst\u00fctzung f\u00fcr zuk\u00fcnftige Eins\u00e4tze dar. Durch die schnelle Verf\u00fcgbarkeit des AEDs k\u00f6nnen lebensrettende Ma\u00dfnahmen bei Herzstillst\u00e4nden k\u00fcnftig noch schneller eingeleitet werden.<\/p>\n<p>Rund 66 Defibrillatoren sind in der St\u00e4dteRegion erfasst, davon sind 41 frei zug\u00e4nglich. Damit die Standorte der angebrachten AEDs in der Region leichter erfasst und \u00fcberblickt werden k\u00f6nnen, besteht die M\u00f6glichkeit bereits bestehende Standorte zu melden. Zur Meldung gen\u00fcgt eine kurze E-Mail mit den Angaben zum AED an aed-meldung@staedteregion-aachen.de oder ersthelfer@staedteregion-aachen.de.<\/p>\n","protected":false},"excerpt":{"rendered":"St\u00e4dteRegion Aachen. Im Notfall z\u00e4hlt jede Sekunde: das wei\u00df auch Marcel Kaldenbach aus Alsdorf. Mit seinem Engagement als&hellip;\n","protected":false},"author":2,"featured_media":1112809,"comment_status":"","ping_status":"","sticky":false,"template":"","format":"standard","meta":{"footnotes":"","_share_on_mastodon":"0"},"categories":[1853],"tags":[1424,18026,235322,3364,29,235323,548,663,3934,30,13,235324,14,15,1209,4338,12,26848],"class_list":["post-1112808","post","type-post","status-publish","format-standard","has-post-thumbnail","category-aachen","tag-aachen","tag-alsdorf","tag-corhelper-ersthelfer","tag-de","tag-deutschland","tag-ersthilfe","tag-eu","tag-europa","tag-europe","tag-germany","tag-headlines","tag-lebensrettende-massnahmen","tag-nachrichten","tag-news","tag-nordrhein-westfalen","tag-notfall","tag-schlagzeilen","tag-staedteregion-aachen"],"share_on_mastodon":{"url":"https:\/\/pubeurope.com\/@de\/116792659021251775","error":""},"_links":{"self":[{"href":"https:\/\/www.europesays.com\/de\/wp-json\/wp\/v2\/posts\/1112808","targetHints":{"allow":["GET"]}}],"collection":[{"href":"https:\/\/www.europesays.com\/de\/wp-json\/wp\/v2\/posts"}],"about":[{"href":"https:\/\/www.europesays.com\/de\/wp-json\/wp\/v2\/types\/post"}],"author":[{"embeddable":true,"href":"https:\/\/www.europesays.com\/de\/wp-json\/wp\/v2\/users\/2"}],"replies":[{"embeddable":true,"href":"https:\/\/www.europesays.com\/de\/wp-json\/wp\/v2\/comments?post=1112808"}],"version-history":[{"count":0,"href":"https:\/\/www.europesays.com\/de\/wp-json\/wp\/v2\/posts\/1112808\/revisions"}],"wp:featuredmedia":[{"embeddable":true,"href":"https:\/\/www.europesays.com\/de\/wp-json\/wp\/v2\/media\/1112809"}],"wp:attachment":[{"href":"https:\/\/www.europesays.com\/de\/wp-json\/wp\/v2\/media?parent=1112808"}],"wp:term":[{"taxonomy":"category","embeddable":true,"href":"https:\/\/www.europesays.com\/de\/wp-json\/wp\/v2\/categories?post=1112808"},{"taxonomy":"post_tag","embeddable":true,"href":"https:\/\/www.europesays.com\/de\/wp-json\/wp\/v2\/tags?post=1112808"}],"curies":[{"name":"wp","href":"https:\/\/api.w.org\/{rel}","templated":true}]}}