{"id":1112820,"date":"2026-06-22T07:54:16","date_gmt":"2026-06-22T07:54:16","guid":{"rendered":"https:\/\/www.europesays.com\/de\/1112820\/"},"modified":"2026-06-22T07:54:16","modified_gmt":"2026-06-22T07:54:16","slug":"domspatz-aus-augsburg-landgericht-regensburg-lehnt-schadenersatz-nach-missbrauch-ab","status":"publish","type":"post","link":"https:\/\/www.europesays.com\/de\/1112820\/","title":{"rendered":"Domspatz aus Augsburg: Landgericht Regensburg lehnt Schadenersatz nach Missbrauch ab"},"content":{"rendered":"<p class=\"mb-6 text-xs-varying md:text-m lg:text-l font-serif group-[.font-sans]:font-sans \">\n    Die Klage auf Schadenersatz und Schmerzensgeld wegen sexuellen Missbrauchs gegen das Bistum Regensburg durch einen ehemaligen Sch\u00fcler der Domspatzen ist abgewiesen worden. Das geht aus einer Pressemitteilung des Landgerichts Regensburg vom Freitag hervor. Die Kammer sieht demnach die Anspr\u00fcche als verj\u00e4hrt an und bezeichnet die Argumente des Bistums nicht als \u201etreuwidrig und unwirksam\u201c. Beim Kl\u00e4ger handelt es sich um den 43-j\u00e4hrigen Matthias Podszus, der Wurzeln in <a href=\"https:\/\/augsburger-allgemeine.de\/augsburg-land\/ort\/Dinkelscherben\" target=\"_self\" class=\"underline \" rel=\"nofollow noopener\">Dinkelscherben<\/a> und <a href=\"https:\/\/www.augsburger-allgemeine.de\/augsburg\/\" target=\"_self\" class=\"underline \" rel=\"nofollow noopener\">Augsburg<\/a> hat. Als Kind lebte er einige Jahre im Internat der Domspatzen und wurde dort unter anderem vom damaligen Direktor der Vorschule, Johann Meier, <a href=\"https:\/\/www.augsburger-allgemeine.de\/bayern\/Nachruf-Georg-Ratzinger-der-grosse-Bruder-des-Papstes-ist-tot-id57581176.html\" target=\"_self\" class=\"underline \" rel=\"nofollow noopener\">wie viele andere Kinder auch, missbraucht<\/a>.\n  <\/p>\n<p class=\"mb-6 text-xs-varying md:text-m lg:text-l font-serif group-[.font-sans]:font-sans \">\n    Er sei zun\u00e4chst \u201e\u00fcberrascht, ersch\u00fcttert und schockiert\u201c gewesen, sagt Podszus im Gespr\u00e4ch mit unserer Redaktion \u00fcber die Entscheidung, von der er am Donnerstag erfahren hatte. Tags darauf sei er aber wieder \u201eganz der Alte\u201c \u2013 auch weil sich von sich aus mehrere Spender gemeldet h\u00e4tten, um sich an den Prozesskosten zu beteiligen. Podszus erw\u00e4gt nun, in Berufung zu gehen, dar\u00fcber entscheiden werde er innerhalb der n\u00e4chsten drei Wochen. \u201eDas tue ich aber nur, wenn wir Aussicht auf Erfolg haben\u201c, sagt er. Nat\u00fcrlich habe er sich schon jetzt einen anderen Ausgang gew\u00fcnscht, \u201eaber ich stehe weiterhin aufrecht\u201c. Er werde nicht aufgeben. Die erste Instanz habe er zwar verloren, nicht aber seine Stimme.\n  <\/p>\n<p>      <a href=\"https:\/\/www.augsburger-allgemeine.de\/augsburg-land\/missbrauchsfaelle-bei-den-domspatzen-ehemaliger-schueler-fordert-gerechtigkeit-114261079\" class=\"hidden  &#010;                md:block md:mr-5 md:min-w-[140px]  aspect-photo md:aspect-tv lg:aspect-tv w-fullXXX relative self-start inline overflow-hidden\" rel=\"nofollow noopener\" target=\"_blank\"><\/p>\n<p>    <img decoding=\"async\" src=\"\" alt=\"Der Dinkelscherbener Matthias Podszus ging im Internat der Regensburger Domspatzen zur Schule. Heute klagt er auf Wiedergutmachung, da er zu Schulzeiten Missbrauch erlebt hat.\" title=\"Der Dinkelscherbener Matthias Podszus ging im Internat der Regensburger Domspatzen zur Schule. Heute klagt er auf Wiedergutmachung, da er zu Schulzeiten Missbrauch erlebt hat.\" loading=\"lazy\" class=\"h-full w-full object-cover\"\/><br \/>\n   <\/a><\/p>\n<p>            Domspatzen: Matthias Podszus wirft Kirchenvertretern schweren sexuellen Missbrauch vor<\/p>\n<p class=\"mb-6 text-xs-varying md:text-m lg:text-l font-serif group-[.font-sans]:font-sans \">\n    Viele Menschen h\u00e4tten sich bei ihm gemeldet: \u201eBetroffene sexuellen Missbrauchs, Angeh\u00f6rige und Unterst\u00fctzer\u201c, teilt er mit. Der Kirche wirft er vor, \u201eMoral, Ethik und christliche Werte\u201c nicht zu achten. In seiner Klageschrift gegen das Bistum ist gar von \u201eFolterhandlungen\u201c die Rede. Unter sexuellem Missbrauch in der Schule sind dort konkret aufgef\u00fchrt \u201eQuetschen der Genitalien durch Direktor Meier\u201c, \u201eEinf\u00fchren von Gegenst\u00e4nden (anal)\u201c \u2013 oder: \u201eOralsex erzwungen\u201c. Auf insgesamt 1,2 Millionen Euro hatte Podszus geklagt, aufgeteilt auf 350.000 Euro Schmerzensgeld und weitere Summen, mit denen die Kirche f\u00fcr seinen Verdienstausfall und die Rente \u00fcber mehrere Jahre aufkommen soll, weil er infolge der erlittenen Traumata arbeitsunf\u00e4hig ist.\n  <\/p>\n<p class=\"mb-6 text-xs-varying md:text-m lg:text-l font-serif group-[.font-sans]:font-sans \">\n    Das Bistum hat Podszus\u2018 Vorw\u00fcrfe im Prozess nicht als unwahr dargestellt, <a href=\"https:\/\/www.justiz.bayern.de\/gerichte-und-behoerden\/landgericht\/regensburg\/presse\/2026\/6.php\" rel=\"nofollow noopener\" target=\"_blank\" class=\"underline \">hei\u00dft es in der Pressemitteilung des Landgerichts<\/a>. Angef\u00fchrt wurde demnach lediglich, dass das Bistum nicht wisse, was damals geschehen sei. <a href=\"https:\/\/www.augsburger-allgemeine.de\/panorama\/kirche-papst-benedikt-xvi-gibt-falschaussage-bei-missbrauchsgutachten-zu-id61574376.html\" target=\"_self\" class=\"underline \" rel=\"nofollow noopener\">Dass es in der Vorschule im Ort Pielenhofen zu Missbrauchsf\u00e4llen kam<\/a>, ist inzwischen bekannt und aufgearbeitet. Auch bei Podszus wurde bereits vor fast 30 Jahren \u00e4rztlich \u201eein sexueller Missbrauch durch einen fr\u00fcheren Schuldirektor\u201c festgestellt. <a href=\"https:\/\/www.augsburger-allgemeine.de\/politik\/15-jahre-missbrauchsskandal-kirche-und-staat-haben-versagt-104438865\" target=\"_self\" class=\"underline \" rel=\"nofollow noopener\">Freiwillige Entsch\u00e4digungen hat die Kirche bereits gezahlt<\/a>, Podszus sagt, in seinem Fall hat das Bistum 50.000 Euro festgelegt. Diese \u201eseien dem Bistum nicht als eigenes Anerkenntnis der Anspr\u00fcche des Kl\u00e4gers anzurechnen\u201c, h\u00e4lt das Gericht fest.\n  <\/p>\n<p class=\"mb-6 text-xs-varying md:text-m lg:text-l font-serif group-[.font-sans]:font-sans \">\n    Podszus und sein Anwalt Sven Markuske hatten argumentiert, dass die Verj\u00e4hrungsfrist nicht ab Tatzeitpunkt Anfang der Neunziger gilt, sondern im Moment der Retraumatisierung Podszus\u2018 einsetzt. \u00dcber zwei Jahrzehnte lang sei ihm nicht einmal klar gewesen, dass er misshandelt wurde, erz\u00e4hlt Podszus. Erst Jahrzehnte sp\u00e4ter habe er die Vorg\u00e4nge in der Vorschule begriffen, als andere ehemalige Domspatzen an die \u00d6ffentlichkeit gingen. In der Folge kehrten viele Erinnerungen Podszus\u2018 zur\u00fcck, dabei stellten sich Albtr\u00e4ume ein und Podszus ging in Therapie. \u00dcber die Verj\u00e4hrung hinaus f\u00fchrt das Bistum jedoch noch ein weiteres Argument gegen die Klage an: Es sei nicht zust\u00e4ndig. Tr\u00e4gerin der Schule ist demnach nicht das Bistum, sondern eine Stiftung.\n  <\/p>\n","protected":false},"excerpt":{"rendered":"Die Klage auf Schadenersatz und Schmerzensgeld wegen sexuellen Missbrauchs gegen das Bistum Regensburg durch einen ehemaligen Sch\u00fcler der&hellip;\n","protected":false},"author":2,"featured_media":1112821,"comment_status":"","ping_status":"","sticky":false,"template":"","format":"standard","meta":{"footnotes":"","_share_on_mastodon":"0"},"categories":[1846],"tags":[680,772,6588,3364,29,138936,548,663,3934,30,13,222758,222755,1920,14,15,1269,12946,12,8951,966],"class_list":["post-1112820","post","type-post","status-publish","format-standard","has-post-thumbnail","category-augsburg","tag-augsburg","tag-bayern","tag-bistum","tag-de","tag-deutschland","tag-dinkelscherben","tag-eu","tag-europa","tag-europe","tag-germany","tag-headlines","tag-johann-meier","tag-matthias-podszus","tag-missbrauch","tag-nachrichten","tag-news","tag-prozess","tag-regensburg","tag-schlagzeilen","tag-schmerzensgeld","tag-schule"],"share_on_mastodon":{"url":"https:\/\/pubeurope.com\/@de\/116792686458051514","error":""},"_links":{"self":[{"href":"https:\/\/www.europesays.com\/de\/wp-json\/wp\/v2\/posts\/1112820","targetHints":{"allow":["GET"]}}],"collection":[{"href":"https:\/\/www.europesays.com\/de\/wp-json\/wp\/v2\/posts"}],"about":[{"href":"https:\/\/www.europesays.com\/de\/wp-json\/wp\/v2\/types\/post"}],"author":[{"embeddable":true,"href":"https:\/\/www.europesays.com\/de\/wp-json\/wp\/v2\/users\/2"}],"replies":[{"embeddable":true,"href":"https:\/\/www.europesays.com\/de\/wp-json\/wp\/v2\/comments?post=1112820"}],"version-history":[{"count":0,"href":"https:\/\/www.europesays.com\/de\/wp-json\/wp\/v2\/posts\/1112820\/revisions"}],"wp:featuredmedia":[{"embeddable":true,"href":"https:\/\/www.europesays.com\/de\/wp-json\/wp\/v2\/media\/1112821"}],"wp:attachment":[{"href":"https:\/\/www.europesays.com\/de\/wp-json\/wp\/v2\/media?parent=1112820"}],"wp:term":[{"taxonomy":"category","embeddable":true,"href":"https:\/\/www.europesays.com\/de\/wp-json\/wp\/v2\/categories?post=1112820"},{"taxonomy":"post_tag","embeddable":true,"href":"https:\/\/www.europesays.com\/de\/wp-json\/wp\/v2\/tags?post=1112820"}],"curies":[{"name":"wp","href":"https:\/\/api.w.org\/{rel}","templated":true}]}}