{"id":1112872,"date":"2026-06-22T08:32:32","date_gmt":"2026-06-22T08:32:32","guid":{"rendered":"https:\/\/www.europesays.com\/de\/1112872\/"},"modified":"2026-06-22T08:32:32","modified_gmt":"2026-06-22T08:32:32","slug":"vorschau-aelbianische-musen-lust-musikalische-bluetezeiten-in-dresden","status":"publish","type":"post","link":"https:\/\/www.europesays.com\/de\/1112872\/","title":{"rendered":"Vorschau: Aelbianische Musen-Lust \u2013 Musikalische Bl\u00fctezeiten in Dresden"},"content":{"rendered":"<p>1539 wurde in Dresden die Reformation eingef\u00fchrt und damit der Grundstein f\u00fcr eine intensive Kunst- und Musikpflege gelegt. Insbesondere unter den beiden s\u00e4chsischen Kurf\u00fcrsten und polnischen K\u00f6nigen Friedrich August I. und Friedrich August II. entwickelte die Hofhaltung einschlie\u00dflich des musikalischen Geschehens einen enormen Glanz, der sowohl dem Repr\u00e4sentationsanspruch der Doppelherrschaft als auch den Neigungen der Regenten entsprach. Ihre Hofkapelle galt als eine der leistungsst\u00e4rksten in Europa. Zahlreiche Musiker und Komponisten, deren Namen noch heute in aller Munde sind, engagierten sich hier, in Dresden. So zum Beispiel Heinrich Sch\u00fctz (1585\u20131672), Jan Dismas Zelenka (1679\u20131745), Johann David Heinichen (1683\u20131729) und Johann Adolph Hasse (1699\u20131783).<\/p>\n<p>\u00a0<\/p>\n<p>Das Jugendbarockorchester Michaelsteiner Baroccaner pr\u00e4sentiert am Montag, dem 6. Juli um 11 Uhr, Werke von Dresdener Komponisten und schl\u00e4gt dabei eine Br\u00fccke vom 16. bis weit hinein in das 18. Jahrhundert. <strong>Der Eintritt ist frei.<\/strong><\/p>\n","protected":false},"excerpt":{"rendered":"1539 wurde in Dresden die Reformation eingef\u00fchrt und damit der Grundstein f\u00fcr eine intensive Kunst- und Musikpflege gelegt.&hellip;\n","protected":false},"author":2,"featured_media":1112873,"comment_status":"","ping_status":"","sticky":false,"template":"","format":"standard","meta":{"footnotes":"","_share_on_mastodon":"0"},"categories":[1835],"tags":[235335,73343,235336,235337,235338,3364,29,235339,2386,235340,235341,235342,235343,235344,235345,235346,235347,235348,235349,235350,235351,30,235352,140353,235353,235354,235355,235356,235357,235358,235359,235360,235361,235362,235363,235364,235365,235366,235367,70419,80,235368,235369,235370,235371,235372,235373,235374,235375,235376,235377,235378,235379,235380,235381,235382,235383,235384,859,235385,235386,235387],"class_list":["post-1112872","post","type-post","status-publish","format-standard","has-post-thumbnail","category-dresden","tag-aelbianische-musen-lust","tag-august-der-starke","tag-barockkomponisten","tag-barockmusik-dresden","tag-barockorchester","tag-de","tag-deutschland","tag-doppelherrschaft-sachsen-polen","tag-dresden","tag-dresden-musikgeschichte","tag-dresdner-barock","tag-dresdner-hofhaltung","tag-dresdner-hofkapelle","tag-dresdner-komponisten","tag-dresdner-kulturgeschichte","tag-dresdner-musikleben","tag-eintritt-frei-konzert","tag-europaeische-hofkapellen","tag-europaeische-musikgeschichte","tag-friedrich-august-i","tag-friedrich-august-ii","tag-germany","tag-glanzzeit-der-dresdner-hofkapelle","tag-heinrich-schuetz","tag-historische-auffuehrungspraxis","tag-historische-musikauffuehrung","tag-hofkultur-dresden","tag-hofmusik-dresden","tag-instrumentalmusik-barock","tag-jan-dismas-zelenka","tag-johann-adolph-hasse","tag-johann-david-heinichen","tag-jugendbarockorchester-michaelsteiner-baroccaner","tag-kirchenmusik-dresden","tag-klassische-konzerte-sachsen","tag-klassische-musik-dresden","tag-komponisten-des-barock","tag-konzert-6-juli","tag-konzert-dresden","tag-konzertreihe","tag-kultur","tag-kultur-in-dresden","tag-kulturdenkmal-musikgeschichte","tag-kulturveranstaltung-dresden","tag-kunstfoerderung-dresden","tag-michaelsteiner-baroccaner","tag-musik-des-16-jahrhunderts","tag-musik-des-17-jahrhunderts","tag-musik-des-18-jahrhunderts","tag-musikalische-bluetezeiten-dresden","tag-musikalisches-erbe-dresden","tag-musiker-am-dresdner-hof","tag-musikgeschichte-sachsen","tag-musikkultur-sachsen","tag-musikpflege-sachsen","tag-musiktradition-dresden","tag-polnische-koenige","tag-reformation-dresden-1539","tag-sachsen","tag-sachsen-kultur","tag-saechsische-kurfuersten","tag-werke-dresdner-komponisten"],"share_on_mastodon":{"url":"","error":"Validation failed: Text character limit of 500 exceeded"},"_links":{"self":[{"href":"https:\/\/www.europesays.com\/de\/wp-json\/wp\/v2\/posts\/1112872","targetHints":{"allow":["GET"]}}],"collection":[{"href":"https:\/\/www.europesays.com\/de\/wp-json\/wp\/v2\/posts"}],"about":[{"href":"https:\/\/www.europesays.com\/de\/wp-json\/wp\/v2\/types\/post"}],"author":[{"embeddable":true,"href":"https:\/\/www.europesays.com\/de\/wp-json\/wp\/v2\/users\/2"}],"replies":[{"embeddable":true,"href":"https:\/\/www.europesays.com\/de\/wp-json\/wp\/v2\/comments?post=1112872"}],"version-history":[{"count":0,"href":"https:\/\/www.europesays.com\/de\/wp-json\/wp\/v2\/posts\/1112872\/revisions"}],"wp:featuredmedia":[{"embeddable":true,"href":"https:\/\/www.europesays.com\/de\/wp-json\/wp\/v2\/media\/1112873"}],"wp:attachment":[{"href":"https:\/\/www.europesays.com\/de\/wp-json\/wp\/v2\/media?parent=1112872"}],"wp:term":[{"taxonomy":"category","embeddable":true,"href":"https:\/\/www.europesays.com\/de\/wp-json\/wp\/v2\/categories?post=1112872"},{"taxonomy":"post_tag","embeddable":true,"href":"https:\/\/www.europesays.com\/de\/wp-json\/wp\/v2\/tags?post=1112872"}],"curies":[{"name":"wp","href":"https:\/\/api.w.org\/{rel}","templated":true}]}}