{"id":1112907,"date":"2026-06-22T08:50:16","date_gmt":"2026-06-22T08:50:16","guid":{"rendered":"https:\/\/www.europesays.com\/de\/1112907\/"},"modified":"2026-06-22T08:50:16","modified_gmt":"2026-06-22T08:50:16","slug":"tolle-preise-zu-gewinnen-bei-vielfalt-gewinnt","status":"publish","type":"post","link":"https:\/\/www.europesays.com\/de\/1112907\/","title":{"rendered":"Tolle Preise zu gewinnen bei \u201eVielfalt gewinnt\u201d"},"content":{"rendered":"<p class=\"article-text\">M\u00fcnchen ist ein Hotspot der Artenvielfalt. Auf diesen einzigartigen Schatz will die Kampagne \u201eVielfalt gewinnt\u201c aufmerksam machen. Dazu verbindet sie Information, Spiel und Mitmach-Angebote. Die Aktion l\u00e4uft bis Sonntag, 19. Juli, und wird von Re:think M\u00fcnchen, der Kommunikationsmarke des Referats f\u00fcr Klima- und Umweltschutz, organisiert.<br \/>Im Mittelpunkt steht ein interaktives Quiz zum Thema Artenvielfalt, das online unter der Adresse <a href=\"https:\/\/rethink-muenchen.de\/quiz\" class=\"auto-detected-link\" target=\"_blank\" rel=\"nofollow noopener\">rethink-muenchen.de\/quiz<\/a> und vor Ort gespielt werden kann. Die Teilnehmer lernen spielerisch mehr \u00fcber die Tier- und Pflanzenwelt in M\u00fcnchen und k\u00f6nnen dabei attraktive Preise gewinnen \u2013 darunter nachhaltige Sport- und Freizeitprodukte.<\/p>\n","protected":false},"excerpt":{"rendered":"M\u00fcnchen ist ein Hotspot der Artenvielfalt. Auf diesen einzigartigen Schatz will die Kampagne \u201eVielfalt gewinnt\u201c aufmerksam machen. Dazu&hellip;\n","protected":false},"author":2,"featured_media":1112908,"comment_status":"","ping_status":"","sticky":false,"template":"","format":"standard","meta":{"footnotes":"","_share_on_mastodon":"0"},"categories":[1827],"tags":[1582,772,29,30,1268,4507,6237],"class_list":["post-1112907","post","type-post","status-publish","format-standard","has-post-thumbnail","category-muenchen","tag-allgemein","tag-bayern","tag-deutschland","tag-germany","tag-muenchen","tag-nachhaltigkeit","tag-natur"],"share_on_mastodon":{"url":"https:\/\/pubeurope.com\/@de\/116792906722130145","error":""},"_links":{"self":[{"href":"https:\/\/www.europesays.com\/de\/wp-json\/wp\/v2\/posts\/1112907","targetHints":{"allow":["GET"]}}],"collection":[{"href":"https:\/\/www.europesays.com\/de\/wp-json\/wp\/v2\/posts"}],"about":[{"href":"https:\/\/www.europesays.com\/de\/wp-json\/wp\/v2\/types\/post"}],"author":[{"embeddable":true,"href":"https:\/\/www.europesays.com\/de\/wp-json\/wp\/v2\/users\/2"}],"replies":[{"embeddable":true,"href":"https:\/\/www.europesays.com\/de\/wp-json\/wp\/v2\/comments?post=1112907"}],"version-history":[{"count":0,"href":"https:\/\/www.europesays.com\/de\/wp-json\/wp\/v2\/posts\/1112907\/revisions"}],"wp:featuredmedia":[{"embeddable":true,"href":"https:\/\/www.europesays.com\/de\/wp-json\/wp\/v2\/media\/1112908"}],"wp:attachment":[{"href":"https:\/\/www.europesays.com\/de\/wp-json\/wp\/v2\/media?parent=1112907"}],"wp:term":[{"taxonomy":"category","embeddable":true,"href":"https:\/\/www.europesays.com\/de\/wp-json\/wp\/v2\/categories?post=1112907"},{"taxonomy":"post_tag","embeddable":true,"href":"https:\/\/www.europesays.com\/de\/wp-json\/wp\/v2\/tags?post=1112907"}],"curies":[{"name":"wp","href":"https:\/\/api.w.org\/{rel}","templated":true}]}}