{"id":1112915,"date":"2026-06-22T08:54:31","date_gmt":"2026-06-22T08:54:31","guid":{"rendered":"https:\/\/www.europesays.com\/de\/1112915\/"},"modified":"2026-06-22T08:54:31","modified_gmt":"2026-06-22T08:54:31","slug":"mann-faellt-von-sup-board-und-ertrinkt-im-wandlitzsee","status":"publish","type":"post","link":"https:\/\/www.europesays.com\/de\/1112915\/","title":{"rendered":"Mann f\u00e4llt von SUP-Board und ertrinkt im Wandlitzsee"},"content":{"rendered":"<p>Ein Gro\u00dfaufgebot von Einsatzkr\u00e4ften ist daraufhin alarmiert worden. Ein Rettungshubschrauber mit einer W\u00e4rmebildkamera sowie eine Unterwasserdrohne der Feuerwehr wurden den Angaben zufolge zur Suche eingesetzt. Kurz nach 20 Uhr habe die Drohne die leblose Person entdeckt, die im Wasser trieb und anschlie\u00dfend von der Feuerwehr geborgen wurde.<\/p>\n<p>Seelsorger betreuten die Verwandten des Toten vor Ort. Die Polizei leitete ein Ermittlungsverfahren ein, um die genauen Umst\u00e4nde des Todes zu kl\u00e4ren.<\/p>\n<p>Der Wandlitzsee liegt rund 30 Kilometer n\u00f6rdlich von Berlin.<\/p>\n","protected":false},"excerpt":{"rendered":"Ein Gro\u00dfaufgebot von Einsatzkr\u00e4ften ist daraufhin alarmiert worden. Ein Rettungshubschrauber mit einer W\u00e4rmebildkamera sowie eine Unterwasserdrohne der Feuerwehr&hellip;\n","protected":false},"author":2,"featured_media":1112916,"comment_status":"","ping_status":"","sticky":false,"template":"","format":"standard","meta":{"footnotes":"","_share_on_mastodon":"0"},"categories":[1816],"tags":[1960,1958,1959,1957,138267,1956,1890,29,30,134296],"class_list":["post-1112915","post","type-post","status-publish","format-standard","has-post-thumbnail","category-brandenburg","tag-aktuelle-nachrichten-aus-berlin-und-brandenburg","tag-aktuelle-nachrichten-aus-brandenburg","tag-aktuelle-news-aus-berlin-und-brandenburg","tag-aktuelle-news-aus-brandenburg","tag-barnim","tag-berlin-und-brandenburg","tag-brandenburg","tag-deutschland","tag-germany","tag-rbb24tagesschau"],"share_on_mastodon":{"url":"https:\/\/pubeurope.com\/@de\/116792922426897296","error":""},"_links":{"self":[{"href":"https:\/\/www.europesays.com\/de\/wp-json\/wp\/v2\/posts\/1112915","targetHints":{"allow":["GET"]}}],"collection":[{"href":"https:\/\/www.europesays.com\/de\/wp-json\/wp\/v2\/posts"}],"about":[{"href":"https:\/\/www.europesays.com\/de\/wp-json\/wp\/v2\/types\/post"}],"author":[{"embeddable":true,"href":"https:\/\/www.europesays.com\/de\/wp-json\/wp\/v2\/users\/2"}],"replies":[{"embeddable":true,"href":"https:\/\/www.europesays.com\/de\/wp-json\/wp\/v2\/comments?post=1112915"}],"version-history":[{"count":0,"href":"https:\/\/www.europesays.com\/de\/wp-json\/wp\/v2\/posts\/1112915\/revisions"}],"wp:featuredmedia":[{"embeddable":true,"href":"https:\/\/www.europesays.com\/de\/wp-json\/wp\/v2\/media\/1112916"}],"wp:attachment":[{"href":"https:\/\/www.europesays.com\/de\/wp-json\/wp\/v2\/media?parent=1112915"}],"wp:term":[{"taxonomy":"category","embeddable":true,"href":"https:\/\/www.europesays.com\/de\/wp-json\/wp\/v2\/categories?post=1112915"},{"taxonomy":"post_tag","embeddable":true,"href":"https:\/\/www.europesays.com\/de\/wp-json\/wp\/v2\/tags?post=1112915"}],"curies":[{"name":"wp","href":"https:\/\/api.w.org\/{rel}","templated":true}]}}